{"id":3113,"date":"2024-04-26T01:21:46","date_gmt":"2024-04-25T22:21:46","guid":{"rendered":"https:\/\/kolektifmucadele1.org\/?p=3113"},"modified":"2025-10-07T16:00:50","modified_gmt":"2025-10-07T13:00:50","slug":"fhkc-amerikan-universitelerindeki-ogrenci-eylemlerini-selamladi","status":"publish","type":"post","link":"https:\/\/kolektifmucadele1.org\/index.php\/2024\/04\/26\/fhkc-amerikan-universitelerindeki-ogrenci-eylemlerini-selamladi\/","title":{"rendered":"FHKC, Amerikan \u00fcniversitelerindeki \u00f6\u011frenci eylemlerini selamlad\u0131"},"content":{"rendered":"\n<p>Amerikan \u00fcniversitelerinde giderek yay\u0131lan Filistin\u2019le dayan\u0131\u015fma eylemlerini selamlayan FHKC, \u00fcniversite y\u00f6netimlerinin \u00f6\u011frencilere d\u00f6n\u00fck bask\u0131lar\u0131na da tepki g\u00f6sterdi<\/p>\n\n\n\n<p>Amerikan \u00fcniversitelerinde giderek yay\u0131lan Filistin\u2019le dayan\u0131\u015fma eylemlerini selamlayan FHKC, \u00fcniversite y\u00f6netimlerinin \u00f6\u011frencilere d\u00f6n\u00fck bask\u0131lar\u0131na da tepki g\u00f6sterdi. FHKC, \u00f6\u011frencilerin dayan\u0131\u015fma eylemlerinin s\u00fcrd\u00fcr\u00fclmesi ve \u00f6\u011frencilerin birli\u011finin g\u00fc\u00e7lendirilmesi \u00e7a\u011fr\u0131s\u0131nda bulundu.<\/p>\n\n\n\n<p>Filistin Halk Kurtulu\u015f Cephesi (FHKC), Amerika Birle\u015fik Devletleri\u2019nde (ABD) yer alan \u00fcniversitelerde y\u00fczlerce \u00f6\u011frenci taraf\u0131ndan ger\u00e7ekle\u015ftirilen ve giderek yay\u0131lan Filistin\u2019le dayan\u0131\u015fma eylemlerini selamlad\u0131.<\/p>\n\n\n\n<p>FHKC taraf\u0131ndan yap\u0131lan yaz\u0131l\u0131 a\u00e7\u0131klamada, ABD\u2019deki \u00fcniversite y\u00f6netimlerinin \u00f6\u011frencilere d\u00f6n\u00fck bask\u0131c\u0131 pratikleri k\u0131nan\u0131rken, Filistin\u2019e destek i\u00e7in ortaya \u00e7\u0131kan \u00f6\u011frenci hareketi selamland\u0131. A\u00e7\u0131klamada \u015fu ifadelere yer verildi:<\/p>\n\n\n\n<p>\u201cGazze \u015eeridi\u2019ndeki Filistin halk\u0131na d\u00f6n\u00fck soyk\u0131r\u0131m sava\u015f\u0131n\u0131n ve Do\u011fu Kud\u00fcs ile Bat\u0131 \u015eeria\u2019daki vah\u015fi siyonist uygulamalar\u0131n, Amerikan y\u00f6netimi ve Bat\u0131l\u0131 s\u00f6m\u00fcrgeci \u00fclkelerin i\u015fbirli\u011fiyle siyonist i\u015fgal taraf\u0131ndan s\u00fcrd\u00fcr\u00fcld\u00fc\u011f\u00fc, i\u015fgal ordusunun 200 g\u00fcn\u00fc a\u015fk\u0131n s\u00fcredir insanl\u0131k tarihinin daha \u00f6nce tan\u0131kl\u0131k etmedi\u011fi katliamlar ve su\u00e7lar i\u015fledi\u011fi bir zamanda, ve d\u00fcnyadaki b\u00fct\u00fcn bar\u0131\u015flar\u0131n\u0131n Filistin halk\u0131n\u0131n hakl\u0131 davas\u0131n\u0131n yan\u0131nda durdu\u011fu bir zamanda, siyonist \u0131rk\u00e7\u0131l\u0131\u011f\u0131n \u00e7irkin y\u00fcz\u00fc net bir \u015fekilde g\u00f6r\u00fcn\u00fcyor.<\/p>\n\n\n\n<p>Amerikan \u00fcniversitelerindeki \u00f6\u011frenciler \u00fcniversite y\u00f6netimlerinden destek ve dayan\u0131\u015fma beklerken, kendi \u00e7\u0131karlar\u0131n\u0131 insani de\u011ferlerin \u00fczerinde tutan \u00fcniversite y\u00f6netimleri sadece Filistin halk\u0131n\u0131n yan\u0131nda olduklar\u0131 ve Filistinlilerin me\u015fru; \u00f6zg\u00fcrl\u00fck ve onur m\u00fccadelesini destekledikleri i\u00e7in \u00f6\u011frencilere ve \u00e7al\u0131\u015fanlara d\u00f6n\u00fck bir dizi cezaland\u0131r\u0131c\u0131 karar ald\u0131lar ve onlar\u0131 tehdit ettiler.<\/p>\n\n\n\n<p>Bu y\u00f6netimler kendi \u00e7\u0131karlar\u0131n\u0131 Filistin halk\u0131n\u0131n kan\u0131 \u00fczerinde tutuyor ve Arap ve M\u00fcsl\u00fcman \u00f6\u011frencilere d\u00f6n\u00fck nefret s\u00f6yleminde bulunuyor, \u00f6\u011frenci organizasyonlar\u0131n\u0131n izinlerini iptal ediyor ve bunu yaparak ABD\u2019deki \u00fcniversitelerdeki \u00f6\u011frencilerin m\u00fccadelesini bast\u0131rabilece\u011fini san\u0131yor.<\/p>\n\n\n\n<p>FHKC olarak, Columbia, Rutgers, Yale, Stanford ve daha pek \u00e7ok \u00fcniversitede, Filistin\u2019de Adalet i\u00e7in \u00d6\u011frenciler (Students for Justice in Palestine\/SJP) ve Filistinli Gen\u00e7lik Hareketi\u2019nin (Palestinian Youth Movement\/PYM) eylemlerini, \u00f6\u011frenci gen\u00e7li\u011fin m\u00fccadelesini kararl\u0131l\u0131kla destekliyoruz. \u00d6\u011frencilerin birli\u011finin ve Amerikan \u00fcniversitelerinin siyonist rejimle t\u00fcm ili\u015fkilerinin kesilmesi i\u00e7in verdikleri m\u00fccadelenin y\u00fckseltilmesi \u00e7a\u011fr\u0131s\u0131nda bulunuyoruz.\u201d<\/p>\n\n\n\n<p>Kaynak: ETHA<\/p>\n","protected":false},"excerpt":{"rendered":"<p>Amerikan \u00fcniversitelerinde giderek yay\u0131lan Filistin\u2019le dayan\u0131\u015fma eylemlerini&#46;&#46;&#46;<\/p>\n","protected":false},"author":3,"featured_media":3114,"comment_status":"closed","ping_status":"closed","sticky":false,"template":"","format":"standard","meta":{"footnotes":""},"categories":[11],"tags":[],"manset":[],"class_list":["post-3113","post","type-post","status-publish","format-standard","has-post-thumbnail","hentry","category-dunya"],"amp_enabled":true,"_links":{"self":[{"href":"https:\/\/kolektifmucadele1.org\/index.php\/wp-json\/wp\/v2\/posts\/3113","targetHints":{"allow":["GET"]}}],"collection":[{"href":"https:\/\/kolektifmucadele1.org\/index.php\/wp-json\/wp\/v2\/posts"}],"about":[{"href":"https:\/\/kolektifmucadele1.org\/index.php\/wp-json\/wp\/v2\/types\/post"}],"author":[{"embeddable":true,"href":"https:\/\/kolektifmucadele1.org\/index.php\/wp-json\/wp\/v2\/users\/3"}],"replies":[{"embeddable":true,"href":"https:\/\/kolektifmucadele1.org\/index.php\/wp-json\/wp\/v2\/comments?post=3113"}],"version-history":[{"count":1,"href":"https:\/\/kolektifmucadele1.org\/index.php\/wp-json\/wp\/v2\/posts\/3113\/revisions"}],"predecessor-version":[{"id":3115,"href":"https:\/\/kolektifmucadele1.org\/index.php\/wp-json\/wp\/v2\/posts\/3113\/revisions\/3115"}],"wp:featuredmedia":[{"embeddable":true,"href":"https:\/\/kolektifmucadele1.org\/index.php\/wp-json\/wp\/v2\/media\/3114"}],"wp:attachment":[{"href":"https:\/\/kolektifmucadele1.org\/index.php\/wp-json\/wp\/v2\/media?parent=3113"}],"wp:term":[{"taxonomy":"category","embeddable":true,"href":"https:\/\/kolektifmucadele1.org\/index.php\/wp-json\/wp\/v2\/categories?post=3113"},{"taxonomy":"post_tag","embeddable":true,"href":"https:\/\/kolektifmucadele1.org\/index.php\/wp-json\/wp\/v2\/tags?post=3113"},{"taxonomy":"manset","embeddable":true,"href":"https:\/\/kolektifmucadele1.org\/index.php\/wp-json\/wp\/v2\/manset?post=3113"}],"curies":[{"name":"wp","href":"https:\/\/api.w.org\/{rel}","templated":true}]}}