{"id":3116,"date":"2024-04-26T12:39:06","date_gmt":"2024-04-26T09:39:06","guid":{"rendered":"https:\/\/kolektifmucadele1.org\/?p=3116"},"modified":"2024-04-26T12:39:07","modified_gmt":"2024-04-26T09:39:07","slug":"27-nisan-turkiye-devriminin-manifestosudur","status":"publish","type":"post","link":"https:\/\/kolektifmucadele1.org\/index.php\/2024\/04\/26\/27-nisan-turkiye-devriminin-manifestosudur\/","title":{"rendered":"27 N\u0130SAN T\u00dcRK\u0130YE DEVR\u0130M\u0130N\u0130N MAN\u0130FESTOSUDUR!"},"content":{"rendered":"\n<p>\u2018\u2019Biz d\u00fc\u015fece\u011fiz ama kavga mutlaka s\u00fcrecek\u2026\u2019\u2019(Orhan Y\u0131lmazkaya)<\/p>\n\n\n\n<p>Orhan yolda\u015f\u0131n ya\u015fam\u0131, duru\u015fu ve geride b\u0131rakt\u0131\u011f\u0131 m\u00fccadele miras\u0131; Emperyalizme, fa\u015fizme, Siyonizme kar\u015f\u0131 m\u00fccadele \u00e7a\u011fr\u0131s\u0131d\u0131r.<\/p>\n\n\n\n<p>O bize kavgay\u0131 hat\u0131rlatt\u0131, fa\u015fizm kar\u015f\u0131s\u0131nda devrimci duru\u015fu, kararl\u0131\u011f\u0131 ve inanc\u0131 bir kez daha g\u00f6sterdi.<\/p>\n\n\n\n<p>O kendisinde \u00f6nceki devrimci direni\u015f ve feday\u0131 ruhun nas\u0131l ya\u015fat\u0131laca\u011f\u0131n\u0131 bir kez daha \u00f6rne\u011fi oldu. Mahir \u00c7ayan, Deniz Gezmi\u015f, \u0130brahim Kaypakkaya ve onlar\u0131n ard\u0131llar\u0131n\u0131n devrim m\u00fccadelesinde yarat\u0131klar\u0131 de\u011fer ve birikimi herkese hat\u0131rlatt\u0131. Onlar\u0131n fa\u015fizme kar\u015f\u0131 ba\u015fkald\u0131r\u0131s\u0131n\u0131 ve \u00f6l\u00fcm kar\u015f\u0131s\u0131nda bile devrim yolundan sapmayan iradelerini bir kez daha g\u00f6sterdi.<\/p>\n\n\n\n<p>27 Nisan destans\u0131 direni\u015fi, kararl\u0131l\u0131\u011f\u0131n, davaya ve halklara ba\u011fl\u0131l\u0131\u011f\u0131n, devrim u\u011fruna kendini adaman\u0131n ad\u0131 oldu.<\/p>\n\n\n\n<p>Bug\u00fcn 27 Nisan\u2019da \u00f6l\u00fcms\u00fczle\u015fen Orhan yolda\u015f\u0131 and\u0131\u011f\u0131m\u0131z g\u00fcnlerde onun destans\u0131 direni\u015finin do\u011fdu\u011fu ko\u015fular\u0131n benzerini ya\u015f\u0131yoruz. T\u00fcrkiye devrimci harek\u00e2t\u0131n\u0131n b\u00fcy\u00fck bir tasfiyecilikle y\u00fcz y\u00fcze oldu\u011fu ko\u015fulard\u0131. Devrimci m\u00fccadele, radikalizmin tasfiye edildi\u011fi, legalizm\u0131 her \u015fey olarak g\u00f6r\u00fcld\u00fc\u011f\u00fc ko\u015fulard\u0131. O s\u00fcre\u00e7te \u2018Beyo\u011flu sosyalistli\u011fi\u2019 olarak tan\u0131mlad\u0131\u011f\u0131m\u0131z, en b\u00fcy\u00fck devrimci eylem olarak yap\u0131lan bas\u0131n a\u00e7\u0131klamalar\u0131na indirgenene bir devrimcilik \u00f6n plandayd\u0131.<\/p>\n\n\n\n<p>Bug\u00fcnde benzer bir tasfiyecilikle y\u00fcz y\u00fczeyiz. Fa\u015fizmin parlamentosu ve onun se\u00e7im oyunlar\u0131n\u0131n kulvar\u0131na hapsolmu\u015f, orda medet umman, illegal m\u00fccadele ve radikalizmi unutan\/ unutturmaya \u00e7al\u0131\u015fan bir y\u00f6nelimle y\u00fczs\u00fczeyiz.<\/p>\n\n\n\n<p>O s\u00fcre\u00e7te (27 N\u0131san2009) Orhan yolda\u015f\u0131n yarat\u0131\u011f\u0131 direni\u015f ve bu direni\u015fin etkisiyle fa\u015fizmin barikatlar\u0131 y\u0131k\u0131larak yasak denen 1 May\u0131s alan\u0131 Taksime kitleler ak\u0131n ederek, Taksim K\u0131z\u0131l taksime d\u00f6n\u00fc\u015ft\u00fcr\u00fcld\u00fc. Ard\u0131nda Gezi Haziran, ba\u015fkald\u0131r\u0131s\u0131 ve y\u00fckselen m\u00fccadele ufkunu yeniden radikal, ba\u015fkald\u0131r\u0131 m\u00fccadeleye \u00e7evirmi\u015ftir. Bu yeniden y\u00fckselen y\u00f6nelim kendisine K\u00fcrdistan \u00f6zg\u00fcrl\u00fck alanlar\u0131na y\u00f6nelimi g\u00fc\u00e7lendirdi. 2006 Medya savunma alanlar\u0131nda e\u011fitimini tamamlayarak ayr\u0131l\u0131rken Orhan yolda\u015f yapt\u0131\u011f\u0131 konu\u015fmada; \u2018biz \u00e7ok iyi biliyoruz ki bizden sonra gelenler ayak izlerimizi takip edeceklerdir\u2026\u2019 i\u015fte yolda\u015f\u0131n belirlemesi toplumsal m\u00fccadelede k\u0131sac\u0131k bile denmeyecek bir d\u00f6nemde ger\u00e7ekle\u015fiyordu.<\/p>\n\n\n\n<p>Ard\u0131nda Rojava devrimi ve kitlelerde y\u00fckselen devrimci dinamizm kendini Rojava\u2019ya, Kobani\u2019ye ta\u015f\u0131m\u0131\u015ft\u0131r. Bir\u00e7ok devrimci yap\u0131 bu y\u00f6nelim pe\u015finde gitmek zorunda kald\u0131 dersek hi\u00e7te yanl\u0131\u015f olmayacakt\u0131r.<\/p>\n\n\n\n<p>\u0130\u015fte bug\u00fcnde ya\u015fad\u0131\u011f\u0131m\u0131z benzer ko\u015fularda yeni aray\u0131\u015flar, ya da nas\u0131l olaca\u011f\u0131n\u0131 aramak de\u011fildir. Orhan yolda\u015f ve devrimci hareketin o g\u00fcnk\u00fc y\u00f6nelimi ve ortaya koydu\u011fu perspektif, pratik bug\u00fcn\u00fcn yan\u0131t\u0131n\u0131 vermektedir bizlere.<\/p>\n\n\n\n<p>Ya\u015fad\u0131\u011f\u0131m\u0131z baz\u0131 olumsuzluk ve yetersizlikler, yanl\u0131\u015f y\u00f6nelim ve baz\u0131 k\u0131r\u0131lmalar sonucu devrimci hareket olarak kendi \u00e7izgimiz ve y\u00f6nelimiz de geriye d\u00fc\u015f\u00fc\u015fler ya\u015fad\u0131k. Dolays\u0131yla Orhan yolda\u015f\u0131n bizlere b\u0131rakt\u0131\u011f\u0131 miras\u0131 geli\u015ftiren, ilerleten olamad\u0131k. Bunun i\u00e7indir ki bug\u00fcn bunlar\u0131 bilince \u00e7\u0131karm\u0131\u015f olmak ve gerekli ele\u015ftiri-\u00f6zele\u015ftirimizi yaparak \u015fimdi Orhan\u2019la\u015fma zaman\u0131 diyoruz. \u0130\u00e7ine d\u00fc\u015ft\u00fc\u011f\u00fcm\u00fcz geriye d\u00fc\u015f\u00fc\u015fleri sonland\u0131rarak ileriye at\u0131lma zaman\u0131\u2026<\/p>\n\n\n\n<p>K\u0131z\u0131ldere\u2019den 27 Nisan\u2019a \u00f6nc\u00fclerimizin bizlere g\u00f6sterdikleri; Halklar\u0131n kurtulu\u015fu ve sosyalizm hedefine ula\u015fmak, \u00f6zg\u00fcr bir gelecek in\u015fa etmenin ve insanl\u0131\u011f\u0131n ger\u00e7ek kurtulu\u015fu devrimdir. Devrimde ancak u\u011fruna bedelleri g\u00f6ze almakla m\u00fcmk\u00fcnd\u00fcr. Bug\u00fcn bizlere d\u00fc\u015fende \u00f6nc\u00fclerimizin c\u00fcretini ku\u015fanmak ve onlar\u0131n b\u0131rakt\u0131\u011f\u0131 miras \u00fczerinde m\u00fccadeleyi y\u00fckseltmektir.<\/p>\n\n\n\n<p>Bunun i\u00e7indir ki halklar\u0131m\u0131z\u0131n kurtulu\u015f d\u00fc\u015f\u00fcn\u00fc ger\u00e7ek k\u0131lacak olan devrimci sava\u015f\u00e7\u0131 \u00e7izgidir. Devrim m\u00fccadelesinde zafere ula\u015fman\u0131n en kopmaz ba\u011flarla in\u015fa edili\u015finin prati\u011fi bu y\u00f6nelimdir.<\/p>\n\n\n\n<p>Orhan yolda\u015fta ald\u0131\u011f\u0131m\u0131z direni\u015f ve m\u00fccadele ruhunu zafere ta\u015f\u0131yaca\u011f\u0131z!<\/p>\n\n\n\n<p>27 Nisan devrimci m\u00fccadelenin destans\u0131 direni\u015fi ve onurudur, yol g\u00f6stericisidir. \u2018Onlara s\u00f6z\u00fcm\u00fcz devrim olacak\u2019 \u015fiar\u0131yla m\u00fccadeleyi zafere ta\u015f\u0131yan, insanl\u0131\u011f\u0131n ger\u00e7ek kurtulu\u015f olan sosyalizm ve kom\u00fcnizm idealine kadar s\u00fcrd\u00fcrece\u011fiz.<\/p>\n\n\n\n<p>Tek Yol Devrim!<\/p>\n\n\n\n<p>Komutan Orhan Y\u0131lmazkaya Yolda\u015f \u00d6l\u00fcms\u00fczd\u00fcr!<\/p>\n\n\n\n<p>Kavga S\u00fcr\u00fcyor!<\/p>\n\n\n\n<p>Ya\u015fas\u0131n Devrim ve Sosyalizm!<\/p>\n","protected":false},"excerpt":{"rendered":"<p>\u2018\u2019Biz d\u00fc\u015fece\u011fiz ama kavga mutlaka s\u00fcrecek\u2026\u2019\u2019(Orhan Y\u0131lmazkaya)&#46;&#46;&#46;<\/p>\n","protected":false},"author":3,"featured_media":3117,"comment_status":"open","ping_status":"open","sticky":false,"template":"","format":"standard","meta":{"footnotes":""},"categories":[29],"tags":[],"manset":[],"class_list":["post-3116","post","type-post","status-publish","format-standard","has-post-thumbnail","hentry","category-manset"],"amp_enabled":true,"_links":{"self":[{"href":"https:\/\/kolektifmucadele1.org\/index.php\/wp-json\/wp\/v2\/posts\/3116","targetHints":{"allow":["GET"]}}],"collection":[{"href":"https:\/\/kolektifmucadele1.org\/index.php\/wp-json\/wp\/v2\/posts"}],"about":[{"href":"https:\/\/kolektifmucadele1.org\/index.php\/wp-json\/wp\/v2\/types\/post"}],"author":[{"embeddable":true,"href":"https:\/\/kolektifmucadele1.org\/index.php\/wp-json\/wp\/v2\/users\/3"}],"replies":[{"embeddable":true,"href":"https:\/\/kolektifmucadele1.org\/index.php\/wp-json\/wp\/v2\/comments?post=3116"}],"version-history":[{"count":1,"href":"https:\/\/kolektifmucadele1.org\/index.php\/wp-json\/wp\/v2\/posts\/3116\/revisions"}],"predecessor-version":[{"id":3118,"href":"https:\/\/kolektifmucadele1.org\/index.php\/wp-json\/wp\/v2\/posts\/3116\/revisions\/3118"}],"wp:featuredmedia":[{"embeddable":true,"href":"https:\/\/kolektifmucadele1.org\/index.php\/wp-json\/wp\/v2\/media\/3117"}],"wp:attachment":[{"href":"https:\/\/kolektifmucadele1.org\/index.php\/wp-json\/wp\/v2\/media?parent=3116"}],"wp:term":[{"taxonomy":"category","embeddable":true,"href":"https:\/\/kolektifmucadele1.org\/index.php\/wp-json\/wp\/v2\/categories?post=3116"},{"taxonomy":"post_tag","embeddable":true,"href":"https:\/\/kolektifmucadele1.org\/index.php\/wp-json\/wp\/v2\/tags?post=3116"},{"taxonomy":"manset","embeddable":true,"href":"https:\/\/kolektifmucadele1.org\/index.php\/wp-json\/wp\/v2\/manset?post=3116"}],"curies":[{"name":"wp","href":"https:\/\/api.w.org\/{rel}","templated":true}]}}