{"id":3177,"date":"2024-05-05T23:07:39","date_gmt":"2024-05-05T20:07:39","guid":{"rendered":"https:\/\/kolektifmucadele1.org\/?p=3177"},"modified":"2024-05-05T23:07:39","modified_gmt":"2024-05-05T20:07:39","slug":"istanbulda-1-mayis-baskinlari-devam-ediyor-gozaltina-alinanlar-yarin-savciliga-sevk-edilecek","status":"publish","type":"post","link":"https:\/\/kolektifmucadele1.org\/index.php\/2024\/05\/05\/istanbulda-1-mayis-baskinlari-devam-ediyor-gozaltina-alinanlar-yarin-savciliga-sevk-edilecek\/","title":{"rendered":"\u0130stanbul&#8217;da &#8216;1 May\u0131s&#8217; bask\u0131nlar\u0131 devam ediyor: G\u00f6zalt\u0131na al\u0131nanlar yar\u0131n savc\u0131l\u0131\u011fa sevk edilecek"},"content":{"rendered":"\n<p>1 May\u0131s Emek ve Dayan\u0131\u015fma G\u00fcn\u00fc&#8217;nde kutlamalar i\u00e7in Sara\u00e7hane&#8217;den Taksim&#8217;e y\u00fcr\u00fcmek isteyenler ev bask\u0131nlar\u0131yla g\u00f6zalt\u0131na al\u0131nmaya devam ediyor.<\/p>\n\n\n\n<p>\u0130stanbul Cumhuriyet Ba\u015fsavc\u0131l\u0131\u011f\u0131 taraf\u0131ndan y\u00fcr\u00fct\u00fclen soru\u015fturma kapsam\u0131nda 2911 Say\u0131l\u0131 Toplant\u0131 ve G\u00f6steri Y\u00fcr\u00fcy\u00fc\u015fleri Kanunu\u2019na muhalefet, g\u00f6revli memura mukavemet, kamu mal\u0131na zarar verme su\u00e7lar\u0131na kar\u0131\u015ft\u0131\u011f\u0131 iddias\u0131yla 20 ki\u015fi hakk\u0131nda yakalama karar\u0131 \u00e7\u0131kar\u0131ld\u0131.<\/p>\n\n\n\n<p>Devrimci Gen\u00e7lik Dernekleri (DGD), Halkevleri, Kald\u0131ra\u00e7 Hareketi, Emek\u00e7i Hareket Partisi (EHP) ve \u00d6\u011frenci Faaliyeti&#8217;nden 12 ki\u015fi sabah saatlerinde g\u00f6zalt\u0131na al\u0131nd\u0131.<\/p>\n\n\n\n<p>G\u00f6zalt\u0131lar Vatan Caddesi&#8217;ndeki \u0130stanbul Emniyet M\u00fcd\u00fcrl\u00fc\u011f\u00fc&#8217;ne g\u00f6t\u00fcr\u00fcld\u00fc.<\/p>\n\n\n\n<p>\u00c7a\u011fda\u015f Hukuk\u00e7ular Derne\u011fi (\u00c7HD) \u0130stanbul \u015eubesi taraf\u0131ndan yap\u0131lan a\u00e7\u0131klamada, &#8220;\u0130ktidar\u0131n 1 May\u0131s sald\u0131r\u0131lar\u0131, 1 May\u0131s\u2019ta Taksim \u0131srar\u0131n\u0131 kriminalle\u015ftirme \u00e7abas\u0131 devam ediyor. Bu sabah da \u00e7ok say\u0131da devrimcinin evine polis operasyonu ger\u00e7ekle\u015ftirildi. Toplam g\u00f6zalt\u0131 say\u0131s\u0131 \u015fu an 11. G\u00f6zalt\u0131 takibi i\u00e7in vatan emniyete ge\u00e7ece\u011fiz&#8221; ifadeleri kullan\u0131ld\u0131.<\/p>\n","protected":false},"excerpt":{"rendered":"<p>1 May\u0131s Emek ve Dayan\u0131\u015fma G\u00fcn\u00fc&#8217;nde kutlamalar&#46;&#46;&#46;<\/p>\n","protected":false},"author":3,"featured_media":3178,"comment_status":"open","ping_status":"open","sticky":false,"template":"","format":"standard","meta":{"footnotes":""},"categories":[5],"tags":[],"manset":[],"class_list":["post-3177","post","type-post","status-publish","format-standard","has-post-thumbnail","hentry","category-etkinlikler"],"amp_enabled":true,"_links":{"self":[{"href":"https:\/\/kolektifmucadele1.org\/index.php\/wp-json\/wp\/v2\/posts\/3177","targetHints":{"allow":["GET"]}}],"collection":[{"href":"https:\/\/kolektifmucadele1.org\/index.php\/wp-json\/wp\/v2\/posts"}],"about":[{"href":"https:\/\/kolektifmucadele1.org\/index.php\/wp-json\/wp\/v2\/types\/post"}],"author":[{"embeddable":true,"href":"https:\/\/kolektifmucadele1.org\/index.php\/wp-json\/wp\/v2\/users\/3"}],"replies":[{"embeddable":true,"href":"https:\/\/kolektifmucadele1.org\/index.php\/wp-json\/wp\/v2\/comments?post=3177"}],"version-history":[{"count":1,"href":"https:\/\/kolektifmucadele1.org\/index.php\/wp-json\/wp\/v2\/posts\/3177\/revisions"}],"predecessor-version":[{"id":3179,"href":"https:\/\/kolektifmucadele1.org\/index.php\/wp-json\/wp\/v2\/posts\/3177\/revisions\/3179"}],"wp:featuredmedia":[{"embeddable":true,"href":"https:\/\/kolektifmucadele1.org\/index.php\/wp-json\/wp\/v2\/media\/3178"}],"wp:attachment":[{"href":"https:\/\/kolektifmucadele1.org\/index.php\/wp-json\/wp\/v2\/media?parent=3177"}],"wp:term":[{"taxonomy":"category","embeddable":true,"href":"https:\/\/kolektifmucadele1.org\/index.php\/wp-json\/wp\/v2\/categories?post=3177"},{"taxonomy":"post_tag","embeddable":true,"href":"https:\/\/kolektifmucadele1.org\/index.php\/wp-json\/wp\/v2\/tags?post=3177"},{"taxonomy":"manset","embeddable":true,"href":"https:\/\/kolektifmucadele1.org\/index.php\/wp-json\/wp\/v2\/manset?post=3177"}],"curies":[{"name":"wp","href":"https:\/\/api.w.org\/{rel}","templated":true}]}}