{"id":3237,"date":"2024-05-10T23:13:17","date_gmt":"2024-05-10T20:13:17","guid":{"rendered":"https:\/\/kolektifmucadele1.org\/?p=3237"},"modified":"2024-05-10T23:13:18","modified_gmt":"2024-05-10T20:13:18","slug":"isig-meclisi-nisan-ayinda-en-az-163-isci-hayatini-kaybetti","status":"publish","type":"post","link":"https:\/\/kolektifmucadele1.org\/index.php\/2024\/05\/10\/isig-meclisi-nisan-ayinda-en-az-163-isci-hayatini-kaybetti\/","title":{"rendered":"\u0130S\u0130G Meclisi: Nisan ay\u0131nda en az 163 i\u015f\u00e7i hayat\u0131n\u0131 kaybetti"},"content":{"rendered":"\n<p>\u0130\u015f\u00e7i Sa\u011fl\u0131\u011f\u0131 ve \u0130\u015f G\u00fcvenli\u011fi Meclisi (\u0130S\u0130G Meclisi), Nisan ay\u0131 i\u015f cinayetleri raporunu a\u00e7\u0131klad\u0131. Y\u00fczde 83\u2019\u00fcn\u00fc ulusal bas\u0131ndan; y\u00fczde 17\u2019sini ise i\u015f\u00e7ilerin mesai arkada\u015flar\u0131, aileleri, i\u015f g\u00fcvenli\u011fi uzmanlar\u0131, i\u015fyeri hekimleri, sendikalar ve yerel bas\u0131ndan \u00f6\u011frenilen bilgilere dayanarak tespit haz\u0131rlanan raporda, Nisan ay\u0131nda en az 163 i\u015f\u00e7inin hayat\u0131n\u0131 kaybetti\u011fi kaydedildi.<\/p>\n\n\n\n<p>Raporda, 2024 y\u0131l\u0131n\u0131n ilk d\u00f6rt ay\u0131nda (Ocak\u2019ta 161, \u015eubat\u2019ta 149, Mart\u2019ta 124 ve Nisan\u2019da 163 olmak \u00fczere) ise en az 597 i\u015f\u00e7inin yani her g\u00fcn \u201cen az\u201d 5 i\u015f\u00e7inin i\u015f cinayetlerinde katledildiklerine i\u015faret edildi.<\/p>\n\n\n\n<p>Bu ayki raporunu \u0130stanbul Be\u015fikta\u015f Gayrettepe\u2019de 16 katl\u0131 bir binan\u0131n eksi 1. ve eksi 2. kat\u0131nda faaliyet g\u00f6steren Masquerade Club (eski Discorium) adl\u0131 gece kul\u00fcb\u00fcnde tadilat yap\u0131ld\u0131\u011f\u0131 s\u0131rada sahnenin yan\u0131nda meydana gelen yang\u0131n sonucu hayat\u0131n\u0131 kaybeden 30 i\u015f\u00e7iye adayan \u0130S\u0130G Meclisi, bu toplu katliama ili\u015fkin ayr\u0131nt\u0131l\u0131 bilgiler payla\u015ft\u0131.<\/p>\n\n\n\n<p>2 Nisan g\u00fcn\u00fc saat 12.44\u2019te \u00e7\u0131kan yang\u0131nda 21\u2019i tadilat i\u015f\u00e7isi ve 9\u2019u gece kul\u00fcb\u00fc \u00e7al\u0131\u015fan\u0131 olmak \u00fczere 30 i\u015f\u00e7inin hayat\u0131n\u0131 kaybetti\u011fi hat\u0131rlat\u0131lan raporda, bu i\u015f\u00e7i katliam\u0131n\u0131n say\u0131s\u0131z kurals\u0131zl\u0131k, ihmal ve \u00e7al\u0131\u015fma bask\u0131s\u0131yla adeta davet edildi\u011fi ayr\u0131nt\u0131lar\u0131yla anlat\u0131ld\u0131. Raporda gerek merkezi iktidar\u0131n (AKP) gerekse yerel y\u00f6netimin (CHP) bu kurals\u0131zl\u0131klardaki sorumlulu\u011funu \u00e7e\u015fitli gerek\u00e7e ve s\u00f6ylemlerle perdelemeye \u00e7al\u0131\u015ft\u0131\u011f\u0131na dikkat \u00e7ekildi.<\/p>\n\n\n\n<p>29 de\u011fil 30 i\u015f\u00e7inin katledildi\u011finin alt\u0131 \u00e7izilen raporda i\u015f\u00e7ilerin isimleri ve meslekleri yaz\u0131larak, g\u00f6\u00e7men i\u015f\u00e7ilerin ayr\u0131nt\u0131l\u0131 bilgilerine ula\u015f\u0131lamad\u0131\u011f\u0131 belirtildi ve bilgilerde hata varsa kendilerine ula\u015f\u0131lmas\u0131 istendi.<\/p>\n\n\n\n<p>30 i\u015f\u00e7inin hayat\u0131n\u0131 kaybetti\u011fi katliama ili\u015fkin ayr\u0131nt\u0131l\u0131 bilgilere yer verilen raporda daha sonra Nisan ay\u0131 i\u015f cinayetlerine ili\u015fkin bilgilere yer verildi:<\/p>\n\n\n\n<p><strong>Nisan ay\u0131nda i\u015f cinayetlerinin i\u015fkollar\u0131na g\u00f6re da\u011f\u0131l\u0131m\u0131<\/strong><\/p>\n\n\n\n<p><em>\u0130n\u015faat, Yol i\u015fkolunda 51 i\u015f\u00e7i; Tar\u0131m, Orman i\u015fkolunda 36 emek\u00e7i (8 i\u015f\u00e7i ve 26 \u00e7ift\u00e7i+2 bal\u0131k\u00e7\u0131); Konaklama, E\u011flence i\u015fkolunda 20 i\u015f\u00e7i; Ta\u015f\u0131mac\u0131l\u0131k i\u015fkolunda 10 i\u015f\u00e7i; Savunma, G\u00fcvenlik i\u015fkolunda 8 i\u015f\u00e7i; Belediye, Genel \u0130\u015fler i\u015fkolunda 8 i\u015f\u00e7i; Madencilik i\u015fkolunda 5 i\u015f\u00e7i; G\u0131da, \u015eeker i\u015fkolunda 3 i\u015f\u00e7i; Ticaret, B\u00fcro, E\u011fitim, Sinema i\u015fkolunda 3 i\u015f\u00e7i; Enerji i\u015fkolunda 3 i\u015f\u00e7i; Sa\u011fl\u0131k, Sosyal Hizmetler i\u015fkolunda 3 i\u015f\u00e7i; \u00c7imento, Toprak, Cam i\u015fkolunda 2 i\u015f\u00e7i; Metal i\u015fkolunda 2 i\u015f\u00e7i; Gemi, Tersane, Deniz, Liman i\u015fkolunda 2 i\u015f\u00e7i; Banka, Finans, Sigorta i\u015fkolunda 1 i\u015f\u00e7i; elimizdeki veriler \u0131\u015f\u0131\u011f\u0131nda \u00e7al\u0131\u015ft\u0131\u011f\u0131 i\u015fkolunu belirleyemedi\u011fimiz 6 i\u015f\u00e7i hayat\u0131n\u0131 kaybetti\u2026<\/em><\/p>\n\n\n\n<p><strong>Nisan ay\u0131nda i\u015f cinayetlerinin i\u015fkollar\u0131na g\u00f6re da\u011f\u0131l\u0131m\u0131<\/strong><\/p>\n\n\n\n<p><em>\u0130n\u015faat, Yol i\u015fkolunda 51 i\u015f\u00e7i; Tar\u0131m, Orman i\u015fkolunda 36 emek\u00e7i (8 i\u015f\u00e7i ve 26 \u00e7ift\u00e7i+2 bal\u0131k\u00e7\u0131); Konaklama, E\u011flence i\u015fkolunda 20 i\u015f\u00e7i; Ta\u015f\u0131mac\u0131l\u0131k i\u015fkolunda 10 i\u015f\u00e7i; Savunma, G\u00fcvenlik i\u015fkolunda 8 i\u015f\u00e7i; Belediye, Genel \u0130\u015fler i\u015fkolunda 8 i\u015f\u00e7i; Madencilik i\u015fkolunda 5 i\u015f\u00e7i; G\u0131da, \u015eeker i\u015fkolunda 3 i\u015f\u00e7i; Ticaret, B\u00fcro, E\u011fitim, Sinema i\u015fkolunda 3 i\u015f\u00e7i; Enerji i\u015fkolunda 3 i\u015f\u00e7i; Sa\u011fl\u0131k, Sosyal Hizmetler i\u015fkolunda 3 i\u015f\u00e7i; \u00c7imento, Toprak, Cam i\u015fkolunda 2 i\u015f\u00e7i; Metal i\u015fkolunda 2 i\u015f\u00e7i; Gemi, Tersane, Deniz, Liman i\u015fkolunda 2 i\u015f\u00e7i; Banka, Finans, Sigorta i\u015fkolunda 1 i\u015f\u00e7i; elimizdeki veriler \u0131\u015f\u0131\u011f\u0131nda \u00e7al\u0131\u015ft\u0131\u011f\u0131 i\u015fkolunu belirleyemedi\u011fimiz 6 i\u015f\u00e7i hayat\u0131n\u0131 kaybetti\u2026<\/em><\/p>\n\n\n\n<p><strong>Nisan ay\u0131nda i\u015f cinayetlerinin ya\u015f gruplar\u0131na g\u00f6re da\u011f\u0131l\u0131m\u0131<\/strong><\/p>\n\n\n\n<p><em>14 ya\u015f ve alt\u0131 2 \u00e7ocuk i\u015f\u00e7i, 15-17 ya\u015f aras\u0131 3 \u00e7ocuk\/gen\u00e7 i\u015f\u00e7i, 18-29 ya\u015f aras\u0131 27 i\u015f\u00e7i, 30-49 ya\u015f aras\u0131 64 i\u015f\u00e7i, 50-64 ya\u015f aras\u0131 51 i\u015f\u00e7i, 65 ya\u015f ve \u00fcst\u00fc 8 i\u015f\u00e7i, ya\u015f\u0131n\u0131 bilmedi\u011fimiz 8 i\u015f\u00e7i hayat\u0131n\u0131 kaybetti\u2026<\/em><\/p>\n\n\n\n<p><strong>Nisan ay\u0131nda i\u015f cinayetlerinin nedenlerine g\u00f6re da\u011f\u0131l\u0131m\u0131<\/strong><\/p>\n\n\n\n<p><em>Ezilme, G\u00f6\u00e7\u00fck nedeniyle 35 i\u015f\u00e7i; Zehirlenme, Bo\u011fulma nedeniyle 32 i\u015f\u00e7i; Trafik, Servis Kazas\u0131 nedeniyle 27 i\u015f\u00e7i; Kalp Krizi, Beyin Kanamas\u0131 nedeniyle 16 i\u015f\u00e7i; Y\u00fcksekten D\u00fc\u015fme nedeniyle 13 i\u015f\u00e7i; \u015eiddet nedeniyle 13 i\u015f\u00e7i; Elektrik \u00c7arpmas\u0131 nedeniyle 7 i\u015f\u00e7i; \u0130ntihar nedeniyle 6 i\u015f\u00e7i; Kesilme, Kopma nedeniyle 4 i\u015f\u00e7i; Nesne \u00c7arpmas\u0131, D\u00fc\u015fmesi nedeniyle 3 i\u015f\u00e7i; di\u011fer nedenlerden dolay\u0131 7 i\u015f\u00e7i hayat\u0131n\u0131 kaybetti\u2026<\/em><\/p>\n","protected":false},"excerpt":{"rendered":"<p>\u0130\u015f\u00e7i Sa\u011fl\u0131\u011f\u0131 ve \u0130\u015f G\u00fcvenli\u011fi Meclisi (\u0130S\u0130G&#46;&#46;&#46;<\/p>\n","protected":false},"author":3,"featured_media":3238,"comment_status":"open","ping_status":"open","sticky":false,"template":"","format":"standard","meta":{"footnotes":""},"categories":[6],"tags":[],"manset":[],"class_list":["post-3237","post","type-post","status-publish","format-standard","has-post-thumbnail","hentry","category-emek"],"amp_enabled":true,"_links":{"self":[{"href":"https:\/\/kolektifmucadele1.org\/index.php\/wp-json\/wp\/v2\/posts\/3237","targetHints":{"allow":["GET"]}}],"collection":[{"href":"https:\/\/kolektifmucadele1.org\/index.php\/wp-json\/wp\/v2\/posts"}],"about":[{"href":"https:\/\/kolektifmucadele1.org\/index.php\/wp-json\/wp\/v2\/types\/post"}],"author":[{"embeddable":true,"href":"https:\/\/kolektifmucadele1.org\/index.php\/wp-json\/wp\/v2\/users\/3"}],"replies":[{"embeddable":true,"href":"https:\/\/kolektifmucadele1.org\/index.php\/wp-json\/wp\/v2\/comments?post=3237"}],"version-history":[{"count":1,"href":"https:\/\/kolektifmucadele1.org\/index.php\/wp-json\/wp\/v2\/posts\/3237\/revisions"}],"predecessor-version":[{"id":3239,"href":"https:\/\/kolektifmucadele1.org\/index.php\/wp-json\/wp\/v2\/posts\/3237\/revisions\/3239"}],"wp:featuredmedia":[{"embeddable":true,"href":"https:\/\/kolektifmucadele1.org\/index.php\/wp-json\/wp\/v2\/media\/3238"}],"wp:attachment":[{"href":"https:\/\/kolektifmucadele1.org\/index.php\/wp-json\/wp\/v2\/media?parent=3237"}],"wp:term":[{"taxonomy":"category","embeddable":true,"href":"https:\/\/kolektifmucadele1.org\/index.php\/wp-json\/wp\/v2\/categories?post=3237"},{"taxonomy":"post_tag","embeddable":true,"href":"https:\/\/kolektifmucadele1.org\/index.php\/wp-json\/wp\/v2\/tags?post=3237"},{"taxonomy":"manset","embeddable":true,"href":"https:\/\/kolektifmucadele1.org\/index.php\/wp-json\/wp\/v2\/manset?post=3237"}],"curies":[{"name":"wp","href":"https:\/\/api.w.org\/{rel}","templated":true}]}}