{"id":3268,"date":"2024-05-14T22:54:05","date_gmt":"2024-05-14T19:54:05","guid":{"rendered":"https:\/\/kolektifmucadele1.org\/?p=3268"},"modified":"2024-05-14T22:54:06","modified_gmt":"2024-05-14T19:54:06","slug":"uluslararasi-adalet-divani-israil-aleyhindeki-ek-tedbir-taleplerini-16-17-mayista-gorusecek","status":"publish","type":"post","link":"https:\/\/kolektifmucadele1.org\/index.php\/2024\/05\/14\/uluslararasi-adalet-divani-israil-aleyhindeki-ek-tedbir-taleplerini-16-17-mayista-gorusecek\/","title":{"rendered":"Uluslararas\u0131 Adalet Divan\u0131, \u0130srail aleyhindeki ek tedbir taleplerini 16-17 May\u0131s&#8217;ta g\u00f6r\u00fc\u015fecek"},"content":{"rendered":"\n<p>G\u00fcney Afrika&#8217;n\u0131n \u0130srail aleyhine istedi\u011fi ek tedbir talepleri 16-17 May\u0131s&#8217;ta Uluslararas\u0131 Adalet Divan\u0131\u2019nda (UAD) g\u00f6r\u00fc\u015f\u00fclecek.<\/p>\n\n\n\n<p>UAD&#8217;den yap\u0131lan yaz\u0131l\u0131 a\u00e7\u0131klamaya g\u00f6re, G\u00fcney Afrika&#8217;n\u0131n \u0130srail aleyhine a\u00e7t\u0131\u011f\u0131 soyk\u0131r\u0131m davas\u0131nda, Divan&#8217;dan acilen h\u00fckmetmesini talep etti\u011fi yeni tedbirlere ili\u015fkin duru\u015fmalar 16 ve 17 May\u0131s&#8217;ta yap\u0131lacak.<\/p>\n\n\n\n<p>G\u00fcney Afrika taraf\u0131 16 May\u0131s&#8217;ta TS\u0130 16.00-18.00&#8217;de, \u0130srail taraf\u0131 ise 17 May\u0131s&#8217;ta 11.00-13.00 saatlerinde sunumlar\u0131n\u0131 yapacak.<\/p>\n\n\n\n<p>Duru\u015fmalar, Birle\u015fmi\u015f Milletler ve UAD&#8217;nin hesaplar\u0131ndan canl\u0131 yay\u0131nlanacak.<\/p>\n\n\n\n<p><strong>G\u00dcNEY AFR\u0130KA \u00dc\u00c7\u00dcNC\u00dc KEZ YEN\u0130 TEDB\u0130R TALEP ED\u0130YOR<\/strong><\/p>\n\n\n\n<p>G\u00fcney Afrika, 10 May\u0131s\u2019taki talebinde, \u0130srail aleyhine UAD&#8217;nin 26 Ocak ve 28 Mart&#8217;taki tedbir kararlar\u0131n\u0131n Gazze ve Refah&#8217;ta k\u00f6t\u00fcle\u015fen ko\u015fullar\u0131 ve yeni olgular\u0131 kar\u015f\u0131lamad\u0131\u011f\u0131 gerek\u00e7esiyle yeni tedbirlere h\u00fckmedilmesi gerekti\u011fini belirtmi\u015fti.<\/p>\n\n\n\n<p>Talepte, \u0130srail&#8217;in Divan&#8217;\u0131n tedbir kararlar\u0131na \u0131srarla uymad\u0131\u011f\u0131 ve Gazze&#8217;de &#8220;korkun\u00e7 ihlallerine&#8221; devam etti\u011fi bildirilmi\u015fti.<\/p>\n\n\n\n<p>Divan&#8217;\u0131n, \u0130srail&#8217;i tedbir kararlar\u0131na ve Soyk\u0131r\u0131m S\u00f6zle\u015fmesi&#8217;ndeki y\u00fck\u00fcml\u00fcl\u00fcklerine uymaya davet etmekten daha fazlas\u0131n\u0131 yapmas\u0131 gerekti\u011fi vurgulanan talepte, &#8220;\u0130srail&#8217;in Refah&#8217;ta ve Gazze&#8217;nin ba\u015fka yerlerinde y\u00fcr\u00fctt\u00fc\u011f\u00fc askeri operasyonlar\u0131n kendisi soyk\u0131r\u0131m niteli\u011findedir&#8221; ifadesi kullan\u0131lm\u0131\u015ft\u0131.<\/p>\n\n\n\n<p>Talepte, Divan&#8217;dan \u0130srail&#8217;in askeri operasyonlar\u0131n\u0131 durdurmas\u0131n\u0131 emretmesi istenmi\u015fti.<\/p>\n","protected":false},"excerpt":{"rendered":"<p>G\u00fcney Afrika&#8217;n\u0131n \u0130srail aleyhine istedi\u011fi ek tedbir&#46;&#46;&#46;<\/p>\n","protected":false},"author":3,"featured_media":3269,"comment_status":"open","ping_status":"open","sticky":false,"template":"","format":"standard","meta":{"footnotes":""},"categories":[11],"tags":[],"manset":[],"class_list":["post-3268","post","type-post","status-publish","format-standard","has-post-thumbnail","hentry","category-dunya"],"amp_enabled":true,"_links":{"self":[{"href":"https:\/\/kolektifmucadele1.org\/index.php\/wp-json\/wp\/v2\/posts\/3268","targetHints":{"allow":["GET"]}}],"collection":[{"href":"https:\/\/kolektifmucadele1.org\/index.php\/wp-json\/wp\/v2\/posts"}],"about":[{"href":"https:\/\/kolektifmucadele1.org\/index.php\/wp-json\/wp\/v2\/types\/post"}],"author":[{"embeddable":true,"href":"https:\/\/kolektifmucadele1.org\/index.php\/wp-json\/wp\/v2\/users\/3"}],"replies":[{"embeddable":true,"href":"https:\/\/kolektifmucadele1.org\/index.php\/wp-json\/wp\/v2\/comments?post=3268"}],"version-history":[{"count":1,"href":"https:\/\/kolektifmucadele1.org\/index.php\/wp-json\/wp\/v2\/posts\/3268\/revisions"}],"predecessor-version":[{"id":3270,"href":"https:\/\/kolektifmucadele1.org\/index.php\/wp-json\/wp\/v2\/posts\/3268\/revisions\/3270"}],"wp:featuredmedia":[{"embeddable":true,"href":"https:\/\/kolektifmucadele1.org\/index.php\/wp-json\/wp\/v2\/media\/3269"}],"wp:attachment":[{"href":"https:\/\/kolektifmucadele1.org\/index.php\/wp-json\/wp\/v2\/media?parent=3268"}],"wp:term":[{"taxonomy":"category","embeddable":true,"href":"https:\/\/kolektifmucadele1.org\/index.php\/wp-json\/wp\/v2\/categories?post=3268"},{"taxonomy":"post_tag","embeddable":true,"href":"https:\/\/kolektifmucadele1.org\/index.php\/wp-json\/wp\/v2\/tags?post=3268"},{"taxonomy":"manset","embeddable":true,"href":"https:\/\/kolektifmucadele1.org\/index.php\/wp-json\/wp\/v2\/manset?post=3268"}],"curies":[{"name":"wp","href":"https:\/\/api.w.org\/{rel}","templated":true}]}}