{"id":3277,"date":"2024-05-15T00:39:43","date_gmt":"2024-05-14T21:39:43","guid":{"rendered":"https:\/\/kolektifmucadele1.org\/?p=3277"},"modified":"2024-05-15T00:39:44","modified_gmt":"2024-05-14T21:39:44","slug":"tasarruf-paketi-saraya-yandasa-degil-emekcinin-bogazini-sikmaya-yonelik","status":"publish","type":"post","link":"https:\/\/kolektifmucadele1.org\/index.php\/2024\/05\/15\/tasarruf-paketi-saraya-yandasa-degil-emekcinin-bogazini-sikmaya-yonelik\/","title":{"rendered":"Tasarruf paketi; saraya yanda\u015fa de\u011fil, emek\u00e7inin bo\u011faz\u0131n\u0131 s\u0131kmaya y\u00f6nelik"},"content":{"rendered":"\n<p>Siyasal-ekonomik kriz i\u00e7inde debelenen iktidar tasarruf paketini Cumhurba\u015fkan\u0131 Yard\u0131mc\u0131s\u0131 Cevdet Y\u0131lmaz ile Hazine ve Maliye Bakan\u0131 Mehmet \u015eim\u015fek\u2019in kat\u0131l\u0131m\u0131yla Be\u015ftepe\u2019deki Saray\u2019da d\u00fczenlenen toplant\u0131yla kamuoyuyla payla\u015ft\u0131. Hedef, 100 milyar liral\u0131k tasarrufmu\u015f. \u201cKamuda Tasarruf ve Verimlilik Paketi\u201dni, halk\u0131n hizmet ihtiya\u00e7lar\u0131ndan tasarruf, sermayeye ve yanda\u015fta tasarruf yok. \u0130ktidar bu durumun tepki \u00e7ekmesin diye baz\u0131 konularda s\u0131n\u0131r \u00e7izerek o tepkileri yumu\u015fatmay\u0131 hedefliyor.<\/p>\n\n\n\n<p>Kamusal hizmet k\u0131s\u0131lacak, \u00f6zelle\u015ftirilecek, memurlardan belediyelere uzanan d\u00fczenlemelerle halka fatura \u00e7\u0131kacak. Kaybetti\u011fi belediyeleri bu yola s\u0131k\u0131\u015ft\u0131rma \u00e7abas\u0131nda.<\/p>\n\n\n\n<p>\u0130ktidar ve onun Maliye Bakan\u0131n\u0131n a\u00e7\u0131klad\u0131\u011f\u0131 <strong>Paketin<\/strong>, \u2018<em>Bak devlet tasarrufa ba\u015flad\u0131, s\u0131ra sende ey vatanda\u015f<\/em>\u2019 diyerek <strong>g\u00f6z boyama<\/strong>, as\u0131l amac\u0131n\u0131 kamufle etme \u00e7abas\u0131nda. As\u0131l olarak halk\u0131n bo\u011faz\u0131n\u0131 s\u0131kmaya d\u00f6n\u00fck olan tasarruf paketinin halka, \u2018devlet olarak bizde elimizi ta\u015f\u0131n alt\u0131na sokuyoruz\u2019 demagojisiyle \u015firin g\u00f6sterme \u00e7abas\u0131ndalar<strong>.<\/strong><\/p>\n\n\n\n<p>Bir takada d\u00f6rt askeri \u00fccret bedelini denk d\u00fc\u015fecek harcama yapan saraya tasarruf yok, devlet b\u00fcrokrasinin l\u00fcks i\u00e7inde ki ya\u015fam ve harcamalar\u0131nda yok. K\u0131sacas\u0131 ama\u00e7 devlet tasarruf yapiyor imaj\u0131 ad\u0131 alt\u0131nda emek\u00e7inin bo\u011faz\u0131n\u0131 s\u0131kmakt\u0131r.<\/p>\n\n\n\n<p>H\u00fck\u00fcmet tasarruf paketini a\u00e7\u0131klamas\u0131 Cumhurba\u015fkan\u0131 Yard\u0131mc\u0131s\u0131 Cevdet Y\u0131lmaz\u2019\u0131n a\u00e7\u0131klamalar\u0131 \u015f\u00f6yle:<\/p>\n\n\n\n<p><em>Bug\u00fcn sundu\u011fumuz paket b\u00fct\u00fcnc\u00fcl bir \u00e7er\u00e7evede ortaya koydu\u011fumuz, \u00e7e\u015fitli haz\u0131rl\u0131klar\u0131n devreye girmesiyle zaman\u0131 geldik\u00e7e yeni paketleri payla\u015faca\u011f\u0131z.<\/em><\/p>\n\n\n\n<p><em>Kamuda tasarruf program\u0131m\u0131z ile sadece zorunlu olmayan harcamalar\u0131 azaltmakla kalm\u0131yor. Ayn\u0131 zamanda kamu t\u00fcketim ve yat\u0131r\u0131m harcamalar\u0131nda verimlili\u011fi esas al\u0131yoruz.<\/em><\/p>\n\n\n\n<p><em>Kamu hizmetlerini aksatmadan g\u00fcncel ihtiya\u00e7lara odaklan\u0131p \u00f6nceliklendirme yaparak birim kaynakla daha fazla sonu\u00e7 \u00fcretmeyi hedefliyoruz.<\/em><\/p>\n\n\n\n<p><em>Orta vadeli program\u0131m\u0131z\u0131n enflasyonu d\u00fc\u015f\u00fcrmeye y\u00f6nelik politikalar\u0131n\u0131n y\u0131ll\u0131k bazda belirgin sonu\u00e7lar\u0131n\u0131 bu y\u0131l\u0131n ikinci yar\u0131s\u0131nda g\u00f6rmeye ba\u015flayaca\u011f\u0131z.<\/em><\/p>\n\n\n\n<p><em>Kanun gerektirmeyen hususlar konusunda haz\u0131rl\u0131klar\u0131 son a\u015famaya gelmi\u015f olan genelge tasla\u011f\u0131 Cumhurba\u015fkan\u0131m\u0131z\u0131n onay\u0131na bu hafta i\u00e7inde sunulmu\u015f olacak.<\/em><\/p>\n\n\n\n<p>Maliye Bakan\u0131 Mehmet \u015eim\u015fek ise;<em> en \u00f6nemli \u00f6nceliklerinin hayat pahal\u0131l\u0131\u011f\u0131n\u0131 bir sorun olmaktan \u00e7\u0131karmak oldu\u011funu s\u00f6yleyerek, \u201cYani enflasyonu d\u00fc\u015f\u00fck tek haneli rakamlara indirmek. Enflasyonla m\u00fccadelede tabii ki \u00e7al\u0131\u015fmalar uyum i\u00e7erisinde y\u00fcr\u00fct\u00fcl\u00fcyor. Bug\u00fcn a\u00e7\u0131klayaca\u011f\u0131m\u0131z paketle ve yak\u0131nda a\u00e7\u0131klayaca\u011f\u0131m\u0131z ilave tedbirlerle dezenflasyon s\u00fcrecine katk\u0131da bulunaca\u011f\u0131z. Paketi bu perspektifle haz\u0131rlad\u0131k. AK Parti h\u00fck\u00fcmetlerinin en \u00f6nemli \u00f6zelliklerinden biri mali disiplindir. 20 y\u0131ll\u0131k performansa bakt\u0131\u011f\u0131n\u0131z zaman bunu g\u00f6receksiniz. Bu bizim ilk tasarruf paketimiz de\u011fil, son paket de olmayacak. \u00d6n\u00fcm\u00fczdeki d\u00f6nemde bir\u00e7ok ad\u0131m ataca\u011f\u0131z. 3 \u00f6nemli husus var. OVP\u2019ye uygun olarak verimi art\u0131rmay\u0131 ama\u00e7layarak tasarruf yapmay\u0131 ama\u00e7l\u0131yoruz. G\u00fc\u00e7l\u00fc bir izleme ve raporlama olacak. Sonuncu olarak t\u00fcm kurumlar\u0131 kapsayacak\u201d ifadelerini kulland\u0131.<\/em><\/p>\n\n\n\n<p><em>3 \u00f6nemli husus oldu\u011funu belirten \u015eim\u015fek, \u201cOVP\u2019ye uygun olarak verimi art\u0131rmay\u0131 ama\u00e7layarak tasarruf yapmay\u0131 ama\u00e7l\u0131yoruz. G\u00fc\u00e7l\u00fc bir izleme ve raporlama olacak. Sonuncu olarak t\u00fcm kurumlar\u0131 kapsayacak. Ekonomik temelleri sa\u011flamla\u015ft\u0131rmak istiyoruz. Program\u0131 sa\u011flamla\u015ft\u0131r\u0131yoruz. Tasarruf \u00fczerinden dezenflasyona destek verece\u011fiz. Ambulans, savunma ve g\u00fcvenlik gibi alanlardaki zorunlu ihtiya\u00e7lar hari\u00e7, kamuda yeni ara\u00e7 sat\u0131n almay\u0131 ve kiralamay\u0131 3 y\u0131l durduruyoruz. \u0130htiya\u00e7 fazlas\u0131 ve ekonomik \u00f6mr\u00fcn\u00fc tamamlam\u0131\u015f ta\u015f\u0131tlar tasfiye edilecek. Savunma ve g\u00fcvenlik hari\u00e7, kamuda personel servisi hizmetinin toplu ta\u015f\u0131m\u0131 olan yerlerde kald\u0131r\u0131lacak. B\u00fct\u00e7e d\u0131\u015f\u0131 kaynaklardan ta\u015f\u0131t kullan\u0131m\u0131n\u0131 da s\u0131k\u0131 kurallara tabi tutulacak. Kanunla izin verilenler hari\u00e7 yabanc\u0131 men\u015feili ara\u00e7 kullan\u0131m\u0131 yasaklanacak\u201d dedi.<\/em><\/p>\n\n\n\n<p><em>3 y\u0131l s\u00fcreyle yeni hizmet binas\u0131 al\u0131m\u0131 ve yap\u0131m\u0131n\u0131n durdurulaca\u011f\u0131n\u0131 belirten \u015eim\u015fek, \u201cYeni bina kiralanmayacak. Yeni lojman ve sosyal tesis al\u0131m\u0131\/yap\u0131m\u0131 yasaklanacak. Mevcut tesisler ekonomiye kazand\u0131r\u0131lacak\u201d diye konu\u015ftu.<\/em><\/p>\n\n\n\n<p><em>Kamudaki personel say\u0131lar\u0131na ili\u015fkin de konu\u015fan \u015eim\u015fek, \u201c3 y\u0131l boyunca emekli olanlar kadar kamuya yeni personel al\u0131nacak. Destek personeli say\u0131s\u0131 azalt\u0131lacak. Esnek ve uzaktan \u00e7al\u0131\u015fma modelleri geli\u015ftirilecek. Y\u00f6netim kurulu \u00fccretlerine tavan s\u0131n\u0131r getirilecek\u201d ifadelerini kulland\u0131.<\/em><\/p>\n\n\n\n<p><em>Bakanl\u0131klar\u0131n yurtd\u0131\u015f\u0131 te\u015fkilatlar\u0131n\u0131n g\u00f6zden ge\u00e7irilece\u011fini ifade eden \u015eim\u015fek, \u201cT\u00fcm ta\u015fra te\u015fkilat\u0131 etkinlik esas\u0131yla g\u00f6zden ge\u00e7irilecek. Hizmet i\u00e7i e\u011fitim, toplant\u0131 vb faaliyetler kamu tesislerinde yap\u0131lacak. Yurt d\u0131\u015f\u0131 ge\u00e7ici g\u00f6revler s\u0131n\u0131rland\u0131r\u0131lacak. Bu kaleme ba\u015fka \u00f6deneklerden aktar\u0131m yap\u0131lamayacak. Sokak ve cadde \u0131\u015f\u0131kland\u0131r\u0131lmas\u0131nda LED d\u00f6n\u00fc\u015f\u00fcm\u00fc h\u0131zland\u0131r\u0131lacak. Kamu binalar\u0131nda enerji verimlili\u011fi art\u0131r\u0131lacak. E-yaz\u0131\u015fma sistemine ge\u00e7i\u015f tamamlanacak. Tebligatlarda elektronik sisteme ge\u00e7ilecek. Kurumsal ar\u015fivler elektronik ortama ta\u015f\u0131nacak. Yay\u0131n, rapor vb. tan\u0131t\u0131m ama\u00e7l\u0131 dok\u00fcmanlar bas\u0131lmayacak\u201d diyerek tasarruf ba\u015fl\u0131klar\u0131n\u0131n a\u00e7\u0131klanmas\u0131na devam etti.<\/em><\/p>\n\n\n\n<p><em>Bakan \u015eim\u015fek, \u201cKamu \u00e7al\u0131\u015fanlar\u0131n\u0131n y\u00f6netim kurulu \u00fccretlerine s\u0131n\u0131rlama getiriyoruz. Sadece bir yerden y\u00f6netim kurulu \u00fccreti al\u0131nabilecek, \u00fccretlere \u00fcst s\u0131n\u0131r getirece\u011fiz\u201d dedi.<\/em><\/p>\n\n\n\n<p>Yukar\u0131da da vurgulad\u0131\u011f\u0131m\u0131z gibi dakikada d\u00f6rt askeri \u00fccret harcayan saray ve onun sahip oldu\u011fu 10 \u00f6zel u\u00e7ak, onlarca z\u0131rhl\u0131 araca ve koruma \u015fubenin dudak u\u00e7urtan harcamalar\u0131\u2026 Devlet b\u00fcrokrasisinin l\u00fcks ara\u00e7 ve harcamalar\u0131na, farkl\u0131 kurumlarda \u00fc\u00e7 d\u00f6rt ma\u015f birde alan b\u00fcrokratlara ve sermaye sahiplerine tasarrufta hi\u00e7bir uygulama yok. Halk\u0131n lokmas\u0131na g\u00f6z dikmi\u015f, art\u0131k kemer s\u0131kmak yetmiyor, \u015fimdi halk\u0131n g\u0131rtla\u011f\u0131n\u0131 s\u0131kma \u00e7abas\u0131ndalar.<\/p>\n\n\n\n<p>Kendileri l\u00fcks i\u00e7inde ya\u015farken halk\u0131n lokmas\u0131na g\u00f6z koyan, onun bo\u011faz\u0131n\u0131 s\u0131kma \u00e7abas\u0131nda olan bu bask\u0131 s\u00f6m\u00fcr\u00fcc\u00fc asalak sisteme kar\u015f\u0131s\u0131nda m\u00fccadeleyi y\u00fckseltmekten ba\u015fka kurtulu\u015f yolu yok\u2026<\/p>\n","protected":false},"excerpt":{"rendered":"<p>Siyasal-ekonomik kriz i\u00e7inde debelenen iktidar tasarruf paketini&#46;&#46;&#46;<\/p>\n","protected":false},"author":3,"featured_media":3278,"comment_status":"open","ping_status":"open","sticky":false,"template":"","format":"standard","meta":{"footnotes":""},"categories":[7,29],"tags":[],"manset":[],"class_list":["post-3277","post","type-post","status-publish","format-standard","has-post-thumbnail","hentry","category-makaleler","category-manset"],"amp_enabled":true,"_links":{"self":[{"href":"https:\/\/kolektifmucadele1.org\/index.php\/wp-json\/wp\/v2\/posts\/3277","targetHints":{"allow":["GET"]}}],"collection":[{"href":"https:\/\/kolektifmucadele1.org\/index.php\/wp-json\/wp\/v2\/posts"}],"about":[{"href":"https:\/\/kolektifmucadele1.org\/index.php\/wp-json\/wp\/v2\/types\/post"}],"author":[{"embeddable":true,"href":"https:\/\/kolektifmucadele1.org\/index.php\/wp-json\/wp\/v2\/users\/3"}],"replies":[{"embeddable":true,"href":"https:\/\/kolektifmucadele1.org\/index.php\/wp-json\/wp\/v2\/comments?post=3277"}],"version-history":[{"count":1,"href":"https:\/\/kolektifmucadele1.org\/index.php\/wp-json\/wp\/v2\/posts\/3277\/revisions"}],"predecessor-version":[{"id":3279,"href":"https:\/\/kolektifmucadele1.org\/index.php\/wp-json\/wp\/v2\/posts\/3277\/revisions\/3279"}],"wp:featuredmedia":[{"embeddable":true,"href":"https:\/\/kolektifmucadele1.org\/index.php\/wp-json\/wp\/v2\/media\/3278"}],"wp:attachment":[{"href":"https:\/\/kolektifmucadele1.org\/index.php\/wp-json\/wp\/v2\/media?parent=3277"}],"wp:term":[{"taxonomy":"category","embeddable":true,"href":"https:\/\/kolektifmucadele1.org\/index.php\/wp-json\/wp\/v2\/categories?post=3277"},{"taxonomy":"post_tag","embeddable":true,"href":"https:\/\/kolektifmucadele1.org\/index.php\/wp-json\/wp\/v2\/tags?post=3277"},{"taxonomy":"manset","embeddable":true,"href":"https:\/\/kolektifmucadele1.org\/index.php\/wp-json\/wp\/v2\/manset?post=3277"}],"curies":[{"name":"wp","href":"https:\/\/api.w.org\/{rel}","templated":true}]}}