{"id":3288,"date":"2024-05-15T21:50:37","date_gmt":"2024-05-15T18:50:37","guid":{"rendered":"https:\/\/kolektifmucadele1.org\/?p=3288"},"modified":"2024-05-15T21:50:38","modified_gmt":"2024-05-15T18:50:38","slug":"israilin-gazzeye-saldirilari-nakbanin-yil-donumunde-de-surdu","status":"publish","type":"post","link":"https:\/\/kolektifmucadele1.org\/index.php\/2024\/05\/15\/israilin-gazzeye-saldirilari-nakbanin-yil-donumunde-de-surdu\/","title":{"rendered":"\u0130srail&#8217;in Gazze&#8217;ye sald\u0131r\u0131lar\u0131 Nakba&#8217;n\u0131n y\u0131l d\u00f6n\u00fcm\u00fcnde de s\u00fcrd\u00fc"},"content":{"rendered":"\n<p>\u0130srail ordusunun, i\u015fgal alt\u0131ndaki Bat\u0131 \u015eeria&#8217;da Nakba&#8217;n\u0131n (B\u00fcy\u00fck Felaket) 76. y\u0131l d\u00f6n\u00fcm\u00fc dolay\u0131s\u0131yla d\u00fczenlenen eyleme sald\u0131rd\u0131.<\/p>\n\n\n\n<p>Sa\u011fl\u0131k Bakanl\u0131\u011f\u0131ndan yap\u0131lan a\u00e7\u0131klamada, \u0130srail askerlerinin ger\u00e7ek mermi kulland\u0131\u011f\u0131, Bat\u0131 \u015eeria&#8217;n\u0131n el-Bire kentinin kuzey giri\u015fi yak\u0131nlar\u0131nda bir Filistinlinin hayat\u0131n\u0131 kaybetti\u011fi duyuruldu. Filistin resmi haber ajans\u0131 WAFA, hayat\u0131n\u0131 kaybeden Filistinlinin Birzeit \u00dcniversitesi \u00f6\u011frencisi 20 ya\u015f\u0131ndaki Eyser Muhammed Safi oldu\u011funu bildirdi. Safi&#8217;nin boynundan ger\u00e7ek mermiyle yaralanmas\u0131n\u0131n ard\u0131ndan ya\u015fam\u0131n\u0131 yitirdi\u011fi aktar\u0131ld\u0131. G\u00f6rg\u00fc tan\u0131klar\u0131, AA muhabirine yapt\u0131\u011f\u0131 a\u00e7\u0131klamada, Ramallah ve Bire kentleri yak\u0131nlar\u0131nda Nakba&#8217;n\u0131 y\u0131l d\u00f6n\u00fcm\u00fc dolay\u0131s\u0131yla d\u00fczenlenen eylemlerde \u0130srail askerleri ile Filistinliler aras\u0131nda arbede \u00e7\u0131kt\u0131\u011f\u0131n\u0131 s\u00f6yledi. Tan\u0131klar, \u0130srail ordusunun ger\u00e7ek mermi kulland\u0131\u011f\u0131n\u0131 belirtti.<\/p>\n\n\n\n<p>Son 24 saatte i\u015fgal alt\u0131ndaki Bat\u0131 \u015eeria&#8217;n\u0131n Beyt\u00fcllahim, El Halil, Tulkerim, Kalkaliyye ve Kud\u00fcs kentlerinde aralar\u0131nda daha \u00f6nce serbest b\u0131rak\u0131lm\u0131\u015f tutuklular\u0131n da yer ald\u0131\u011f\u0131 20 Filistinli g\u00f6zalt\u0131na al\u0131nd\u0131. Filistin Esirler Cemiyeti ile Filistin Kurtulu\u015f \u00d6rg\u00fct\u00fcne ba\u011fl\u0131 Esirler ve Serbest B\u0131rak\u0131lanlar Heyetinden yap\u0131lan ortak a\u00e7\u0131klamada, 7 Ekim 2023&#8217;ten bu yana, Bat\u0131 \u015eeria&#8217;da g\u00f6zalt\u0131na al\u0131nan Filistinlilerin say\u0131s\u0131n\u0131n 8 bin 745\u2019e y\u00fckseldi\u011fi belirtildi.<\/p>\n\n\n\n<h3 class=\"wp-block-heading\">BOMBARDIMAN S\u00dcR\u00dcYOR<\/h3>\n\n\n\n<p>Filistin haber ajans\u0131 WAFA&#8217;ya g\u00f6re, \u0130srail ordusu Gazze \u015eeridi&#8217;nin \u00e7e\u015fitli b\u00f6lgelerine sald\u0131r\u0131lar\u0131n\u0131 gece boyunca s\u00fcrd\u00fcrd\u00fc.<\/p>\n\n\n\n<p>\u0130srail ordusunun Gazze \u015eeridi&#8217;ndeki Cibaliya ile el-Bureyc Kamp\u0131&#8217;nda iki ayr\u0131 evi bombalamas\u0131 sonucu biri \u00e7ocuk 9 Filistinli hayat\u0131n\u0131 kaybetti.<\/p>\n\n\n\n<p>Gazze&#8217;deki Sivil Savunma ekipleri, \u0130srail ordusunun bir hafta s\u00fcrd\u00fcrd\u00fc\u011f\u00fc kara sald\u0131r\u0131s\u0131n\u0131n ard\u0131ndan \u00e7ekildi\u011fi Gazze kentindeki ez-Zeytun mahallesinden \u00e7ok say\u0131da cans\u0131z bedenin \u00e7\u0131kar\u0131ld\u0131\u011f\u0131n\u0131 duyurdu. Sivil Savunma S\u00f6zc\u00fcs\u00fc Mahmud Basal yapt\u0131\u011f\u0131 a\u00e7\u0131klamada, &#8220;\u0130srail ordusunun Zeytun mahallesinden \u00e7ekilmesinin ard\u0131ndan ekiplerimiz Zeytun&#8217;dan ve Sabra Sa\u011fl\u0131k Merkezinden 10 Filistinlinin cesedini \u00e7\u0131kard\u0131.&#8221; dedi.<\/p>\n\n\n\n<p>\u0130srail&#8217;in 7 Ekim&#8217;den bu yana Gazze \u015eeridi&#8217;ne d\u00fczenledi\u011fi sald\u0131r\u0131larda en az 14 bin 944\u2019\u00fc \u00e7ocuk, 9 bin 849&#8217;u kad\u0131n olmak \u00fczere 35 bin 173 Filistinli \u00f6ld\u00fcr\u00fcld\u00fc, 79 bin 61 ki\u015fi yaraland\u0131.&nbsp;Bat\u0131 \u015eeria ve Do\u011fu Kud\u00fcs&#8217;te hayat\u0131n\u0131 kaydeden Filistinlilerin say\u0131s\u0131 ise 499&#8217;a \u00e7\u0131kt\u0131.<\/p>\n","protected":false},"excerpt":{"rendered":"<p>\u0130srail ordusunun, i\u015fgal alt\u0131ndaki Bat\u0131 \u015eeria&#8217;da Nakba&#8217;n\u0131n&#46;&#46;&#46;<\/p>\n","protected":false},"author":3,"featured_media":3289,"comment_status":"open","ping_status":"open","sticky":false,"template":"","format":"standard","meta":{"footnotes":""},"categories":[11],"tags":[],"manset":[],"class_list":["post-3288","post","type-post","status-publish","format-standard","has-post-thumbnail","hentry","category-dunya"],"amp_enabled":true,"_links":{"self":[{"href":"https:\/\/kolektifmucadele1.org\/index.php\/wp-json\/wp\/v2\/posts\/3288","targetHints":{"allow":["GET"]}}],"collection":[{"href":"https:\/\/kolektifmucadele1.org\/index.php\/wp-json\/wp\/v2\/posts"}],"about":[{"href":"https:\/\/kolektifmucadele1.org\/index.php\/wp-json\/wp\/v2\/types\/post"}],"author":[{"embeddable":true,"href":"https:\/\/kolektifmucadele1.org\/index.php\/wp-json\/wp\/v2\/users\/3"}],"replies":[{"embeddable":true,"href":"https:\/\/kolektifmucadele1.org\/index.php\/wp-json\/wp\/v2\/comments?post=3288"}],"version-history":[{"count":1,"href":"https:\/\/kolektifmucadele1.org\/index.php\/wp-json\/wp\/v2\/posts\/3288\/revisions"}],"predecessor-version":[{"id":3290,"href":"https:\/\/kolektifmucadele1.org\/index.php\/wp-json\/wp\/v2\/posts\/3288\/revisions\/3290"}],"wp:featuredmedia":[{"embeddable":true,"href":"https:\/\/kolektifmucadele1.org\/index.php\/wp-json\/wp\/v2\/media\/3289"}],"wp:attachment":[{"href":"https:\/\/kolektifmucadele1.org\/index.php\/wp-json\/wp\/v2\/media?parent=3288"}],"wp:term":[{"taxonomy":"category","embeddable":true,"href":"https:\/\/kolektifmucadele1.org\/index.php\/wp-json\/wp\/v2\/categories?post=3288"},{"taxonomy":"post_tag","embeddable":true,"href":"https:\/\/kolektifmucadele1.org\/index.php\/wp-json\/wp\/v2\/tags?post=3288"},{"taxonomy":"manset","embeddable":true,"href":"https:\/\/kolektifmucadele1.org\/index.php\/wp-json\/wp\/v2\/manset?post=3288"}],"curies":[{"name":"wp","href":"https:\/\/api.w.org\/{rel}","templated":true}]}}