{"id":3316,"date":"2024-05-20T01:06:26","date_gmt":"2024-05-19T22:06:26","guid":{"rendered":"https:\/\/kolektifmucadele1.org\/?p=3316"},"modified":"2024-05-20T01:06:27","modified_gmt":"2024-05-19T22:06:27","slug":"isig-meclisi-son-11-yilda-2-bin-500-genc-isci-is-cinayetlerinde-hayatini-kaybetti","status":"publish","type":"post","link":"https:\/\/kolektifmucadele1.org\/index.php\/2024\/05\/20\/isig-meclisi-son-11-yilda-2-bin-500-genc-isci-is-cinayetlerinde-hayatini-kaybetti\/","title":{"rendered":"\u0130S\u0130G Meclisi: Son 11 y\u0131lda 2 bin 500 gen\u00e7 i\u015f\u00e7i i\u015f cinayetlerinde hayat\u0131n\u0131 kaybetti"},"content":{"rendered":"\n<p>\u0130\u015f\u00e7i Sa\u011fl\u0131\u011f\u0131 ve G\u00fcvenli\u011fi (\u0130S\u0130G) Meclisi 19 May\u0131s Gen\u00e7lik ve Spor Bayram\u0131&#8217;nda a\u00e7\u0131klad\u0131\u011f\u0131 2013-2024 y\u0131llar\u0131 aras\u0131nda gen\u00e7 i\u015f\u00e7i cinayetlerini toplayan raporunu k\u0131sa zaman \u00f6nce Bal\u0131kesir&#8217;de mtokuryelik yaparken b\u0131\u00e7aklanarak \u00f6ld\u00fcr\u00fclen Ata Emre Akman \u015fahs\u0131nda i\u015f cinayetlerine kurban giden t\u00fcm gen\u00e7lere adad\u0131.<\/p>\n\n\n\n<p>Raporda 2013-2024 y\u0131llar\u0131 aras\u0131nda en az 2 bin 500 gen\u00e7 i\u015f\u00e7inin i\u015f cinayetlerinde hayat\u0131n\u0131 kaybetti\u011fi tespit edilirken AKP h\u00fck\u00fcmetleri d\u00f6neminde &#8220;Gen\u00e7lerin gelece\u011finin \u00e7al\u0131nd\u0131\u011f\u0131 ve sermaye i\u00e7in ucuz i\u015fg\u00fcc\u00fcne&#8221; d\u00f6n\u00fc\u015ft\u00fcr\u00fcld\u00fc\u011f\u00fc vurguland\u0131. Pandemi d\u00f6neminde gen\u00e7 i\u015f\u00e7i \u00f6l\u00fcmlerinde g\u00f6zlemlenen d\u00fc\u015f\u00fc\u015f, ekonomik zorluklar ve yoksulla\u015ft\u0131rma politikalar\u0131n\u0131n etkisiyle h\u0131zla artmaya ba\u015flad\u0131\u011f\u0131 belirtildi.<\/p>\n\n\n\n<p>2013-2024 y\u0131llar\u0131 aras\u0131nda, en az 656 gen\u00e7 i\u015f\u00e7inin in\u015faat sekt\u00f6r\u00fcnde, 424&#8217;\u00fcn\u00fcn tar\u0131m sekt\u00f6r\u00fcnde ve di\u011ferleri konaklama, ta\u015f\u0131mac\u0131l\u0131k, metal, madencilik gibi sekt\u00f6rlerde hayat\u0131n\u0131 kaybetti\u011fi belirtiliyor. Gen\u00e7 i\u015f\u00e7i \u00f6l\u00fcmlerinin nedenleri aras\u0131nda trafik kazalar\u0131, y\u00fcksekten d\u00fc\u015fmeler, ezilmeler, elektrik \u00e7arpmalar\u0131 ve \u015fiddet ba\u015f\u0131 \u00e7ekiyor.<\/p>\n\n\n\n<p>18-25 ya\u015f aras\u0131 gen\u00e7 i\u015f\u00e7ilerin \u00f6l\u00fcmleri, cinsiyet ve g\u00f6\u00e7men k\u00f6ken bak\u0131m\u0131ndan da inceleniyor. 18 ya\u015f\u0131ndaki gen\u00e7lerin \u00f6l\u00fcmleri, \u00e7ocuk i\u015f\u00e7i say\u0131labilece\u011fi i\u00e7in dikkat \u00e7ekerken, 25 ya\u015f\u0131ndakilerin bir k\u0131sm\u0131n\u0131n 26 ya\u015f\u0131nda olabilece\u011fi belirtiliyor. 214 kad\u0131n ve 2 bin 286 erkek gen\u00e7 i\u015f\u00e7i \u00f6l\u00fcm\u00fc, gen\u00e7 i\u015f\u00e7ilerin \u00e7al\u0131\u015fma ko\u015fullar\u0131n\u0131n ciddiyetini ortaya koyuyor. G\u00f6\u00e7men gen\u00e7 i\u015f\u00e7i \u00f6l\u00fcmleri ise mevsimlik tar\u0131m, sanayi ve hizmet sekt\u00f6rlerinde yo\u011funla\u015fm\u0131\u015f durumda.<\/p>\n\n\n\n<p>Sendikal\u0131l\u0131k oranlar\u0131na bak\u0131ld\u0131\u011f\u0131nda, gen\u00e7 i\u015f\u00e7i \u00f6l\u00fcmlerinin y\u00fczde 96,64&#8217;\u00fcn\u00fcn sendikas\u0131z i\u015f\u00e7ilerden olu\u015ftu\u011fu, sendikal\u0131 i\u015f\u00e7ilerin ise daha \u00e7ok maden ve metal sekt\u00f6rlerinde \u00e7al\u0131\u015ft\u0131\u011f\u0131 g\u00f6r\u00fcl\u00fcyor. Bu durum, sendikal \u00f6rg\u00fctlenmenin yeni i\u015f\u00e7ileri korumada yetersiz kalabilece\u011fi tart\u0131\u015fmas\u0131n\u0131 da beraberinde getiriyor.<\/p>\n","protected":false},"excerpt":{"rendered":"<p>\u0130\u015f\u00e7i Sa\u011fl\u0131\u011f\u0131 ve G\u00fcvenli\u011fi (\u0130S\u0130G) Meclisi 19&#46;&#46;&#46;<\/p>\n","protected":false},"author":3,"featured_media":3317,"comment_status":"open","ping_status":"open","sticky":false,"template":"","format":"standard","meta":{"footnotes":""},"categories":[6,5],"tags":[],"manset":[],"class_list":["post-3316","post","type-post","status-publish","format-standard","has-post-thumbnail","hentry","category-emek","category-etkinlikler"],"amp_enabled":true,"_links":{"self":[{"href":"https:\/\/kolektifmucadele1.org\/index.php\/wp-json\/wp\/v2\/posts\/3316","targetHints":{"allow":["GET"]}}],"collection":[{"href":"https:\/\/kolektifmucadele1.org\/index.php\/wp-json\/wp\/v2\/posts"}],"about":[{"href":"https:\/\/kolektifmucadele1.org\/index.php\/wp-json\/wp\/v2\/types\/post"}],"author":[{"embeddable":true,"href":"https:\/\/kolektifmucadele1.org\/index.php\/wp-json\/wp\/v2\/users\/3"}],"replies":[{"embeddable":true,"href":"https:\/\/kolektifmucadele1.org\/index.php\/wp-json\/wp\/v2\/comments?post=3316"}],"version-history":[{"count":1,"href":"https:\/\/kolektifmucadele1.org\/index.php\/wp-json\/wp\/v2\/posts\/3316\/revisions"}],"predecessor-version":[{"id":3318,"href":"https:\/\/kolektifmucadele1.org\/index.php\/wp-json\/wp\/v2\/posts\/3316\/revisions\/3318"}],"wp:featuredmedia":[{"embeddable":true,"href":"https:\/\/kolektifmucadele1.org\/index.php\/wp-json\/wp\/v2\/media\/3317"}],"wp:attachment":[{"href":"https:\/\/kolektifmucadele1.org\/index.php\/wp-json\/wp\/v2\/media?parent=3316"}],"wp:term":[{"taxonomy":"category","embeddable":true,"href":"https:\/\/kolektifmucadele1.org\/index.php\/wp-json\/wp\/v2\/categories?post=3316"},{"taxonomy":"post_tag","embeddable":true,"href":"https:\/\/kolektifmucadele1.org\/index.php\/wp-json\/wp\/v2\/tags?post=3316"},{"taxonomy":"manset","embeddable":true,"href":"https:\/\/kolektifmucadele1.org\/index.php\/wp-json\/wp\/v2\/manset?post=3316"}],"curies":[{"name":"wp","href":"https:\/\/api.w.org\/{rel}","templated":true}]}}