{"id":3322,"date":"2024-05-21T00:02:21","date_gmt":"2024-05-20T21:02:21","guid":{"rendered":"https:\/\/kolektifmucadele1.org\/?p=3322"},"modified":"2024-05-21T00:10:14","modified_gmt":"2024-05-20T21:10:14","slug":"uluslararasi-ceza-mahkemesi-bassavcisi-acikladi-israil-basbakani-netanyahu-hamas-liderleri-sinvar-ve-haniye-hakkinda-tutuklama-emri-isteniyor","status":"publish","type":"post","link":"https:\/\/kolektifmucadele1.org\/index.php\/2024\/05\/21\/uluslararasi-ceza-mahkemesi-bassavcisi-acikladi-israil-basbakani-netanyahu-hamas-liderleri-sinvar-ve-haniye-hakkinda-tutuklama-emri-isteniyor\/","title":{"rendered":"\u0130srail Ba\u015fbakan\u0131 Netanyahu hakk\u0131nda &#8216;yakalama karar\u0131&#8217; talebi"},"content":{"rendered":"\n<p>Uluslararas\u0131 Ceza Mahkemesi (UCM) Ba\u015fsavc\u0131s\u0131&nbsp;<strong>Karim Khan<\/strong>, mahkemeden, 7 Ekim&#8217;de \u0130srail&#8217;e yap\u0131lan sald\u0131r\u0131lar ve ard\u0131ndan Gazze&#8217;de ya\u015fanan sava\u015f nedeniyle Hamas lideri&nbsp;<strong>Yahya Sinvar<\/strong>&nbsp;ve \u0130srail Ba\u015fbakan\u0131&nbsp;<strong>Binyamin Netanyahu<\/strong>&nbsp;hakk\u0131nda sava\u015f su\u00e7u ve insanl\u0131\u011fa kar\u015f\u0131 su\u00e7 i\u015flemekten tutuklama emri \u00e7\u0131karmas\u0131n\u0131 istedi\u011fini s\u00f6yledi.<\/p>\n\n\n\n<p>Khan ayr\u0131ca \u0130srail Savunma Bakan\u0131<strong>&nbsp;Yoav Gallant<\/strong>, El Kassam Tugaylar\u0131 liderlerinden&nbsp;<strong>Muhammed Diab \u0130brahim el Masri<\/strong>&nbsp;ve Hamas&#8217;\u0131n siyasi lideri&nbsp;<strong>\u0130smail Haniye<\/strong>&nbsp;hakk\u0131nda da tutuklama emri istedi\u011fini s\u00f6yledi.&nbsp;<\/p>\n\n\n\n<p>UCM daha \u00f6nce Ukrayna i\u015fgali nedeniyle Rusya Devlet Ba\u015fkan\u0131 Vladimir Putin i\u00e7in tutuklama emri \u00e7\u0131karm\u0131\u015ft\u0131.&nbsp;<\/p>\n\n\n\n<p>UCM yarg\u0131\u00e7lar\u0131ndan olu\u015fan bir heyet, Khan&#8217;\u0131n tutuklama emri i\u00e7in yapt\u0131\u011f\u0131 ba\u015fvuruyu de\u011ferlendirecek. Ba\u015fsavc\u0131; Sinvar, Haniye ve el Masri&#8217;ye y\u00f6nelik su\u00e7lamalar\u0131n &#8220;imha, cinayet, rehin alma, tecav\u00fcz ve g\u00f6zalt\u0131nda cinsel sald\u0131r\u0131&#8221; i\u00e7erdi\u011fini s\u00f6yledi.<\/p>\n\n\n\n<p>CNN\u2019den Christiane Amanpour&#8217;a konu\u015fan Khan,&nbsp;<em>&#8220;7 Ekim&#8217;de insanlar yatak odalar\u0131ndan, evlerinden, \u0130srail&#8217;deki farkl\u0131 kibbutzimlerden kopar\u0131ld\u0131klar\u0131nda d\u00fcnya \u015fok oldu&#8221;<\/em>&nbsp;dedi.&nbsp;<\/p>\n\n\n\n<p>Khan ayr\u0131ca Netanyahu ve Gallant&#8217;a y\u00f6neltilen su\u00e7lamalar aras\u0131nda &#8220;imhaya neden olmak, insani yard\u0131m malzemelerinin engellenmesi de dahil olmak \u00fczere bir sava\u015f y\u00f6ntemi olarak a\u00e7l\u0131\u011fa neden olmak, \u00e7at\u0131\u015fmalarda kas\u0131tl\u0131 olarak sivilleri hedef almak&#8221; oldu\u011funu s\u00f6yledi.<\/p>\n\n\n\n<p>\u0130srail Ba\u015fbakan\u0131 Netanyahu, ge\u00e7en ay UCM&#8217;nin tutuklama emri \u00e7\u0131karaca\u011f\u0131na dair haberler ilk \u00e7\u0131kt\u0131\u011f\u0131nda karar\u0131n &#8220;tarihi boyutlarda bir rezalet olaca\u011f\u0131n\u0131&#8221; ve \u0130srail&#8217;in &#8220;t\u00fcm hukuk ihlallerini titizlikle soru\u015fturan ba\u011f\u0131ms\u0131z bir hukuk sistemine sahip oldu\u011funu&#8221; s\u00f6ylemi\u015fti.&nbsp;<\/p>\n","protected":false},"excerpt":{"rendered":"<p>Uluslararas\u0131 Ceza Mahkemesi (UCM) Ba\u015fsavc\u0131s\u0131&nbsp;Karim Khan, mahkemeden,&#46;&#46;&#46;<\/p>\n","protected":false},"author":3,"featured_media":3323,"comment_status":"open","ping_status":"open","sticky":false,"template":"","format":"standard","meta":{"footnotes":""},"categories":[11],"tags":[],"manset":[],"class_list":["post-3322","post","type-post","status-publish","format-standard","has-post-thumbnail","hentry","category-dunya"],"amp_enabled":true,"_links":{"self":[{"href":"https:\/\/kolektifmucadele1.org\/index.php\/wp-json\/wp\/v2\/posts\/3322","targetHints":{"allow":["GET"]}}],"collection":[{"href":"https:\/\/kolektifmucadele1.org\/index.php\/wp-json\/wp\/v2\/posts"}],"about":[{"href":"https:\/\/kolektifmucadele1.org\/index.php\/wp-json\/wp\/v2\/types\/post"}],"author":[{"embeddable":true,"href":"https:\/\/kolektifmucadele1.org\/index.php\/wp-json\/wp\/v2\/users\/3"}],"replies":[{"embeddable":true,"href":"https:\/\/kolektifmucadele1.org\/index.php\/wp-json\/wp\/v2\/comments?post=3322"}],"version-history":[{"count":2,"href":"https:\/\/kolektifmucadele1.org\/index.php\/wp-json\/wp\/v2\/posts\/3322\/revisions"}],"predecessor-version":[{"id":3325,"href":"https:\/\/kolektifmucadele1.org\/index.php\/wp-json\/wp\/v2\/posts\/3322\/revisions\/3325"}],"wp:featuredmedia":[{"embeddable":true,"href":"https:\/\/kolektifmucadele1.org\/index.php\/wp-json\/wp\/v2\/media\/3323"}],"wp:attachment":[{"href":"https:\/\/kolektifmucadele1.org\/index.php\/wp-json\/wp\/v2\/media?parent=3322"}],"wp:term":[{"taxonomy":"category","embeddable":true,"href":"https:\/\/kolektifmucadele1.org\/index.php\/wp-json\/wp\/v2\/categories?post=3322"},{"taxonomy":"post_tag","embeddable":true,"href":"https:\/\/kolektifmucadele1.org\/index.php\/wp-json\/wp\/v2\/tags?post=3322"},{"taxonomy":"manset","embeddable":true,"href":"https:\/\/kolektifmucadele1.org\/index.php\/wp-json\/wp\/v2\/manset?post=3322"}],"curies":[{"name":"wp","href":"https:\/\/api.w.org\/{rel}","templated":true}]}}