{"id":3404,"date":"2024-06-01T12:45:03","date_gmt":"2024-06-01T09:45:03","guid":{"rendered":"https:\/\/kolektifmucadele1.org\/?p=3404"},"modified":"2024-06-01T23:36:10","modified_gmt":"2024-06-01T20:36:10","slug":"devrimci-onder-huseyin-cevahir","status":"publish","type":"post","link":"https:\/\/kolektifmucadele1.org\/index.php\/2024\/06\/01\/devrimci-onder-huseyin-cevahir\/","title":{"rendered":"Devrimci \u00f6nder H\u00fcseyin Cevahir"},"content":{"rendered":"\n<p>Mahir \u00c7ayan ve Ula\u015f Bardak\u00e7\u0131 ile birlikte T\u00fcrkiye Halk Kurtulu\u015f Partisi-Cephesi\u2019nin (THKP-C) \u00f6nderlerinden olan H\u00fcseyin Cevahir\u2019in bug\u00fcn \u00f6l\u00fcm y\u0131ld\u00f6n\u00fcm\u00fc.<\/p>\n\n\n\n<p>H\u00fcseyin Cevahir, 1947 y\u0131l\u0131nda, Dersim\u2018in Mazgirt il\u00e7esine ba\u011fl\u0131 Yelde\u011fen k\u00f6y\u00fcnde do\u011fdu.<\/p>\n\n\n\n<p>Y\u00fcksek \u00f6\u011frenim i\u00e7in Ankara Siyasal Bilgiler Fak\u00fcltesine girdi. Emperyalizme kar\u015f\u0131 y\u00fckselen gen\u00e7lik m\u00fccadelesinin i\u00e7inde \u00f6nce T\u0130P ard\u0131ndan FKF i\u00e7erisinde yer ald\u0131. 1969 y\u0131l\u0131nda FKF\u2018nin Dev-Gen\u00e7\u2018e d\u00f6n\u00fc\u015ft\u00fc\u011f\u00fc kongre sonucu Dev-Gen\u00e7 \u00fcyesi oldu.<\/p>\n\n\n\n<p>Bu m\u00fccadele i\u00e7inde Mahir \u00c7ayan ile tan\u0131\u015ft\u0131. 12 Mart sonras\u0131nda THKP-C\u2018nin olu\u015fum s\u00fcrecinde yer ald\u0131 ve \u00f6rg\u00fct\u00fcn kurucular\u0131ndan oldu. Olu\u015fturulan ilk Genel Komite\u2018de yer alarak, Do\u011fu Anadolu b\u00f6lge sorumlulu\u011funu \u00fcstlendi.<\/p>\n\n\n\n<p>THKP-C\u2018nin 1971 y\u0131l\u0131nda ba\u015flatt\u0131\u011f\u0131 \u00f6nc\u00fc eylemlerin i\u00e7inde yer ald\u0131. \u0130stanbul\u2018da \u015fehir gerillas\u0131n\u0131n yarat\u0131lmas\u0131 amac\u0131yla al\u0131nan karar \u00fczerine buraya ge\u00e7ti.<\/p>\n\n\n\n<p>17 May\u0131s 1971\u2019de \u0130srail ba\u015fkonsolosu Efraim Elrom\u2018u oturdu\u011fu apartmandan ka\u00e7\u0131rarak THKP-C\u2019nin 1 No\u2019lu bildirisinin yay\u0131nlanmas\u0131 \u00fczerine, Nihat Erim (1) h\u00fck\u00fcmetinin ku\u015fatma ve imha ama\u00e7l\u0131 olarak t\u00fcm \u0130stanbul\u2018da ba\u015flatt\u0131\u011f\u0131 soka\u011fa \u00e7\u0131kma yasa\u011f\u0131 ve arama operasyonu s\u0131ras\u0131nda, 29 May\u0131s 1971\u2018de Mahir \u00c7ayan\u2018la birlikte \u0130stanbul-Maltepe\u2018de ku\u015fat\u0131ld\u0131lar.<\/p>\n\n\n\n<p>51 saat s\u00fcren ku\u015fatmas\u0131 s\u0131ras\u0131nda g\u00fcvenlik g\u00fc\u00e7leri taraf\u0131ndan getirilen ve K\u00fcrt\u00e7e olarak yan\u0131ndakini \u00f6ld\u00fcr\u00fcp teslim olmas\u0131n\u0131 s\u00f6yleyen amcas\u0131na \u201cT\u00f6reye uyar m\u0131 bu dedi\u011fin\u201d diyerek cevap verdi. Ku\u015fatma 1 Haziran sabah\u0131 keskin ni\u015fanc\u0131, Deniz Binba\u015f\u0131 Cihangir Erdeniz\u2018in, (2) perde arkas\u0131nda n\u00f6bet tutan H\u00fcseyin Cevahir\u2019i vurmas\u0131 ile son buldu.<\/p>\n\n\n\n<p>Binan\u0131n arka taraf\u0131ndan merdivenler ile i\u00e7eri giren polisler, d\u00fc\u015ft\u00fc\u011f\u00fc yerden ate\u015fi s\u00fcrd\u00fcren H\u00fcseyin Cevahir\u2019i kur\u015fun ya\u011fmuruna tuttular. Evin rehin al\u0131nan k\u0131z\u0131 Sibel Erkan, Mahir ve H\u00fcseyin\u2018in e\u015fyalardan yapt\u0131klar\u0131 siperin arkas\u0131nda oldu\u011fu i\u00e7in \u00e7at\u0131\u015fmadan yara alamadan kurtulurken, H\u00fcseyin Cevahir \u00f6l\u00fcms\u00fczle\u015fti.<\/p>\n\n\n\n<p>H\u00fcseyin Cevahir 1 Haziran 1971<\/p>\n\n\n\n<p>M\u00fccadelemizde ya\u015f\u0131yor!<\/p>\n\n\n\n<ul class=\"wp-block-list\">\n<li>(1) Nihat Erim 19 Temmuz 1980&#8217;de \u0130stanbul Dragos&#8217;taki\u00a0Devrimci Sol taraf\u0131nda cezaland\u0131r\u0131ld\u0131.<\/li>\n\n\n\n<li>(2) Cihangir Erdeniz 23 Haziran 1978 de Pendik\u2019te MLSPB taraf\u0131nda cezaland\u0131r\u0131ld\u0131.<\/li>\n<\/ul>\n<\/p>","protected":false},"excerpt":{"rendered":"<p>Mahir \u00c7ayan ve Ula\u015f Bardak\u00e7\u0131 ile birlikte&#46;&#46;&#46;<\/p>\n","protected":false},"author":3,"featured_media":3405,"comment_status":"open","ping_status":"open","sticky":false,"template":"","format":"standard","meta":{"footnotes":""},"categories":[8],"tags":[],"manset":[],"class_list":["post-3404","post","type-post","status-publish","format-standard","has-post-thumbnail","hentry","category-sectiklerimiz"],"amp_enabled":true,"_links":{"self":[{"href":"https:\/\/kolektifmucadele1.org\/index.php\/wp-json\/wp\/v2\/posts\/3404","targetHints":{"allow":["GET"]}}],"collection":[{"href":"https:\/\/kolektifmucadele1.org\/index.php\/wp-json\/wp\/v2\/posts"}],"about":[{"href":"https:\/\/kolektifmucadele1.org\/index.php\/wp-json\/wp\/v2\/types\/post"}],"author":[{"embeddable":true,"href":"https:\/\/kolektifmucadele1.org\/index.php\/wp-json\/wp\/v2\/users\/3"}],"replies":[{"embeddable":true,"href":"https:\/\/kolektifmucadele1.org\/index.php\/wp-json\/wp\/v2\/comments?post=3404"}],"version-history":[{"count":2,"href":"https:\/\/kolektifmucadele1.org\/index.php\/wp-json\/wp\/v2\/posts\/3404\/revisions"}],"predecessor-version":[{"id":3411,"href":"https:\/\/kolektifmucadele1.org\/index.php\/wp-json\/wp\/v2\/posts\/3404\/revisions\/3411"}],"wp:featuredmedia":[{"embeddable":true,"href":"https:\/\/kolektifmucadele1.org\/index.php\/wp-json\/wp\/v2\/media\/3405"}],"wp:attachment":[{"href":"https:\/\/kolektifmucadele1.org\/index.php\/wp-json\/wp\/v2\/media?parent=3404"}],"wp:term":[{"taxonomy":"category","embeddable":true,"href":"https:\/\/kolektifmucadele1.org\/index.php\/wp-json\/wp\/v2\/categories?post=3404"},{"taxonomy":"post_tag","embeddable":true,"href":"https:\/\/kolektifmucadele1.org\/index.php\/wp-json\/wp\/v2\/tags?post=3404"},{"taxonomy":"manset","embeddable":true,"href":"https:\/\/kolektifmucadele1.org\/index.php\/wp-json\/wp\/v2\/manset?post=3404"}],"curies":[{"name":"wp","href":"https:\/\/api.w.org\/{rel}","templated":true}]}}