{"id":3418,"date":"2024-06-02T13:18:50","date_gmt":"2024-06-02T10:18:50","guid":{"rendered":"https:\/\/kolektifmucadele1.org\/?p=3418"},"modified":"2024-06-02T13:18:51","modified_gmt":"2024-06-02T10:18:51","slug":"filistin-icin-bin-genc-grubundan-10-kisi-gozaltina-alindi","status":"publish","type":"post","link":"https:\/\/kolektifmucadele1.org\/index.php\/2024\/06\/02\/filistin-icin-bin-genc-grubundan-10-kisi-gozaltina-alindi\/","title":{"rendered":"\u2018Filistin \u0130\u00e7in Bin Gen\u00e7\u2019 grubundan 10 ki\u015fi g\u00f6zalt\u0131na al\u0131nd\u0131"},"content":{"rendered":"\n<p>Azerbaycan&#8217;\u0131n petrol \u015firketi SOCAR&#8217;\u0131 \u0130srail&#8217;e petrol sa\u011flamas\u0131 nedeniyle \u0130stanbul&#8217;daki \u015firket binas\u0131 \u00f6n\u00fcnde protesto eden &#8220;Filistin \u0130\u00e7in Bin Gen\u00e7&#8221; grubu \u00fcyelerine y\u00f6nelik polis operasyonu d\u00fczenlendi.&nbsp;<\/p>\n\n\n\n<p>Cuma ve cumartesi g\u00fcn\u00fc yap\u0131lan protestolar\u0131n ard\u0131ndan, pazar sabah\u0131 grup \u00fcyesi 10 ki\u015fi ev bask\u0131nlar\u0131nda g\u00f6zalt\u0131na al\u0131nd\u0131.&nbsp;<\/p>\n\n\n\n<p>&#8220;Filistin \u0130\u00e7in Bin Gen\u00e7&#8221; grubu, sosyal medya platformu X \u00fczerinden yapt\u0131\u011f\u0131 a\u00e7\u0131klamada, &#8220;&#8216;Soyk\u0131r\u0131ma petrol tedarikini kesin&#8217; dedi\u011fimiz SOCAR eylemimizden sonra bu sabah 10 arkada\u015f\u0131m\u0131z \u015fafak operasyonuyla g\u00f6zalt\u0131na al\u0131nd\u0131&#8221; ifadelerini kulland\u0131.&nbsp;<\/p>\n\n\n\n<p>Grup, dayan\u0131\u015fma \u00e7a\u011fr\u0131s\u0131nda bulunarak, &#8220;Filistin&#8217;le dayan\u0131\u015fmak su\u00e7 de\u011fil, su\u00e7 \u0130srail&#8217;le i\u015fbirli\u011fidir&#8221; dedi.<\/p>\n","protected":false},"excerpt":{"rendered":"<p>Azerbaycan&#8217;\u0131n petrol \u015firketi SOCAR&#8217;\u0131 \u0130srail&#8217;e petrol sa\u011flamas\u0131&#46;&#46;&#46;<\/p>\n","protected":false},"author":3,"featured_media":3419,"comment_status":"open","ping_status":"open","sticky":false,"template":"","format":"standard","meta":{"footnotes":""},"categories":[5],"tags":[],"manset":[],"class_list":["post-3418","post","type-post","status-publish","format-standard","has-post-thumbnail","hentry","category-etkinlikler"],"amp_enabled":true,"_links":{"self":[{"href":"https:\/\/kolektifmucadele1.org\/index.php\/wp-json\/wp\/v2\/posts\/3418","targetHints":{"allow":["GET"]}}],"collection":[{"href":"https:\/\/kolektifmucadele1.org\/index.php\/wp-json\/wp\/v2\/posts"}],"about":[{"href":"https:\/\/kolektifmucadele1.org\/index.php\/wp-json\/wp\/v2\/types\/post"}],"author":[{"embeddable":true,"href":"https:\/\/kolektifmucadele1.org\/index.php\/wp-json\/wp\/v2\/users\/3"}],"replies":[{"embeddable":true,"href":"https:\/\/kolektifmucadele1.org\/index.php\/wp-json\/wp\/v2\/comments?post=3418"}],"version-history":[{"count":1,"href":"https:\/\/kolektifmucadele1.org\/index.php\/wp-json\/wp\/v2\/posts\/3418\/revisions"}],"predecessor-version":[{"id":3420,"href":"https:\/\/kolektifmucadele1.org\/index.php\/wp-json\/wp\/v2\/posts\/3418\/revisions\/3420"}],"wp:featuredmedia":[{"embeddable":true,"href":"https:\/\/kolektifmucadele1.org\/index.php\/wp-json\/wp\/v2\/media\/3419"}],"wp:attachment":[{"href":"https:\/\/kolektifmucadele1.org\/index.php\/wp-json\/wp\/v2\/media?parent=3418"}],"wp:term":[{"taxonomy":"category","embeddable":true,"href":"https:\/\/kolektifmucadele1.org\/index.php\/wp-json\/wp\/v2\/categories?post=3418"},{"taxonomy":"post_tag","embeddable":true,"href":"https:\/\/kolektifmucadele1.org\/index.php\/wp-json\/wp\/v2\/tags?post=3418"},{"taxonomy":"manset","embeddable":true,"href":"https:\/\/kolektifmucadele1.org\/index.php\/wp-json\/wp\/v2\/manset?post=3418"}],"curies":[{"name":"wp","href":"https:\/\/api.w.org\/{rel}","templated":true}]}}