{"id":3465,"date":"2024-06-06T21:49:19","date_gmt":"2024-06-06T18:49:19","guid":{"rendered":"https:\/\/kolektifmucadele1.org\/?p=3465"},"modified":"2024-06-06T21:49:20","modified_gmt":"2024-06-06T18:49:20","slug":"dem-parti-milletvekillerinden-bogazici-koprusune-pankart","status":"publish","type":"post","link":"https:\/\/kolektifmucadele1.org\/index.php\/2024\/06\/06\/dem-parti-milletvekillerinden-bogazici-koprusune-pankart\/","title":{"rendered":"DEM Parti milletvekillerinden Bo\u011fazi\u00e7i K\u00f6pr\u00fcs\u00fcne pankart"},"content":{"rendered":"\n<p>DEM Parti&#8217;nin 31 Mart se\u00e7imlerinde kazand\u0131\u011f\u0131 Hakkari Belediyesi&#8217;ne kayyum atanmas\u0131na y\u00f6nelik tepkiler s\u00fcr\u00fcyor.<\/p>\n\n\n\n<p>Mezopotamya Ajans\u0131&#8217;n\u0131n haberine g\u00f6re, Halklar\u0131n Demokratik Kongresi (HDK) E\u015fs\u00f6zc\u00fcs\u00fc Cengiz \u00c7i\u00e7ek ile DEM Parti \u0130stanbul milletvekilleri Kezban Konuk\u00e7u ve Celal F\u0131rat, Hakkari Belediyesi&#8217;ne kayyum atanmas\u0131na kar\u015f\u0131 Bo\u011fazi\u00e7i K\u00f6pr\u00fcs\u00fc&#8217;ne &#8220;Kayyum defol&#8221; pankart\u0131 ast\u0131.<\/p>\n","protected":false},"excerpt":{"rendered":"<p>DEM Parti&#8217;nin 31 Mart se\u00e7imlerinde kazand\u0131\u011f\u0131 Hakkari&#46;&#46;&#46;<\/p>\n","protected":false},"author":3,"featured_media":3466,"comment_status":"open","ping_status":"open","sticky":false,"template":"","format":"standard","meta":{"footnotes":""},"categories":[5],"tags":[],"manset":[],"class_list":["post-3465","post","type-post","status-publish","format-standard","has-post-thumbnail","hentry","category-etkinlikler"],"amp_enabled":true,"_links":{"self":[{"href":"https:\/\/kolektifmucadele1.org\/index.php\/wp-json\/wp\/v2\/posts\/3465","targetHints":{"allow":["GET"]}}],"collection":[{"href":"https:\/\/kolektifmucadele1.org\/index.php\/wp-json\/wp\/v2\/posts"}],"about":[{"href":"https:\/\/kolektifmucadele1.org\/index.php\/wp-json\/wp\/v2\/types\/post"}],"author":[{"embeddable":true,"href":"https:\/\/kolektifmucadele1.org\/index.php\/wp-json\/wp\/v2\/users\/3"}],"replies":[{"embeddable":true,"href":"https:\/\/kolektifmucadele1.org\/index.php\/wp-json\/wp\/v2\/comments?post=3465"}],"version-history":[{"count":1,"href":"https:\/\/kolektifmucadele1.org\/index.php\/wp-json\/wp\/v2\/posts\/3465\/revisions"}],"predecessor-version":[{"id":3467,"href":"https:\/\/kolektifmucadele1.org\/index.php\/wp-json\/wp\/v2\/posts\/3465\/revisions\/3467"}],"wp:featuredmedia":[{"embeddable":true,"href":"https:\/\/kolektifmucadele1.org\/index.php\/wp-json\/wp\/v2\/media\/3466"}],"wp:attachment":[{"href":"https:\/\/kolektifmucadele1.org\/index.php\/wp-json\/wp\/v2\/media?parent=3465"}],"wp:term":[{"taxonomy":"category","embeddable":true,"href":"https:\/\/kolektifmucadele1.org\/index.php\/wp-json\/wp\/v2\/categories?post=3465"},{"taxonomy":"post_tag","embeddable":true,"href":"https:\/\/kolektifmucadele1.org\/index.php\/wp-json\/wp\/v2\/tags?post=3465"},{"taxonomy":"manset","embeddable":true,"href":"https:\/\/kolektifmucadele1.org\/index.php\/wp-json\/wp\/v2\/manset?post=3465"}],"curies":[{"name":"wp","href":"https:\/\/api.w.org\/{rel}","templated":true}]}}