{"id":3593,"date":"2024-06-18T14:03:34","date_gmt":"2024-06-18T11:03:34","guid":{"rendered":"https:\/\/kolektifmucadele1.org\/?p=3593"},"modified":"2024-12-01T19:05:50","modified_gmt":"2024-12-01T16:05:50","slug":"115-yazar-ve-sanatcidan-kayyum-tepkisi-kayyum-hukuksuzdur-geri-cekilmelidir","status":"publish","type":"post","link":"https:\/\/kolektifmucadele1.org\/index.php\/2024\/06\/18\/115-yazar-ve-sanatcidan-kayyum-tepkisi-kayyum-hukuksuzdur-geri-cekilmelidir\/","title":{"rendered":"115 yazar ve sanat\u00e7\u0131dan kayyum tepkisi: Kayyum hukuksuzdur, geri \u00e7ekilmelidir"},"content":{"rendered":"\n<p>Hakkari Belediyesi&#8217;ne atanan kayyuma kar\u015f\u0131 tepkiler devam ediyor. Aralar\u0131nda yazar, sanat\u00e7\u0131 ve gazetecilerin oldu\u011fu 115 isim ortak yaz\u0131l\u0131 a\u00e7\u0131klama yaparak, kayyuma tepki g\u00f6sterdi.<\/p>\n\n\n\n<p>Kayyum politikas\u0131na son verilmesi \u00e7a\u011fr\u0131s\u0131 yap\u0131lan a\u00e7\u0131klamada, &#8220;Hakkari halk\u0131yla birlikte b\u00fct\u00fcn yurtta\u015flar\u0131n se\u00e7me ve se\u00e7ilme hakk\u0131n\u0131n \u00e7i\u011fnenmesi ve anayasan\u0131n a\u011f\u0131r bi\u00e7imde ihlalidir&#8221; denildi.&nbsp;<\/p>\n\n\n\n<p>A\u00e7\u0131klamada \u015fu ifadelere yer verildi: &#8220;Hakkari Belediyesi\u2019ne kayyum atanmas\u0131, Hakkari halk\u0131yla birlikte b\u00fct\u00fcn yurtta\u015flar\u0131n se\u00e7me ve se\u00e7ilme hakk\u0131n\u0131n \u00e7i\u011fnenmesi ve anayasan\u0131n a\u011f\u0131r bi\u00e7imde ihlalidir. \u00dclkenin bar\u0131\u015f ve refah i\u00e7inde ya\u015fama umuduna darbe indiren, hemen t\u00fcm toplum kesimlerinin hukuksuz buldu\u011fu kayyum uygulamalar\u0131n\u0131n s\u00fcreklilik kazanaca\u011f\u0131na dair a\u00e7\u0131klamalar\u0131 kabul edilmez buluyoruz. Anayasaya g\u00f6re, b\u00fct\u00fcn yurtta\u015flar\u0131n e\u015fit sahip oldu\u011fu, dokunulmaz bir hak olan se\u00e7me hakk\u0131na sayg\u0131 g\u00f6sterilmeli, Hakkari\u2019ye atanan kayyum derhal geri \u00e7ekilmeli, demokrasi ve hukukla hi\u00e7bir bi\u00e7imde ba\u011fda\u015fmayan t\u00fcm kayyum uygulamalar\u0131na son verilmelidir.\u201d&nbsp;<\/p>\n\n\n\n<h3 class=\"wp-block-heading\">\u0130MZACI \u0130S\u0130MLER<\/h3>\n\n\n\n<p>Yaz\u0131l\u0131 a\u00e7\u0131klamada imzas\u0131 bulunan isimler \u015f\u00f6yle: Abidin Par\u0131lt\u0131, Adnan \u00d6zyal\u00e7\u0131ner, Af\u015fin Kum, Ahmet Erkam Sara\u00e7, Ahmet G\u00fcne\u015f, Ahmet Telli, Ahmet \u00dcmit, Akif Kurtulu\u015f, Algan Sezgint\u00fcredi, Alper Can\u0131g\u00fcz, Altay \u00d6ktem, Asuman Susam, Ayfer Tun\u00e7, Ay\u015fe Sar\u0131say\u0131n, Ay\u015feg\u00fcl Devecio\u011flu, Ay\u015fen \u015eahin, Ba\u015fak Canda, Ba\u015far Ba\u015far\u0131r, Ba\u015far Y\u0131lmaz, Bekir Yurdakul, Belma F\u0131rat, Berivan Kaya, Bilsen Ba\u015faran, B\u00fclent Tekin, C. Hakk\u0131 Zari\u00e7, Cenk G\u00fcray, Cenk Kol\u00e7ak, \u00c7erkes Karada\u011f, Defne Suman, Deniz Durukan, Deniz Y\u00fcce Ba\u015far\u0131r, Duygu Kankayts\u0131n, Elif Sofya, Enes Kurda\u015f, Erc\u00fcment Akdeniz, Erdo\u011fan Ayd\u0131n, Ertan Meyan, Fatih Gezer, Fatih Polat, Fergun \u00d6zelli, Figen \u015eakac\u0131, Gaye Boral\u0131o\u011flu, Gonca \u00d6zmen, G\u00f6n\u00fcl K\u0131v\u0131lc\u0131m, G\u00fcrel S\u00fcr\u00fcc\u00fc, Haden \u00d6z, Halide Y\u0131ld\u0131r\u0131m, Halil \u0130brahim \u00d6zcan, Hasan \u00d6ztoprak, Hatice Meryem, Haydar Erg\u00fclen, Hayri K. Yetik, Hicri \u0130zg\u00f6ren, H\u00fclya Deniz \u00dcnal, \u0130nan\u00e7 Avadit, \u0130smail G\u00fczelsoy, Jaklin \u00c7elik, Kadir Ak\u0131n, Kamil Tekin S\u00fcrek, Kerem F\u0131rt\u0131na, Latife Tekin, Levent Karata\u015f, Mehmet Bilal Dede, Mehmet Said Ayd\u0131n, Menek\u015fe Toprak, Mine Soysal, Murat G\u00fclsoy, Murat \u00d6zya\u015far, Murat Uyurkulak, Murat Yal\u00e7\u0131n, Murathan Mungan, Mustafa Ero\u011flu, Mustafa G\u00fc\u00e7l\u00fc, Mustafa K\u00f6z, Mustafa Yelkenli, Muzaffer Kale, M\u00fcge \u0130plik\u00e7i, Nam\u0131k Kuyumcu, Nayim G\u00fcl, Nesimi Aday, Neslihan \u00d6ndero\u011flu, Neslihan Yalman, Ne\u015fe Ya\u015f\u0131n, Nevzat S\u00fcs, Nuray \u00d6no\u011flu, Nurhan Suerdem, Nursen Yi\u011fit, Onur B\u00fct\u00fcn, Orhan Alkaya, Orhan Pamuk, Oya Baydar, \u00d6mer T\u00fcrke\u015f, \u00d6zg\u00fcn Bulut, \u00d6zlem Ak\u0131nc\u0131, \u00d6zlem \u0130\u015fbilir, Polat \u00d6zl\u00fco\u011flu, R\u0131dvan Hatun, R\u0131fat Merto\u011flu, Sema Kaygusuz, Semih \u00c7elenk, Semih G\u00fcm\u00fc\u015f, Sevim Erdo\u011fan, S\u00fcreyyya Evren, \u015eebnem \u0130\u015fig\u00fczel, \u015eevket Karak\u0131\u015f, Ta\u00e7l\u0131 Yaz\u0131c\u0131o\u011flu, Tarhan G\u00fcrhan, T\u00fclin Dursun, \u00dcmit K\u0131van\u00e7, Vecdi Erbay, Yaprak Zihnio\u011flu, Yasemin \u00d6zek, Yavuz Ekinci, Y\u00fccel Aysal, Zeynep Oral.<\/p>\n","protected":false},"excerpt":{"rendered":"<p>Hakkari Belediyesi&#8217;ne atanan kayyuma kar\u015f\u0131 tepkiler devam&#46;&#46;&#46;<\/p>\n","protected":false},"author":3,"featured_media":3594,"comment_status":"closed","ping_status":"open","sticky":false,"template":"","format":"standard","meta":{"footnotes":""},"categories":[5],"tags":[],"manset":[],"class_list":["post-3593","post","type-post","status-publish","format-standard","has-post-thumbnail","hentry","category-etkinlikler"],"amp_enabled":true,"_links":{"self":[{"href":"https:\/\/kolektifmucadele1.org\/index.php\/wp-json\/wp\/v2\/posts\/3593","targetHints":{"allow":["GET"]}}],"collection":[{"href":"https:\/\/kolektifmucadele1.org\/index.php\/wp-json\/wp\/v2\/posts"}],"about":[{"href":"https:\/\/kolektifmucadele1.org\/index.php\/wp-json\/wp\/v2\/types\/post"}],"author":[{"embeddable":true,"href":"https:\/\/kolektifmucadele1.org\/index.php\/wp-json\/wp\/v2\/users\/3"}],"replies":[{"embeddable":true,"href":"https:\/\/kolektifmucadele1.org\/index.php\/wp-json\/wp\/v2\/comments?post=3593"}],"version-history":[{"count":1,"href":"https:\/\/kolektifmucadele1.org\/index.php\/wp-json\/wp\/v2\/posts\/3593\/revisions"}],"predecessor-version":[{"id":3595,"href":"https:\/\/kolektifmucadele1.org\/index.php\/wp-json\/wp\/v2\/posts\/3593\/revisions\/3595"}],"wp:featuredmedia":[{"embeddable":true,"href":"https:\/\/kolektifmucadele1.org\/index.php\/wp-json\/wp\/v2\/media\/3594"}],"wp:attachment":[{"href":"https:\/\/kolektifmucadele1.org\/index.php\/wp-json\/wp\/v2\/media?parent=3593"}],"wp:term":[{"taxonomy":"category","embeddable":true,"href":"https:\/\/kolektifmucadele1.org\/index.php\/wp-json\/wp\/v2\/categories?post=3593"},{"taxonomy":"post_tag","embeddable":true,"href":"https:\/\/kolektifmucadele1.org\/index.php\/wp-json\/wp\/v2\/tags?post=3593"},{"taxonomy":"manset","embeddable":true,"href":"https:\/\/kolektifmucadele1.org\/index.php\/wp-json\/wp\/v2\/manset?post=3593"}],"curies":[{"name":"wp","href":"https:\/\/api.w.org\/{rel}","templated":true}]}}