{"id":3599,"date":"2024-06-18T14:19:14","date_gmt":"2024-06-18T11:19:14","guid":{"rendered":"https:\/\/kolektifmucadele1.org\/?p=3599"},"modified":"2024-12-01T19:05:50","modified_gmt":"2024-12-01T16:05:50","slug":"istanbuldaki-kayyum-protestosu-devam-ediyor","status":"publish","type":"post","link":"https:\/\/kolektifmucadele1.org\/index.php\/2024\/06\/18\/istanbuldaki-kayyum-protestosu-devam-ediyor\/","title":{"rendered":"\u0130stanbul\u2019daki kayyum protestosu devam ediyor"},"content":{"rendered":"\n<p>\u0130stanbul Emek, Bar\u0131\u015f ve Demokrasi G\u00fc\u00e7leri, Colem\u00earg Belediyesi\u2019ne kayy\u0131m atanmas\u0131na kar\u015f\u0131 Beyo\u011flu\u2019nda bulunan \u015ei\u015fhane Meydan\u0131\u2019nda ba\u015flatt\u0131\u011f\u0131 \u201cAdalet N\u00f6beti\u201dni Kurban Bayram\u0131\u2019n\u0131n ikinci g\u00fcn\u00fcnde s\u00fcrd\u00fcrd\u00fc. \u201cKayyum defol\u201d ti\u015f\u00f6rtlerinin giyildi\u011fi n\u00f6bet eyleminde, \u201cG\u00fcn gelecek devran d\u00f6necek AKP halka hesap verecek\u201d, \u201cBij\u00ee berxwedana Colem\u00earg\u00ea\u201d, \u201cKayy\u0131mlar gidecek biz kalaca\u011f\u0131z\u201d ve \u201cBij\u00ee berxwedana zindanan\u201d sloganlar\u0131 at\u0131ld\u0131.<\/p>\n","protected":false},"excerpt":{"rendered":"<p>\u0130stanbul Emek, Bar\u0131\u015f ve Demokrasi G\u00fc\u00e7leri, Colem\u00earg&#46;&#46;&#46;<\/p>\n","protected":false},"author":3,"featured_media":3600,"comment_status":"closed","ping_status":"open","sticky":false,"template":"","format":"standard","meta":{"footnotes":""},"categories":[5],"tags":[],"manset":[],"class_list":["post-3599","post","type-post","status-publish","format-standard","has-post-thumbnail","hentry","category-etkinlikler"],"amp_enabled":true,"_links":{"self":[{"href":"https:\/\/kolektifmucadele1.org\/index.php\/wp-json\/wp\/v2\/posts\/3599","targetHints":{"allow":["GET"]}}],"collection":[{"href":"https:\/\/kolektifmucadele1.org\/index.php\/wp-json\/wp\/v2\/posts"}],"about":[{"href":"https:\/\/kolektifmucadele1.org\/index.php\/wp-json\/wp\/v2\/types\/post"}],"author":[{"embeddable":true,"href":"https:\/\/kolektifmucadele1.org\/index.php\/wp-json\/wp\/v2\/users\/3"}],"replies":[{"embeddable":true,"href":"https:\/\/kolektifmucadele1.org\/index.php\/wp-json\/wp\/v2\/comments?post=3599"}],"version-history":[{"count":1,"href":"https:\/\/kolektifmucadele1.org\/index.php\/wp-json\/wp\/v2\/posts\/3599\/revisions"}],"predecessor-version":[{"id":3601,"href":"https:\/\/kolektifmucadele1.org\/index.php\/wp-json\/wp\/v2\/posts\/3599\/revisions\/3601"}],"wp:featuredmedia":[{"embeddable":true,"href":"https:\/\/kolektifmucadele1.org\/index.php\/wp-json\/wp\/v2\/media\/3600"}],"wp:attachment":[{"href":"https:\/\/kolektifmucadele1.org\/index.php\/wp-json\/wp\/v2\/media?parent=3599"}],"wp:term":[{"taxonomy":"category","embeddable":true,"href":"https:\/\/kolektifmucadele1.org\/index.php\/wp-json\/wp\/v2\/categories?post=3599"},{"taxonomy":"post_tag","embeddable":true,"href":"https:\/\/kolektifmucadele1.org\/index.php\/wp-json\/wp\/v2\/tags?post=3599"},{"taxonomy":"manset","embeddable":true,"href":"https:\/\/kolektifmucadele1.org\/index.php\/wp-json\/wp\/v2\/manset?post=3599"}],"curies":[{"name":"wp","href":"https:\/\/api.w.org\/{rel}","templated":true}]}}