{"id":3629,"date":"2024-06-20T22:55:00","date_gmt":"2024-06-20T19:55:00","guid":{"rendered":"https:\/\/kolektifmucadele1.org\/?p=3629"},"modified":"2024-12-01T19:05:50","modified_gmt":"2024-12-01T16:05:50","slug":"wanda-gaspa-karsi-nobet-eylemi-baslatildi","status":"publish","type":"post","link":"https:\/\/kolektifmucadele1.org\/index.php\/2024\/06\/20\/wanda-gaspa-karsi-nobet-eylemi-baslatildi\/","title":{"rendered":"Wan\u2019da gaspa kar\u015f\u0131 n\u00f6bet eylemi ba\u015flat\u0131ld\u0131"},"content":{"rendered":"\n<p>Halklar\u0131n E\u015fitlik ve Demokrasi Partisi (DEM Parti) &nbsp;Colem\u00earg Belediyesi&#8217;ne el konulmas\u0131na kar\u015f\u0131 Wan&#8217;da n\u00f6bet eylemi ba\u015flatt\u0131.<\/p>\n\n\n\n<p>Wan B\u00fcy\u00fck\u015fehir Belediyesi bah\u00e7esinde ba\u015flat\u0131lan eylemde, &#8220;Kayyuma, fa\u015fizme ge\u00e7it yok. Halk iradesini tan\u0131y\u0131n&#8221; yaz\u0131l\u0131 K\u00fcrt\u00e7e, T\u00fcrk\u00e7e pankart as\u0131ld\u0131. Eyleme Demokratik B\u00f6lgeler Partisi (DBP) il ve il\u00e7e \u00f6rg\u00fctleri, Tevgera Jin\u00ean Azad (TJA), Tutuklu ve H\u00fck\u00fcml\u00fc Aileleriyle Yard\u0131mla\u015fma Derne\u011fi (TUHAY-DER), Medeniyetler Be\u015fi\u011finde Yak\u0131nlar\u0131n\u0131 Kaybedenlerle Yard\u0131mla\u015fma ve Dayan\u0131\u015fma Derne\u011fi (MEBYA-DER), Dil ve K\u00fclt\u00fcr Ara\u015ft\u0131rmalar\u0131 Derne\u011fi (ARS\u0130SA), Emek ve Demokrasi Platformu, Bar\u0131\u015f Anneleri Meclisi \u00fcyeleri, bir\u00e7ok Sivil Toplum \u00d6rg\u00fct\u00fc (ST\u00d6) ile \u00e7ok say\u0131da ki\u015fi kat\u0131ld\u0131.<\/p>\n\n\n\n<p><strong>\u2018BU HUKUKSUZLUK T\u00dcM \u00dcLKEYE YAYILACAK\u2019<\/strong><\/p>\n\n\n\n<p>N\u00f6bette konu\u015fan DEM Parti \u0130l E\u015fba\u015fkan\u0131 Veysi Dilek\u00e7i, \u201cAKP-MHP iktidar\u0131n\u0131n temel politikas\u0131 hukuksuzluktur. Kayyum rejimi de K\u00fcrt halk\u0131n\u0131n iradesini tan\u0131mama anlam\u0131ndad\u0131r\u201d dedi.<\/p>\n\n\n\n<p>Muhalefete, hukuk\u00e7ulara \u00e7a\u011fr\u0131da bulunan Dilek\u00e7i, \u201cKayyum demek bu \u00fclkede ekonomik krizdir.&nbsp;Kayy\u0131m i\u015fsizlik, hukuksuzluk demektir. Bunun i\u00e7in Hakk\u00e2ri belediyesine atanan kayyum kabul edilmemeli. Kayyum sadece K\u00fcrt halk\u0131n\u0131n sorunu de\u011fildir. Bug\u00fcn bir\u00e7ok metropolde yurtta\u015flar ge\u00e7inemedikleri i\u00e7in intihar ediyor. Bug\u00fcn K\u00fcrtlere uygulanan bu hukuksuzluk yar\u0131n t\u00fcm \u00fclkeye yay\u0131lacakt\u0131r \u201cdedi.&nbsp;<\/p>\n\n\n\n<p><strong>N\u00d6BETE KATILIM \u00c7A\u011eRISI&nbsp;<\/strong><\/p>\n\n\n\n<p>Gaspa kar\u015f\u0131 belediyeler \u00f6n\u00fcnde n\u00f6bet eylemi ba\u015flat\u0131ld\u0131\u011f\u0131na i\u015faret eden Dilek\u00e7i, Kayyum atamalar\u0131 darbedir. AKP-MHP halk\u0131n iradesine sayg\u0131 duymal\u0131d\u0131r. Kimse bu halk\u0131n akl\u0131yla alay etmemeli. Halk sand\u0131\u011fa giderek kayyumlara en b\u00fcy\u00fck cevab\u0131 vermi\u015ftir. Wan&#8217;da &nbsp;14 belediyenin tamam\u0131n\u0131 se\u00e7en halk\u0131m\u0131z, kayyumlara politik bir cevap vermi\u015ftir. Kayyum atamalar\u0131na kar\u015f\u0131 \u00e7\u0131kmak \u00e7ocuklar\u0131m\u0131z\u0131n gelece\u011fine sahip \u00e7\u0131kmakt\u0131r\u201d dedi.<\/p>\n\n\n\n<p>Dilek\u00e7i, bug\u00fcnden itibaren her g\u00fcn saat 17.00-21.00 aras\u0131 B\u00fcy\u00fck\u015fehir Belediyesi \u00f6n\u00fcnde oturma eylemini s\u00fcrd\u00fcreceklerini belirtti.<\/p>\n\n\n\n<p>Eylemde s\u0131k s\u0131k &#8220;Colem\u00earg ya me ye r\u00fbmeta me ye&#8221;, &#8220;Kayyumlar gidecek halk gelecek&#8221; sloganlar\u0131 at\u0131ld\u0131.<\/p>\n","protected":false},"excerpt":{"rendered":"<p>Halklar\u0131n E\u015fitlik ve Demokrasi Partisi (DEM Parti)&#46;&#46;&#46;<\/p>\n","protected":false},"author":3,"featured_media":3630,"comment_status":"closed","ping_status":"open","sticky":false,"template":"","format":"standard","meta":{"footnotes":""},"categories":[5],"tags":[],"manset":[],"class_list":["post-3629","post","type-post","status-publish","format-standard","has-post-thumbnail","hentry","category-etkinlikler"],"amp_enabled":true,"_links":{"self":[{"href":"https:\/\/kolektifmucadele1.org\/index.php\/wp-json\/wp\/v2\/posts\/3629","targetHints":{"allow":["GET"]}}],"collection":[{"href":"https:\/\/kolektifmucadele1.org\/index.php\/wp-json\/wp\/v2\/posts"}],"about":[{"href":"https:\/\/kolektifmucadele1.org\/index.php\/wp-json\/wp\/v2\/types\/post"}],"author":[{"embeddable":true,"href":"https:\/\/kolektifmucadele1.org\/index.php\/wp-json\/wp\/v2\/users\/3"}],"replies":[{"embeddable":true,"href":"https:\/\/kolektifmucadele1.org\/index.php\/wp-json\/wp\/v2\/comments?post=3629"}],"version-history":[{"count":1,"href":"https:\/\/kolektifmucadele1.org\/index.php\/wp-json\/wp\/v2\/posts\/3629\/revisions"}],"predecessor-version":[{"id":3631,"href":"https:\/\/kolektifmucadele1.org\/index.php\/wp-json\/wp\/v2\/posts\/3629\/revisions\/3631"}],"wp:featuredmedia":[{"embeddable":true,"href":"https:\/\/kolektifmucadele1.org\/index.php\/wp-json\/wp\/v2\/media\/3630"}],"wp:attachment":[{"href":"https:\/\/kolektifmucadele1.org\/index.php\/wp-json\/wp\/v2\/media?parent=3629"}],"wp:term":[{"taxonomy":"category","embeddable":true,"href":"https:\/\/kolektifmucadele1.org\/index.php\/wp-json\/wp\/v2\/categories?post=3629"},{"taxonomy":"post_tag","embeddable":true,"href":"https:\/\/kolektifmucadele1.org\/index.php\/wp-json\/wp\/v2\/tags?post=3629"},{"taxonomy":"manset","embeddable":true,"href":"https:\/\/kolektifmucadele1.org\/index.php\/wp-json\/wp\/v2\/manset?post=3629"}],"curies":[{"name":"wp","href":"https:\/\/api.w.org\/{rel}","templated":true}]}}