{"id":3714,"date":"2024-06-28T02:40:43","date_gmt":"2024-06-27T23:40:43","guid":{"rendered":"https:\/\/kolektifmucadele1.org\/?p=3714"},"modified":"2024-12-01T19:05:50","modified_gmt":"2024-12-01T16:05:50","slug":"fransada-binlerce-kisi-asiri-saga-karsi-sokalarda","status":"publish","type":"post","link":"https:\/\/kolektifmucadele1.org\/index.php\/2024\/06\/28\/fransada-binlerce-kisi-asiri-saga-karsi-sokalarda\/","title":{"rendered":"Fransa&#8217;da binlerce ki\u015fi a\u015f\u0131r\u0131 sa\u011fa kar\u015f\u0131 sokalarda"},"content":{"rendered":"\n<p>Fransa&#8217;n\u0131n ba\u015fkenti Paris&#8217;te a\u015f\u0131r\u0131 sa\u011fa kar\u015f\u0131 bir araya gelen medya, dernekler ve sendikalar geni\u015f kat\u0131l\u0131ml\u0131 bir protesto g\u00f6sterisi d\u00fczenledi. Cumhuriyet Meydan\u0131&#8217;nda toplanan binlerce ki\u015fi yakla\u015fan erken genel se\u00e7imler \u00f6ncesinde, Fransa&#8217;da a\u015f\u0131r\u0131 sa\u011fa ve Ulusal Birlik Partisi&#8217;ne (Rassemblement National) kar\u015f\u0131 sloganlar att\u0131. &#8220;Bug\u00fcn buradaysak, umudumuz oldu\u011fu i\u00e7indir&#8221; slogan\u0131yla ger\u00e7ekle\u015ftirilen g\u00f6steride konu\u015fma yapan Alice Diop ve Anna Mouglalis gibi bir\u00e7ok sanat\u00e7\u0131 ve entelekt\u00fcel, a\u015f\u0131r\u0131 sa\u011fa kar\u015f\u0131 durma \u00e7a\u011fr\u0131s\u0131 yapt\u0131. Sivil toplum, siyaset ve k\u00fclt\u00fcr d\u00fcnyas\u0131ndan gelen konu\u015fmac\u0131lar, vatanda\u015flara a\u015f\u0131r\u0131 sa\u011f tehdidine kar\u015f\u0131 demokratik de\u011ferleri savunmalar\u0131n\u0131 s\u00f6yledi.<\/p>\n","protected":false},"excerpt":{"rendered":"<p>Fransa&#8217;n\u0131n ba\u015fkenti Paris&#8217;te a\u015f\u0131r\u0131 sa\u011fa kar\u015f\u0131 bir&#46;&#46;&#46;<\/p>\n","protected":false},"author":3,"featured_media":3715,"comment_status":"closed","ping_status":"open","sticky":false,"template":"","format":"standard","meta":{"footnotes":""},"categories":[11],"tags":[],"manset":[],"class_list":["post-3714","post","type-post","status-publish","format-standard","has-post-thumbnail","hentry","category-dunya"],"amp_enabled":true,"_links":{"self":[{"href":"https:\/\/kolektifmucadele1.org\/index.php\/wp-json\/wp\/v2\/posts\/3714","targetHints":{"allow":["GET"]}}],"collection":[{"href":"https:\/\/kolektifmucadele1.org\/index.php\/wp-json\/wp\/v2\/posts"}],"about":[{"href":"https:\/\/kolektifmucadele1.org\/index.php\/wp-json\/wp\/v2\/types\/post"}],"author":[{"embeddable":true,"href":"https:\/\/kolektifmucadele1.org\/index.php\/wp-json\/wp\/v2\/users\/3"}],"replies":[{"embeddable":true,"href":"https:\/\/kolektifmucadele1.org\/index.php\/wp-json\/wp\/v2\/comments?post=3714"}],"version-history":[{"count":1,"href":"https:\/\/kolektifmucadele1.org\/index.php\/wp-json\/wp\/v2\/posts\/3714\/revisions"}],"predecessor-version":[{"id":3716,"href":"https:\/\/kolektifmucadele1.org\/index.php\/wp-json\/wp\/v2\/posts\/3714\/revisions\/3716"}],"wp:featuredmedia":[{"embeddable":true,"href":"https:\/\/kolektifmucadele1.org\/index.php\/wp-json\/wp\/v2\/media\/3715"}],"wp:attachment":[{"href":"https:\/\/kolektifmucadele1.org\/index.php\/wp-json\/wp\/v2\/media?parent=3714"}],"wp:term":[{"taxonomy":"category","embeddable":true,"href":"https:\/\/kolektifmucadele1.org\/index.php\/wp-json\/wp\/v2\/categories?post=3714"},{"taxonomy":"post_tag","embeddable":true,"href":"https:\/\/kolektifmucadele1.org\/index.php\/wp-json\/wp\/v2\/tags?post=3714"},{"taxonomy":"manset","embeddable":true,"href":"https:\/\/kolektifmucadele1.org\/index.php\/wp-json\/wp\/v2\/manset?post=3714"}],"curies":[{"name":"wp","href":"https:\/\/api.w.org\/{rel}","templated":true}]}}