{"id":3788,"date":"2024-07-06T23:52:02","date_gmt":"2024-07-06T20:52:02","guid":{"rendered":"https:\/\/kolektifmucadele1.org\/?p=3788"},"modified":"2024-12-01T19:05:49","modified_gmt":"2024-12-01T16:05:49","slug":"iradeye-saygi-yuruyusu-7nci-gununde","status":"publish","type":"post","link":"https:\/\/kolektifmucadele1.org\/index.php\/2024\/07\/06\/iradeye-saygi-yuruyusu-7nci-gununde\/","title":{"rendered":"\u0130radeye Sayg\u0131 Y\u00fcr\u00fcy\u00fc\u015f\u00fc 7\u2019nci g\u00fcn\u00fcnde"},"content":{"rendered":"\n<p>Halklar\u0131n E\u015fitlik ve Demokrasi Partisi (DEM Parti) y\u00f6netimindeki Colem\u00earg Belediyesi\u2019nin 3 Haziran&#8217;da AKP-MHP iktidar\u0131 taraf\u0131ndan gasp edilmesine kar\u015f\u0131 ba\u015flat\u0131lan \u201c\u0130radeye Sayg\u0131 Y\u00fcr\u00fcy\u00fc\u015f\u00fc\u201d 7\u2019nci g\u00fcn\u00fcnde devam ediyor. Demokratik B\u00f6lgeler Partisi (DBP) E\u015f Genel Ba\u015fkan\u0131 Keskin Bay\u0131nd\u0131r, milletvekilleri, belediye e\u015f ba\u015fkanlar\u0131 ve sivil toplum \u00f6rg\u00fct\u00fc temsilcilerinin de aralar\u0131nda bulundu\u011fu 350 ki\u015fi geceyi Wan\u2019\u0131n Elbak (Ba\u015fkale) il\u00e7esinde ge\u00e7irdi. Sabah\u0131n erken saatlerinde bir araya gelen y\u00fcr\u00fcy\u00fc\u015f\u00e7\u00fcler, il\u00e7e merkezinden Colem\u00earg yoluna do\u011fru y\u00fcr\u00fcy\u00fc\u015fe ge\u00e7ti. \u201cJin, jiyan, azad\u00ee\u201d, \u201cColem\u00earg ya me ye\u201d, \u201cBij\u00ee berxwedana zindanan\u201d, \u201cG\u00fcn gelecek devran d\u00f6necek, AKP halka hesap verecek\u201d sloganlar\u0131yla devam etti.<\/p>\n","protected":false},"excerpt":{"rendered":"<p>Halklar\u0131n E\u015fitlik ve Demokrasi Partisi (DEM Parti)&#46;&#46;&#46;<\/p>\n","protected":false},"author":3,"featured_media":3789,"comment_status":"closed","ping_status":"open","sticky":false,"template":"","format":"standard","meta":{"footnotes":""},"categories":[5],"tags":[],"manset":[],"class_list":["post-3788","post","type-post","status-publish","format-standard","has-post-thumbnail","hentry","category-etkinlikler"],"amp_enabled":true,"_links":{"self":[{"href":"https:\/\/kolektifmucadele1.org\/index.php\/wp-json\/wp\/v2\/posts\/3788","targetHints":{"allow":["GET"]}}],"collection":[{"href":"https:\/\/kolektifmucadele1.org\/index.php\/wp-json\/wp\/v2\/posts"}],"about":[{"href":"https:\/\/kolektifmucadele1.org\/index.php\/wp-json\/wp\/v2\/types\/post"}],"author":[{"embeddable":true,"href":"https:\/\/kolektifmucadele1.org\/index.php\/wp-json\/wp\/v2\/users\/3"}],"replies":[{"embeddable":true,"href":"https:\/\/kolektifmucadele1.org\/index.php\/wp-json\/wp\/v2\/comments?post=3788"}],"version-history":[{"count":1,"href":"https:\/\/kolektifmucadele1.org\/index.php\/wp-json\/wp\/v2\/posts\/3788\/revisions"}],"predecessor-version":[{"id":3790,"href":"https:\/\/kolektifmucadele1.org\/index.php\/wp-json\/wp\/v2\/posts\/3788\/revisions\/3790"}],"wp:featuredmedia":[{"embeddable":true,"href":"https:\/\/kolektifmucadele1.org\/index.php\/wp-json\/wp\/v2\/media\/3789"}],"wp:attachment":[{"href":"https:\/\/kolektifmucadele1.org\/index.php\/wp-json\/wp\/v2\/media?parent=3788"}],"wp:term":[{"taxonomy":"category","embeddable":true,"href":"https:\/\/kolektifmucadele1.org\/index.php\/wp-json\/wp\/v2\/categories?post=3788"},{"taxonomy":"post_tag","embeddable":true,"href":"https:\/\/kolektifmucadele1.org\/index.php\/wp-json\/wp\/v2\/tags?post=3788"},{"taxonomy":"manset","embeddable":true,"href":"https:\/\/kolektifmucadele1.org\/index.php\/wp-json\/wp\/v2\/manset?post=3788"}],"curies":[{"name":"wp","href":"https:\/\/api.w.org\/{rel}","templated":true}]}}