{"id":3835,"date":"2024-07-10T23:11:56","date_gmt":"2024-07-10T20:11:56","guid":{"rendered":"https:\/\/kolektifmucadele1.org\/?p=3835"},"modified":"2024-12-01T19:05:37","modified_gmt":"2024-12-01T16:05:37","slug":"ali-ismail-korkmaz-mezari-basinda-anildi-gezi-ozgurlukler-icin-bir-direnisti","status":"publish","type":"post","link":"https:\/\/kolektifmucadele1.org\/index.php\/2024\/07\/10\/ali-ismail-korkmaz-mezari-basinda-anildi-gezi-ozgurlukler-icin-bir-direnisti\/","title":{"rendered":"Ali \u0130smail Korkmaz mezar\u0131 ba\u015f\u0131nda an\u0131ld\u0131: &#8220;Gezi \u00f6zg\u00fcrl\u00fckler i\u00e7in bir direni\u015fti&#8221;"},"content":{"rendered":"\n<p>Eski\u015fehir\u2019de Gezi eylemleri s\u0131ras\u0131nda \u00f6ld\u00fcr\u00fclen Ali \u0130smail Korkmaz\u2019\u0131n \u00f6l\u00fcm y\u0131l d\u00f6n\u00fcm\u00fcnde kendi ad\u0131na kurulan Ali \u0130smail Korkmaz Vakf\u0131 (AL\u0130KEV) \u00f6nc\u00fcl\u00fc\u011f\u00fcnde anma d\u00fczenlendi.<\/p>\n\n\n\n<p>Hatay&#8217;da Merkez Antakya il\u00e7esi Ekinci Asri Mezarl\u0131\u011f\u0131&#8217;nda bulunan mezar\u0131 ba\u015f\u0131nda yap\u0131lan anmaya&nbsp; Halklar\u0131n E\u015fitlik ve Demokrasi Partisi (DEM Parti) E\u015f Genel Ba\u015fkan\u0131 T\u00fclay Hatimo\u011fullar\u0131, Korkmaz&#8217;\u0131n annesi Emel Korkmaz, babas\u0131 \u015eahap Korkmaz, a\u011fabeyi G\u00fcrkan Korkmaz ile kentteki siyasi parti ve sivil toplum \u00f6rg\u00fct\u00fc temsilcileri kat\u0131ld\u0131. Anma etkinli\u011fine kat\u0131lanlar Korkmaz&#8217;\u0131n mezar\u0131na \u00e7i\u00e7ek b\u0131rakt\u0131. Anmada DEM Parti E\u015f Genel Ba\u015fkan\u0131 T\u00fclay Hatimo\u011fullar\u0131, konu\u015ftu.<\/p>\n\n\n\n<p>&#8220;B\u0130ZE G\u00dc\u00c7 VER\u0130YOR&#8221;<\/p>\n\n\n\n<p>Anmada ilk olarak s\u00f6z alan Korkmaz&#8217;\u0131n annesi Emel Korkmaz, Korkmaz&#8217;\u0131 ya\u015fatman\u0131n kendisine g\u00fc\u00e7 verdi\u011fini s\u00f6yledi. Korkmaz&#8217;\u0131n babas\u0131 \u015eahap Korkmaz ise anmaya kat\u0131lanlara te\u015fekk\u00fcr etti. Korkmaz&#8217;\u0131n a\u011fabeyi G\u00fcrkan Korkmaz ise Korkmaz&#8217;\u0131 a\u011flayarak de\u011fil; anmalarda t\u00fcrk\u00fcler s\u00f6yleyip, halay \u00e7ekip and\u0131klar\u0131n\u0131 s\u00f6zlerine ekledi.<\/p>\n\n\n\n<p>&#8220;GEZ\u0130&#8217;DE YA\u015eIYORLAR&#8221;<\/p>\n\n\n\n<p>Anmada konu\u015fan DEM Parti E\u015f Genel Ba\u015fkan\u0131 T\u00fclay Hatimo\u011fullar\u0131, Korkmaz&#8217;\u0131n ailesine ba\u015fsa\u011fl\u0131\u011f\u0131 dileyerek s\u00f6zlerine ba\u015flad\u0131. Hatimo\u011fullar\u0131, &#8220;Ali \u0130smail ger\u00e7ekten \u00e7ok \u015fansl\u0131 bir \u00e7ocuk. \u00c7\u00fcnk\u00fc onu ya\u015fatmak i\u00e7in ba\u015fta ailesi olmak \u00fczere \u00e7ok say\u0131da insan onun i\u00e7in b\u00fcy\u00fck emekler verdi, onun an\u0131lar\u0131n\u0131 ve fikirlerini ya\u015fatmak i\u00e7in. Gezi, Ali \u0130smail Korkmaz ile burada yitirdi\u011fimiz canlar\u0131m\u0131zla, Ahmetlerle, Abdocanlarla, Berkinlerle yani Gezi\u2019nin b\u00fct\u00fcn \u015fehitleriyle Gezi ya\u015f\u0131yor. Gezi sadece bir a\u011fa\u00e7 nedeniyle \u00e7\u0131km\u0131\u015f bir halk direni\u015fi de\u011fildi, bir sivil itaatsizlik de\u011fildi. Gezi evet Gezi Park\u0131na sahip \u00e7\u0131kmak i\u00e7indi. T\u00fcrkiye\u2019de de\u011fi\u015ftirilmek istenen k\u00fclt\u00fcrel dokuya, de\u011fi\u015ftirilmek istenen kentlerimizin siluetine ve tarihine sahip \u00e7\u0131kmak i\u00e7in bir direni\u015fti. Gezi, \u00f6zg\u00fcrl\u00fckler i\u00e7in bir direni\u015fti. Gezi kad\u0131nlar\u0131n gen\u00e7lerin \u00f6zg\u00fcrl\u00fc\u011f\u00fc e\u015fitli\u011fi i\u00e7in bir deni\u015fti. \u0130\u015fsizlerin yoksullar\u0131n isyan\u0131yd\u0131&#8221; dedi.<\/p>\n\n\n\n<p>&#8220;T\u00dcRK\u0130YE \u0130\u00c7\u0130ND\u0130 O M\u00dcCADELE&#8221;<\/p>\n\n\n\n<p>Hatimo\u011fullar\u0131 konu\u015fmas\u0131n\u0131 \u015f\u00f6yle s\u00fcrd\u00fcrd\u00fc: &#8220;Gezide yitirdi\u011fimiz b\u00fct\u00fcn canlar\u0131m\u0131z, bizlerden kopar\u0131lan her dal, her a\u011fa\u00e7 bizim de\u011ferimizdi ve \u00f6zg\u00fcrl\u00fck m\u00fccadelesi i\u00e7in direnenlerdi. O d\u00f6nemin siyasal iklimi ve hala devam eden karanl\u0131k tabloyu tersine \u00e7evirmek ayd\u0131nl\u0131k bir \u00fclkeye kavu\u015fmak, kimsenin kimseye \u015fiddet uygulamad\u0131\u011f\u0131 can\u0131n\u0131 yakmad\u0131\u011f\u0131, hi\u00e7 bir halk\u0131n inanc\u0131n ayr\u0131mc\u0131l\u0131\u011fa maruz kalmad\u0131\u011f\u0131 bir T\u00fcrkiye i\u00e7indi o m\u00fccadele. Bizler Gezi direni\u015fini asla unutmayaca\u011f\u0131z. Gezi direni\u015fi T\u00fcrkiye toplumunun son y\u00fczy\u0131l\u0131 boyunca olu\u015fmu\u015f en \u00f6nemli haf\u0131zlar\u0131ndan biridir. Burada gen\u00e7lerimizi katledilerek zannettiler ki Gezi direni\u015fine diz \u00e7\u00f6kt\u00fcrecekler. Oysa Gezi her dal\u0131n yerine onlarca yenisinin ye\u015ferdi\u011fi, her tomurcu\u011fun yerine binlerce tomurcu\u011fun ye\u015ferdi\u011fi, Gezi ay\u0131n zamanda alanlara sokaklara, toplumun bir \u0131rmak gibi capcanl\u0131 akt\u0131\u011f\u0131 bir d\u00f6nemdi. Gezi direni\u015fini hi\u00e7bir zaman unutmayaca\u011f\u0131z. Ali \u0130smail \u015fahs\u0131nda Gezide yitirdi\u011fimiz b\u00fct\u00fcn canlar\u0131m\u0131z\u0131, demokrasi ve devrim m\u00fccadelesinde yitirdi\u011fimiz b\u00fct\u00fcn canlar\u0131m\u0131z\u0131 burada bu mezar ba\u015f\u0131nda sayg\u0131yla an\u0131yorum. Ve sizlere s\u00f6z\u00fcm\u00fcz olsun ki hayallerini yerine getirece\u011fiz. Hayalleriniz insanca bir \u00fclkede ya\u015famak, insanca bir toplumun in\u015fas\u0131yd\u0131.<\/p>\n\n\n\n<p>HER ZAMAN B\u0130R ARADA OLACA\u011eIZ<\/p>\n\n\n\n<p>Sevgili Ali \u0130smail, b\u00fct\u00fcn hayallerin ger\u00e7ek olana kadar t\u0131pk\u0131 annenin dedi\u011fi gibi biz birken binler nas\u0131l olduysak bu hayalleri birken milyonlara nas\u0131l \u00e7evirdiysek bu hayallerimiz ba\u015far\u0131 ve ger\u00e7e\u011fe ula\u015fana dek m\u00fccadelemiz artarak \u00e7o\u011falarak devam edecektir. Ben bir kez daha \u00f6zellikle Ali \u0130smail\u2019in karde\u015fimizin ailesinin, gerek kurmu\u015f oldu\u011fu vak\u0131fla gerekse yapt\u0131\u011f\u0131 b\u00fct\u00fcn k\u00fclt\u00fcrel aktivitelerle gerekse \u00f6\u011frencilere sa\u011flam\u0131\u015f oldu\u011fu katk\u0131larla ba\u015fta Ali \u0130smail olmak \u00fczere b\u00fct\u00fcn Gezi \u015fehitlerini ya\u015fatmak ad\u0131na verdikleri bu m\u00fccadeleyi kutluyorum. Verdikleri bu emeklerden dolay\u0131 da kendilerine sonsuz te\u015fekk\u00fcrlerimi sunuyorum. Her zaman bir arada olaca\u011f\u0131z, her zaman dayan\u0131\u015fma i\u00e7inde olaca\u011f\u0131z.&#8221;<\/p>\n\n\n\n<p>Konu\u015fmalar ard\u0131ndan anma son erdi. Ak\u015fam saat 20.30 ise AL\u0130KEV \u00f6nc\u00fcl\u00fc\u011f\u00fcnce Hatimo\u011fullar\u0131n\u0131n kat\u0131l\u0131m\u0131yla Atat\u00fcrk Stadyumu&#8217;nda bir anma etkinli\u011fi ger\u00e7ekle\u015ftirilecek. (MA)<\/p>\n","protected":false},"excerpt":{"rendered":"<p>Eski\u015fehir\u2019de Gezi eylemleri s\u0131ras\u0131nda \u00f6ld\u00fcr\u00fclen Ali \u0130smail&#46;&#46;&#46;<\/p>\n","protected":false},"author":3,"featured_media":3836,"comment_status":"closed","ping_status":"open","sticky":false,"template":"","format":"standard","meta":{"footnotes":""},"categories":[5],"tags":[],"manset":[],"class_list":["post-3835","post","type-post","status-publish","format-standard","has-post-thumbnail","hentry","category-etkinlikler"],"amp_enabled":true,"_links":{"self":[{"href":"https:\/\/kolektifmucadele1.org\/index.php\/wp-json\/wp\/v2\/posts\/3835","targetHints":{"allow":["GET"]}}],"collection":[{"href":"https:\/\/kolektifmucadele1.org\/index.php\/wp-json\/wp\/v2\/posts"}],"about":[{"href":"https:\/\/kolektifmucadele1.org\/index.php\/wp-json\/wp\/v2\/types\/post"}],"author":[{"embeddable":true,"href":"https:\/\/kolektifmucadele1.org\/index.php\/wp-json\/wp\/v2\/users\/3"}],"replies":[{"embeddable":true,"href":"https:\/\/kolektifmucadele1.org\/index.php\/wp-json\/wp\/v2\/comments?post=3835"}],"version-history":[{"count":1,"href":"https:\/\/kolektifmucadele1.org\/index.php\/wp-json\/wp\/v2\/posts\/3835\/revisions"}],"predecessor-version":[{"id":3837,"href":"https:\/\/kolektifmucadele1.org\/index.php\/wp-json\/wp\/v2\/posts\/3835\/revisions\/3837"}],"wp:featuredmedia":[{"embeddable":true,"href":"https:\/\/kolektifmucadele1.org\/index.php\/wp-json\/wp\/v2\/media\/3836"}],"wp:attachment":[{"href":"https:\/\/kolektifmucadele1.org\/index.php\/wp-json\/wp\/v2\/media?parent=3835"}],"wp:term":[{"taxonomy":"category","embeddable":true,"href":"https:\/\/kolektifmucadele1.org\/index.php\/wp-json\/wp\/v2\/categories?post=3835"},{"taxonomy":"post_tag","embeddable":true,"href":"https:\/\/kolektifmucadele1.org\/index.php\/wp-json\/wp\/v2\/tags?post=3835"},{"taxonomy":"manset","embeddable":true,"href":"https:\/\/kolektifmucadele1.org\/index.php\/wp-json\/wp\/v2\/manset?post=3835"}],"curies":[{"name":"wp","href":"https:\/\/api.w.org\/{rel}","templated":true}]}}