{"id":3880,"date":"2024-07-13T22:41:49","date_gmt":"2024-07-13T19:41:49","guid":{"rendered":"https:\/\/kolektifmucadele1.org\/?p=3880"},"modified":"2024-12-01T19:05:37","modified_gmt":"2024-12-01T16:05:37","slug":"izmirde-iki-kisinin-elektrik-akimina-kapilarak-oldugu-yere-dair-defalarca-sikayet-yapilmis-cozum-icin-illa-biri-mi-olmeli","status":"publish","type":"post","link":"https:\/\/kolektifmucadele1.org\/index.php\/2024\/07\/13\/izmirde-iki-kisinin-elektrik-akimina-kapilarak-oldugu-yere-dair-defalarca-sikayet-yapilmis-cozum-icin-illa-biri-mi-olmeli\/","title":{"rendered":"\u0130zmir\u2019de iki ki\u015finin elektrik ak\u0131m\u0131na kap\u0131larak \u00f6ld\u00fc\u011f\u00fc yere dair defalarca \u015fikayet yap\u0131lm\u0131\u015f: \u201c\u00c7\u00f6z\u00fcm i\u00e7in illa biri mi \u00f6lmeli\u201d"},"content":{"rendered":"\n<p>\u0130zmir\u2019in Konak il\u00e7esinde d\u00fcn etkili olan sa\u011fanak ya\u011fmur s\u0131ras\u0131nda \u0130nan\u00e7 \u00d6ktemay ve \u00d6zge Ceren Deniz, elektrik ak\u0131m\u0131na kap\u0131larak \u00f6ld\u00fc.<\/p>\n\n\n\n<p>\u0130ki ki\u015finin hayat\u0131n\u0131 kaybetti\u011fi yere dair daha \u00f6nce elektrik \u015firketine defalarca \u015fikayette bulunuldu\u011fu ortaya \u00e7\u0131kt\u0131. Yerel bas\u0131n ise y\u0131llar \u00f6ncesinde bu durumu g\u00fcndem etmeye \u00e7al\u0131\u015fm\u0131\u015ft\u0131.<\/p>\n\n\n\n<p>Ege Telgraf, 19 Ocak 2019 y\u0131l\u0131nda \u201c\u00c7\u00f6z\u00fcm i\u00e7in illa biri mi \u00f6lmeli\u201d ba\u015fl\u0131kl\u0131 haberinde, olay\u0131n ya\u015fand\u0131\u011f\u0131 yer i\u00e7in uyar\u0131da bulunduklar\u0131n\u0131, haberin ard\u0131ndan ise yetkililerin sorunu \u00e7\u00f6zd\u00fcklerini bildirdiklerini belirtti.<\/p>\n","protected":false},"excerpt":{"rendered":"<p>\u0130zmir\u2019in Konak il\u00e7esinde d\u00fcn etkili olan sa\u011fanak&#46;&#46;&#46;<\/p>\n","protected":false},"author":3,"featured_media":3881,"comment_status":"closed","ping_status":"open","sticky":false,"template":"","format":"standard","meta":{"footnotes":""},"categories":[5],"tags":[],"manset":[],"class_list":["post-3880","post","type-post","status-publish","format-standard","has-post-thumbnail","hentry","category-etkinlikler"],"amp_enabled":true,"_links":{"self":[{"href":"https:\/\/kolektifmucadele1.org\/index.php\/wp-json\/wp\/v2\/posts\/3880","targetHints":{"allow":["GET"]}}],"collection":[{"href":"https:\/\/kolektifmucadele1.org\/index.php\/wp-json\/wp\/v2\/posts"}],"about":[{"href":"https:\/\/kolektifmucadele1.org\/index.php\/wp-json\/wp\/v2\/types\/post"}],"author":[{"embeddable":true,"href":"https:\/\/kolektifmucadele1.org\/index.php\/wp-json\/wp\/v2\/users\/3"}],"replies":[{"embeddable":true,"href":"https:\/\/kolektifmucadele1.org\/index.php\/wp-json\/wp\/v2\/comments?post=3880"}],"version-history":[{"count":1,"href":"https:\/\/kolektifmucadele1.org\/index.php\/wp-json\/wp\/v2\/posts\/3880\/revisions"}],"predecessor-version":[{"id":3882,"href":"https:\/\/kolektifmucadele1.org\/index.php\/wp-json\/wp\/v2\/posts\/3880\/revisions\/3882"}],"wp:featuredmedia":[{"embeddable":true,"href":"https:\/\/kolektifmucadele1.org\/index.php\/wp-json\/wp\/v2\/media\/3881"}],"wp:attachment":[{"href":"https:\/\/kolektifmucadele1.org\/index.php\/wp-json\/wp\/v2\/media?parent=3880"}],"wp:term":[{"taxonomy":"category","embeddable":true,"href":"https:\/\/kolektifmucadele1.org\/index.php\/wp-json\/wp\/v2\/categories?post=3880"},{"taxonomy":"post_tag","embeddable":true,"href":"https:\/\/kolektifmucadele1.org\/index.php\/wp-json\/wp\/v2\/tags?post=3880"},{"taxonomy":"manset","embeddable":true,"href":"https:\/\/kolektifmucadele1.org\/index.php\/wp-json\/wp\/v2\/manset?post=3880"}],"curies":[{"name":"wp","href":"https:\/\/api.w.org\/{rel}","templated":true}]}}