{"id":4095,"date":"2024-08-08T00:00:12","date_gmt":"2024-08-07T21:00:12","guid":{"rendered":"https:\/\/kolektifmucadele1.org\/?p=4095"},"modified":"2024-12-01T19:05:36","modified_gmt":"2024-12-01T16:05:36","slug":"soykinimci-siyonist-israil-askerlerinin-tecavuz-goruntuleri-ortaya-cikti","status":"publish","type":"post","link":"https:\/\/kolektifmucadele1.org\/index.php\/2024\/08\/08\/soykinimci-siyonist-israil-askerlerinin-tecavuz-goruntuleri-ortaya-cikti\/","title":{"rendered":"Soykinimci Siyonist \u0130srail askerlerinin tecav\u00fcz g\u00f6r\u00fcnt\u00fcleri ortaya \u00e7\u0131kt\u0131"},"content":{"rendered":"\n<p>Siyonist \u0130srail askerlerinin Necef \u00e7\u00f6l\u00fcndeki Sde Teiman Hapishanesinde tutulan bir Filistinliye tecav\u00fcz i\u015fkencesinde bulundu\u011fu anlar\u0131n g\u00fcvenlik kameras\u0131na yans\u0131yan g\u00f6r\u00fcnt\u00fcleri yay\u0131nland\u0131.<\/p>\n\n\n\n<p>\u0130srail merkezli Kanal 12 televizyonunda yay\u0131nlanan g\u00f6r\u00fcnt\u00fclerde, al\u0131konulan \u00e7ok say\u0131da Filistinlinin tellerle \u00e7evrili bir yerde y\u00fcz\u00fcst\u00fc yat\u0131r\u0131ld\u0131klar\u0131 g\u00f6r\u00fcl\u00fcyor. Bu esnada \u0130srail askerlerinin yerde yatan bir Filistinliyi alarak ba\u015fka bir b\u00f6lgeye g\u00f6t\u00fcrd\u00fc\u011f\u00fc kameraya yans\u0131yor.<\/p>\n\n\n\n<p>Siyonist askerlerin ba\u015fka bir b\u00f6lgeye g\u00f6t\u00fcr\u00fclen Filistinli tutsa\u011fa cinsel i\u015fkencede bulundu\u011fu, di\u011fer askerlerin ise kalkanlar\u0131n\u0131 kald\u0131rarak i\u015fkencenin kameraya yans\u0131mas\u0131n\u0131 engellemeye \u00e7al\u0131\u015ft\u0131\u011f\u0131 g\u00f6r\u00fcl\u00fcyor.<\/p>\n\n\n\n<p>Kanal 12&#8217;nin haberinde &#8220;(Askerler) Muhtemelen g\u00fcvenlik kameralar\u0131ndan haberdarlar ve kalkanlarla eylemlerini gizlemeye \u00e7al\u0131\u015f\u0131yorlar&#8221; ifadesine yer verildi. Haberde, \u0130srail askerlerinin, al\u0131konulan Filistinliye an\u00fcs\u00fcne bir cisim sokarak i\u015fkence etti\u011fi belirtildi. Cinsel i\u015fkenceye maruz kalan Filistinlinin kanlar i\u00e7inde hastaneye kald\u0131r\u0131ld\u0131\u011f\u0131 kaydedildi.<\/p>\n\n\n\n<p><strong>S\u0130YON\u0130ST YERLE\u015e\u0130MC\u0130LER \u0130\u015eKENCEC\u0130 ASKERLER\u0130 SAVUNMU\u015eTU<\/strong><br>Uzun s\u00fcredir Filistinli tutsaklara yap\u0131lan i\u015fkencelerle g\u00fcndem olan Sde Teiman Hapishanesinde son olarak 10 siyonist asker Filistinli bir tutsa\u011fa cinsel i\u015fkencede bulunduktan sonra g\u00f6zalt\u0131na al\u0131nm\u0131\u015f, askerlerin g\u00f6zalt\u0131na al\u0131nmas\u0131na itiraz eden siyonist yerle\u015fimciler hapishaneyi basarak Filistinlilere tecav\u00fcz etmenin &#8220;me\u015fru oldu\u011funu&#8221; savunmu\u015ftu.<\/p>\n\n\n\n<p>Yerle\u015fimciler, ak\u015fam saatlerinde de g\u00f6zalt\u0131na al\u0131nan askerlerin g\u00f6t\u00fcr\u00fcld\u00fc\u011f\u00fc askeri mahkemenin bulundu\u011fu Beit Lid \u00fcss\u00fcne zorla girmi\u015fti.<\/p>\n\n\n\n<p>Ulusal G\u00fcvenlik Bakan\u0131 Itamar Ben-Gvir ve Maliye Bakan\u0131 Bezalel Smotrich&#8217;in de aralar\u0131nda bulundu\u011fu baz\u0131 \u0130srailli bakanlar ve milletvekilleri, i\u015fkenceci askerlere destek mesajlar\u0131 vermi\u015fti.<\/p>\n\n\n\n<p><strong>G\u00d6ZALTINA ALINAN ASKERLERDEN 5&#8217;\u0130 SERBEST BIRAKILDI<\/strong><br>G\u00f6zalt\u0131na al\u0131nan 10 askerden 5&#8217;i \u0130srail mahkemesince serbest b\u0131rak\u0131l\u0131rken, di\u011ferlerine ili\u015fkin soru\u015fturma s\u00fcr\u00fcyor. Mahkeme 5 askerin g\u00f6zalt\u0131 s\u00fcrelerini 11 A\u011fustos Pazar g\u00fcn\u00fcne kadar uzatt\u0131.<\/p>\n\n\n\n<p><strong>DAHA \u00d6NCE DE \u0130\u015eKENCEYLE G\u00dcNDEM OLMU\u015eTU<\/strong><br>New York Times gazetesinde ge\u00e7en ay \u00e7\u0131kan haberde, Sde Teiman Hapishanesinde&nbsp;al\u0131konulan Filistinlilerin etraf\u0131 a\u00e7\u0131k bir alanda g\u00f6zleri ba\u011fl\u0131 olarak g\u00fcnde 18 saate kadar elleri kelep\u00e7eli halde yerde sessiz \u015fekilde oturtuldu\u011fu belirtilmi\u015fti.<\/p>\n\n\n\n<p>Haberde, g\u00f6zalt\u0131 merkezine getirilen Filistinli tutsaklar\u0131n burada 3 aya kadar kald\u0131\u011f\u0131 ve sorgulama s\u00fcre\u00e7lerinde bir\u00e7ok ki\u015finin insanl\u0131k d\u0131\u015f\u0131 muameleye ve i\u015fkenceye maruz kald\u0131\u011f\u0131 kaydedilmi\u015fti.<\/p>\n\n\n\n<p>Burada tutulan ve daha sonra serbest b\u0131rak\u0131lan baz\u0131 Filistinli tutsaklar, Sde Teiman&#8217;da maruz kald\u0131klar\u0131 i\u015fkenceleri dile getirmi\u015fti.<\/p>\n","protected":false},"excerpt":{"rendered":"<p>Siyonist \u0130srail askerlerinin Necef \u00e7\u00f6l\u00fcndeki Sde Teiman&#46;&#46;&#46;<\/p>\n","protected":false},"author":3,"featured_media":4096,"comment_status":"closed","ping_status":"open","sticky":false,"template":"","format":"standard","meta":{"footnotes":""},"categories":[11,5],"tags":[],"manset":[],"class_list":["post-4095","post","type-post","status-publish","format-standard","has-post-thumbnail","hentry","category-dunya","category-etkinlikler"],"amp_enabled":true,"_links":{"self":[{"href":"https:\/\/kolektifmucadele1.org\/index.php\/wp-json\/wp\/v2\/posts\/4095","targetHints":{"allow":["GET"]}}],"collection":[{"href":"https:\/\/kolektifmucadele1.org\/index.php\/wp-json\/wp\/v2\/posts"}],"about":[{"href":"https:\/\/kolektifmucadele1.org\/index.php\/wp-json\/wp\/v2\/types\/post"}],"author":[{"embeddable":true,"href":"https:\/\/kolektifmucadele1.org\/index.php\/wp-json\/wp\/v2\/users\/3"}],"replies":[{"embeddable":true,"href":"https:\/\/kolektifmucadele1.org\/index.php\/wp-json\/wp\/v2\/comments?post=4095"}],"version-history":[{"count":1,"href":"https:\/\/kolektifmucadele1.org\/index.php\/wp-json\/wp\/v2\/posts\/4095\/revisions"}],"predecessor-version":[{"id":4097,"href":"https:\/\/kolektifmucadele1.org\/index.php\/wp-json\/wp\/v2\/posts\/4095\/revisions\/4097"}],"wp:featuredmedia":[{"embeddable":true,"href":"https:\/\/kolektifmucadele1.org\/index.php\/wp-json\/wp\/v2\/media\/4096"}],"wp:attachment":[{"href":"https:\/\/kolektifmucadele1.org\/index.php\/wp-json\/wp\/v2\/media?parent=4095"}],"wp:term":[{"taxonomy":"category","embeddable":true,"href":"https:\/\/kolektifmucadele1.org\/index.php\/wp-json\/wp\/v2\/categories?post=4095"},{"taxonomy":"post_tag","embeddable":true,"href":"https:\/\/kolektifmucadele1.org\/index.php\/wp-json\/wp\/v2\/tags?post=4095"},{"taxonomy":"manset","embeddable":true,"href":"https:\/\/kolektifmucadele1.org\/index.php\/wp-json\/wp\/v2\/manset?post=4095"}],"curies":[{"name":"wp","href":"https:\/\/api.w.org\/{rel}","templated":true}]}}