{"id":4098,"date":"2024-08-08T00:04:24","date_gmt":"2024-08-07T21:04:24","guid":{"rendered":"https:\/\/kolektifmucadele1.org\/?p=4098"},"modified":"2024-12-01T19:05:36","modified_gmt":"2024-12-01T16:05:36","slug":"bangladesin-eski-basbakani-ziya-itidal-cagrisinda-bulundu-gecis-hukumeti-yarin-yemin-edecek","status":"publish","type":"post","link":"https:\/\/kolektifmucadele1.org\/index.php\/2024\/08\/08\/bangladesin-eski-basbakani-ziya-itidal-cagrisinda-bulundu-gecis-hukumeti-yarin-yemin-edecek\/","title":{"rendered":"Banglade\u015f&#8217;in eski Ba\u015fbakan\u0131 Ziya, itidal \u00e7a\u011fr\u0131s\u0131nda bulundu | Ge\u00e7i\u015f h\u00fck\u00fcmeti yar\u0131n yemin edecek"},"content":{"rendered":"\n<p>Banglade\u015f Milliyet\u00e7i Partisi (BNP) lideri, eski ba\u015fbakanlardan Beg\u00fcm Halide Ziya, ge\u00e7i\u015f h\u00fck\u00fcmetinin yemin t\u00f6reni \u00f6ncesi vatanda\u015flara &#8220;itidal&#8221; \u00e7a\u011fr\u0131s\u0131 yapt\u0131.<\/p>\n\n\n\n<p>Ulusal bas\u0131ndaki haberlere g\u00f6re, BNP lideri ve eski Ba\u015fbakan Ziya&#8217;n\u0131n ev hapsinin kald\u0131r\u0131lmas\u0131n\u0131n ard\u0131ndan ba\u015fkent Dakka&#8217;daki BNP genel merkezi \u00f6n\u00fcnde miting d\u00fczenlendi.<\/p>\n\n\n\n<p>Mitingde, 79 ya\u015f\u0131ndaki Ziya, tedavi g\u00f6rd\u00fc\u011f\u00fc hastanede kaydedilen video arac\u0131l\u0131\u011f\u0131yla 6,5 y\u0131l\u0131 a\u015fk\u0131n s\u00fcrenin ard\u0131ndan destek\u00e7ilerine hitap etti.<\/p>\n\n\n\n<p>Ziya, parti \u00fcyelerinden ve halktan, t\u00fcm dinlere ve topluluklara sayg\u0131 g\u00f6sterilmesini, y\u0131k\u0131m ve intikamdan ka\u00e7\u0131n\u0131lmas\u0131n\u0131 istedi.<\/p>\n\n\n\n<p>Eski Ba\u015fbakan Hasina&#8217;n\u0131n haftalar s\u00fcren protestolar sonras\u0131 Banglade\u015f&#8217;ten ayr\u0131larak Hindistan&#8217;a gitmesinin ard\u0131ndan \u00fclkesinde kurulan ge\u00e7i\u015f h\u00fck\u00fcmetinin yemin t\u00f6reni \u00f6ncesi itidal \u00e7a\u011fr\u0131s\u0131nda bulunan Ziya, &#8220;Bu zafer bize yeni olanaklar getirdi. Demokrasi ve yolsuzlu\u011fun y\u0131k\u0131nt\u0131lar\u0131ndan m\u00fcreffeh bir Banglade\u015f in\u015fa etmek zorunday\u0131z. Kahraman \u00e7ocuklar (\u00f6\u011frenciler) \u00f6l\u00fcmc\u00fcl m\u00fccadeleleriyle imkans\u0131z\u0131 m\u00fcmk\u00fcn k\u0131ld\u0131lar.&#8221; ifadesini kulland\u0131.<\/p>\n\n\n\n<p>Ziya, m\u00fcreffeh bir Banglade\u015f&#8217;in insan haklar\u0131, sosyal adalet ve e\u015fitlik temelinde in\u015fa edilmesi gerekti\u011fini vurgulad\u0131.<\/p>\n\n\n\n<p>Ziya&#8217;n\u0131n \u0130ngiltere&#8217;de s\u00fcrg\u00fcnde bulunan o\u011flu Tar\u0131k Rahman da mitinge \u00e7evrim i\u00e7i kat\u0131ld\u0131.<\/p>\n\n\n\n<p>Banglade\u015f Cumhurba\u015fkan\u0131 Muhammed \u015eahabuddin, d\u00fcn Ziya&#8217;n\u0131n serbest b\u0131rak\u0131ld\u0131\u011f\u0131n\u0131 a\u00e7\u0131klam\u0131\u015ft\u0131.<\/p>\n\n\n\n<h3 class=\"wp-block-heading\">BEG\u00dcM HAL\u0130DE Z\u0130YA K\u0130MD\u0130R?<\/h3>\n\n\n\n<p>\u00dclkenin eski Cumhurba\u015fkan\u0131 Ziyaur Rahman&#8217;\u0131n e\u015fi Beg\u00fcm Halide Ziya, yolsuzluk su\u00e7lamas\u0131yla yarg\u0131land\u0131\u011f\u0131 davada, 2018&#8217;de 17 y\u0131l hapis cezas\u0131na \u00e7arpt\u0131r\u0131lm\u0131\u015ft\u0131.<\/p>\n\n\n\n<p>Ziya&#8217;n\u0131n cezas\u0131, ya\u015f\u0131 ve k\u00f6t\u00fcle\u015fen sa\u011fl\u0131k durumu dikkate al\u0131narak 2020&#8217;de \u00fclkeden ayr\u0131lmama \u015fart\u0131yla ev hapsine \u00e7evrilmi\u015fti.<\/p>\n\n\n\n<p>Ziya, \u00fclkede 1991-1996 ve 2001-2006 d\u00f6nemlerinde 2 kez ba\u015fbakanl\u0131k yapm\u0131\u015ft\u0131.<\/p>\n\n\n\n<h3 class=\"wp-block-heading\">GE\u00c7\u0130\u015e H\u00dcK\u00dcMET\u0130 YARIN YEM\u0130N EDECEK<\/h3>\n\n\n\n<p>Banglade\u015f Ordu Komutan\u0131 General Waker-Uz-Zaman, Nobel Bar\u0131\u015f \u00d6d\u00fcl\u00fc sahibi Muhammed Yunus liderli\u011findeki 15 \u00fcyeli ge\u00e7i\u015f h\u00fck\u00fcmetinin yar\u0131n yemin edece\u011fini a\u00e7\u0131klad\u0131.<\/p>\n\n\n\n<p>Fransa&#8217;n\u0131n ba\u015fkenti Paris&#8217;te gazetecilere konu\u015fan Yunus, &#8220;Eve d\u00f6n\u00fcp orada neler oldu\u011funu ve i\u00e7inde bulundu\u011fumuz s\u0131k\u0131nt\u0131dan kurtulmak i\u00e7in kendimizi nas\u0131l organize edebilece\u011fimizi g\u00f6rmek i\u00e7in sab\u0131rs\u0131zlan\u0131yorum&#8221; dedi.<\/p>\n\n\n\n<p>Yunus, se\u00e7imlerin ne zaman yap\u0131laca\u011f\u0131na ili\u015fkin soruya ise &#8220;Gidip onlarla konu\u015faca\u011f\u0131m. Bu konuda daha \u00e7ok yeniyim&#8221; cevab\u0131n\u0131 verdi.<\/p>\n\n\n\n<p>Yunus&#8217;un yar\u0131n Banglade\u015f&#8217;te olmas\u0131 bekleniyor.<\/p>\n\n\n\n<h3 class=\"wp-block-heading\">NE OLMU\u015eTU?<\/h3>\n\n\n\n<p>Banglade\u015f&#8217;te 1971&#8217;deki Ba\u011f\u0131ms\u0131zl\u0131k Sava\u015f\u0131&#8217;nda g\u00f6rev alan ki\u015filerin \u00e7ocuklar\u0131na kamuda kontenjan ayr\u0131lmas\u0131 karar\u0131n\u0131n ard\u0131ndan temmuz ortas\u0131nda \u00f6\u011frencilerin ba\u015f\u0131n\u0131 \u00e7ekti\u011fi protestolar ba\u015flam\u0131\u015ft\u0131.<\/p>\n\n\n\n<p>Y\u00fcksek Mahkemenin temmuz sonunda kontenjan kotas\u0131 oranlar\u0131n\u0131 d\u00fc\u015f\u00fcrmesiyle protestolara son verildi\u011fi duyurulmu\u015ftu.<\/p>\n\n\n\n<p>Protestolardaki \u015fiddet olaylar\u0131ndan sorumlu tutulan Cemaat-i \u0130slami Partisi ve \u00f6\u011frenci kanad\u0131n\u0131n yasaklanmas\u0131n\u0131n ard\u0131ndan protestocular bu kez de eylemlerde ya\u015fam\u0131n\u0131 yitirenler i\u00e7in &#8220;adalet&#8221; \u00e7a\u011fr\u0131s\u0131yla sokaklara d\u00f6k\u00fclm\u00fc\u015ft\u00fc.<\/p>\n\n\n\n<p>Banglade\u015f&#8217;teki eylemler s\u0131ras\u0131nda y\u00fczlerce ki\u015fi hayat\u0131n\u0131 kaybetmi\u015f, binlerce ki\u015fi g\u00f6zalt\u0131na al\u0131nm\u0131\u015ft\u0131.<\/p>\n\n\n\n<p>Ba\u015fbakan \u015eeyh Hasina resmi konutundan ayr\u0131larak askeri helikopterle Hindistan&#8217;a gitmi\u015f, bu s\u0131rada eylemciler Ba\u015fbakan\u0131n resmi konutunu basm\u0131\u015ft\u0131.<\/p>\n\n\n\n<p>Siyasi parti temsilcileriyle g\u00f6r\u00fc\u015fen Banglade\u015f Ordu Komutan\u0131 General Waker-Uz-Zaman, Hasina&#8217;n\u0131n istifa etti\u011fini ve ge\u00e7i\u015f h\u00fck\u00fcmeti kurulaca\u011f\u0131n\u0131 duyurmu\u015ftu.<\/p>\n\n\n\n<p>Kurulan ge\u00e7i\u015f h\u00fck\u00fcmetinin ba\u015f\u0131na, Nobel Bar\u0131\u015f \u00d6d\u00fcl\u00fc sahibi Muhammed Yunus getirilmi\u015fti.&nbsp;<strong>(AA)<\/strong><\/p>\n","protected":false},"excerpt":{"rendered":"<p>Banglade\u015f Milliyet\u00e7i Partisi (BNP) lideri, eski ba\u015fbakanlardan&#46;&#46;&#46;<\/p>\n","protected":false},"author":3,"featured_media":4099,"comment_status":"closed","ping_status":"open","sticky":false,"template":"","format":"standard","meta":{"footnotes":""},"categories":[11,5],"tags":[],"manset":[],"class_list":["post-4098","post","type-post","status-publish","format-standard","has-post-thumbnail","hentry","category-dunya","category-etkinlikler"],"amp_enabled":true,"_links":{"self":[{"href":"https:\/\/kolektifmucadele1.org\/index.php\/wp-json\/wp\/v2\/posts\/4098","targetHints":{"allow":["GET"]}}],"collection":[{"href":"https:\/\/kolektifmucadele1.org\/index.php\/wp-json\/wp\/v2\/posts"}],"about":[{"href":"https:\/\/kolektifmucadele1.org\/index.php\/wp-json\/wp\/v2\/types\/post"}],"author":[{"embeddable":true,"href":"https:\/\/kolektifmucadele1.org\/index.php\/wp-json\/wp\/v2\/users\/3"}],"replies":[{"embeddable":true,"href":"https:\/\/kolektifmucadele1.org\/index.php\/wp-json\/wp\/v2\/comments?post=4098"}],"version-history":[{"count":1,"href":"https:\/\/kolektifmucadele1.org\/index.php\/wp-json\/wp\/v2\/posts\/4098\/revisions"}],"predecessor-version":[{"id":4100,"href":"https:\/\/kolektifmucadele1.org\/index.php\/wp-json\/wp\/v2\/posts\/4098\/revisions\/4100"}],"wp:featuredmedia":[{"embeddable":true,"href":"https:\/\/kolektifmucadele1.org\/index.php\/wp-json\/wp\/v2\/media\/4099"}],"wp:attachment":[{"href":"https:\/\/kolektifmucadele1.org\/index.php\/wp-json\/wp\/v2\/media?parent=4098"}],"wp:term":[{"taxonomy":"category","embeddable":true,"href":"https:\/\/kolektifmucadele1.org\/index.php\/wp-json\/wp\/v2\/categories?post=4098"},{"taxonomy":"post_tag","embeddable":true,"href":"https:\/\/kolektifmucadele1.org\/index.php\/wp-json\/wp\/v2\/tags?post=4098"},{"taxonomy":"manset","embeddable":true,"href":"https:\/\/kolektifmucadele1.org\/index.php\/wp-json\/wp\/v2\/manset?post=4098"}],"curies":[{"name":"wp","href":"https:\/\/api.w.org\/{rel}","templated":true}]}}