{"id":4149,"date":"2024-08-20T22:43:43","date_gmt":"2024-08-20T19:43:43","guid":{"rendered":"https:\/\/kolektifmucadele1.org\/?p=4149"},"modified":"2024-12-01T19:05:20","modified_gmt":"2024-12-01T16:05:20","slug":"adalet-nobetini-meclis-baskanligi-onune-tasiyan-emine-senyasar-zulme-karsi-eylemimi-surdurecegim","status":"publish","type":"post","link":"https:\/\/kolektifmucadele1.org\/index.php\/2024\/08\/20\/adalet-nobetini-meclis-baskanligi-onune-tasiyan-emine-senyasar-zulme-karsi-eylemimi-surdurecegim\/","title":{"rendered":"Adalet N\u00f6beti\u2019ni Meclis Ba\u015fkanl\u0131\u011f\u0131 \u00f6n\u00fcne ta\u015f\u0131yan Emine \u015eenya\u015far, zulme kar\u015f\u0131 eylemimi s\u00fcrd\u00fcrece\u011fim"},"content":{"rendered":"\n<p>Riha\u2019n\u0131n Pirs\u00fbs il\u00e7esinde 14 Haziran 2018 tarihinde AKP&#8217;nin eski Milletvekili \u0130brahim Halil Y\u0131ld\u0131z\u2019\u0131n koruma ve yak\u0131nlar\u0131 taraf\u0131ndan ger\u00e7ekle\u015fen sald\u0131r\u0131da e\u015fi ve iki o\u011flunu yitiren, bir o\u011flu da tutuklanan Emine \u015eenya\u015far ile Halklar\u0131n E\u015fitlik ve Demokrasi Partisi (DEM Parti) Riha Milletvekilli olan o\u011flu Ferit \u015eenya\u015far, bir s\u00fcredir ara verdikleri adalet m\u00fccadelelerini Meclis Ba\u015fkanl\u0131\u011f\u0131 \u00f6n\u00fcne ta\u015f\u0131d\u0131. Eylem \u00f6ncesi \u015eenya\u015far Ailesi, Meclis\u2019te bas\u0131n toplant\u0131s\u0131 d\u00fczenledi.<br>Bas\u0131n toplant\u0131s\u0131nda konu\u015fan Emine \u015eenya\u015far, 6 y\u0131ld\u0131r adalet m\u00fccadelesi verdi\u011fini an\u0131msatt\u0131. T\u00fcrk Cumhurba\u015fkan\u0131 Tayyip Erdo\u011fan\u2019a seslenen Emine \u015eenya\u015far, \u201cGerekirse Meclis\u2019te uyuyaca\u011f\u0131m. Bu zulm\u00fc niye yap\u0131yorsunuz? Sizin \u00e7ocuklar\u0131n\u0131z yok mu? Benim yuvam\u0131 da\u011f\u0131tt\u0131n\u0131z. \u00c7ocu\u011fumuzu cezaevine att\u0131n\u0131z. Ne istediniz ondan\u201d diyerek tepki g\u00f6sterdi. Sa\u011fl\u0131k sorunlar\u0131ndan dolay\u0131 ameliyat olmas\u0131 gerekti\u011fini de dile getiren Emine \u015eenya\u015far, \u201cAmeliyat \u00f6ncesi \u00e7ocu\u011fumu g\u00f6rmek istiyorum. \u00c7ocu\u011fumu b\u0131rak\u0131n. Ameliyat\u0131n nas\u0131l ge\u00e7ece\u011fi belli de\u011fil, belki \u00f6l\u00fcr\u00fcm. Onun i\u00e7in b\u0131rak\u0131lmas\u0131n\u0131 istiyorum. 6 y\u0131ld\u0131r adalet saraylar\u0131 \u00f6n\u00fcnde oturuyorum\u201d dedi.<\/p>\n\n\n\n<p><strong>&#8216;\u00d6RG\u00dcTL\u00dc G\u00dcC\u00dc H\u0130\u00c7B\u0130R \u015eEY DURDURAMAZ&#8217;<\/strong><\/p>\n\n\n\n<p>T\u00fcrkiye\u2019den ya\u015fanan adaletsizliklere dikkat \u00e7eken Ferit \u015eenya\u015far ise ya\u015fananlara kar\u015f\u0131 \u00f6rg\u00fctl\u00fc bir kar\u015f\u0131 koyu\u015fun geli\u015fmesi gerekti\u011fini s\u00f6yledi. \u015eenya\u015far, \u201c\u00d6rg\u00fctl\u00fc bir toplumu hi\u00e7bir g\u00fc\u00e7 durduramaz. \u00c7a\u011fr\u0131y\u0131 Meclis\u2019in k\u00fcrs\u00fcs\u00fcnden yap\u0131yorum; gelin adalet i\u00e7in kol kola girelim. Annem adalet talebini d\u00fcnyaya duyurdu. Y\u0131llarca dilinden d\u00fc\u015f\u00fcrmedi\u011fi tek \u015fey adalettir. Hanginiz annenize y\u00f6nelik b\u00f6yle bir adaletsizli\u011fi kabul edebilirsiniz?\u201d diye sordu.<br>\u015eenya\u015far Ailesi, a\u00e7\u0131klaman\u0131n ard\u0131ndan Meclis Ba\u015fkanl\u0131\u011f\u0131 \u00f6n\u00fcnde \u201c\u015eenya\u015far ailesi i\u00e7in adalet herkes i\u00e7in adalet\u201d yaz\u0131l\u0131 pankart ile eylemlerini ba\u015flatt\u0131. Anne Emine \u015eenya\u015far, burada da ya\u015fanan katliama dikkati \u00e7ekerek, taleplerini dile getirdi.<\/p>\n\n\n\n<p>Ferit \u015eenya\u015far ise \u015funlar\u0131 belirtti: &nbsp;\u201cBu davan\u0131n bir taraf\u0131 da Cumhurba\u015fkan\u0131 Erdo\u011fan\u2019d\u0131r. Bu \u00fclkenin bir vatanda\u015f\u0131 olarak halk\u0131n k\u00fcrs\u00fcs\u00fcnden Cumhurba\u015fkan\u0131 Erdo\u011fan\u2019a sesleniyoruz; yuvas\u0131 y\u0131k\u0131lm\u0131\u015f bu anne 6 y\u0131ld\u0131r ya\u015fad\u0131\u011f\u0131 adaletsizli\u011fi size anlatmak istiyor. Katliam\u0131n tan\u0131\u011f\u0131 da Urfa eski Valisi Abdullah Erin\u2019dir. \u015eu an Ankara\u2019da merkezde bekliyor. Annenin anlatt\u0131klar\u0131 size inand\u0131r\u0131c\u0131 gelmeyebilir. Yap\u0131lacak olan g\u00f6r\u00fc\u015fmede mutlaka Abdullah Erin\u2019de kat\u0131lmal\u0131d\u0131r. Bu g\u00f6r\u00fc\u015fme talebimiz kabul edilip, toplumun vicdan\u0131n\u0131 rahatlatacak, adalet sa\u011flanana kadar, yasal s\u0131n\u0131rlar i\u00e7inde Meclis Ba\u015fkanl\u0131\u011f\u0131 kap\u0131s\u0131 \u00f6n\u00fcnde gece de dahil olmak \u00fczere adalet i\u00e7in n\u00f6bet tutaca\u011f\u0131z.\u201d<\/p>\n","protected":false},"excerpt":{"rendered":"<p>Riha\u2019n\u0131n Pirs\u00fbs il\u00e7esinde 14 Haziran 2018 tarihinde&#46;&#46;&#46;<\/p>\n","protected":false},"author":3,"featured_media":4150,"comment_status":"closed","ping_status":"open","sticky":false,"template":"","format":"standard","meta":{"footnotes":""},"categories":[5],"tags":[],"manset":[],"class_list":["post-4149","post","type-post","status-publish","format-standard","has-post-thumbnail","hentry","category-etkinlikler"],"amp_enabled":true,"_links":{"self":[{"href":"https:\/\/kolektifmucadele1.org\/index.php\/wp-json\/wp\/v2\/posts\/4149","targetHints":{"allow":["GET"]}}],"collection":[{"href":"https:\/\/kolektifmucadele1.org\/index.php\/wp-json\/wp\/v2\/posts"}],"about":[{"href":"https:\/\/kolektifmucadele1.org\/index.php\/wp-json\/wp\/v2\/types\/post"}],"author":[{"embeddable":true,"href":"https:\/\/kolektifmucadele1.org\/index.php\/wp-json\/wp\/v2\/users\/3"}],"replies":[{"embeddable":true,"href":"https:\/\/kolektifmucadele1.org\/index.php\/wp-json\/wp\/v2\/comments?post=4149"}],"version-history":[{"count":1,"href":"https:\/\/kolektifmucadele1.org\/index.php\/wp-json\/wp\/v2\/posts\/4149\/revisions"}],"predecessor-version":[{"id":4151,"href":"https:\/\/kolektifmucadele1.org\/index.php\/wp-json\/wp\/v2\/posts\/4149\/revisions\/4151"}],"wp:featuredmedia":[{"embeddable":true,"href":"https:\/\/kolektifmucadele1.org\/index.php\/wp-json\/wp\/v2\/media\/4150"}],"wp:attachment":[{"href":"https:\/\/kolektifmucadele1.org\/index.php\/wp-json\/wp\/v2\/media?parent=4149"}],"wp:term":[{"taxonomy":"category","embeddable":true,"href":"https:\/\/kolektifmucadele1.org\/index.php\/wp-json\/wp\/v2\/categories?post=4149"},{"taxonomy":"post_tag","embeddable":true,"href":"https:\/\/kolektifmucadele1.org\/index.php\/wp-json\/wp\/v2\/tags?post=4149"},{"taxonomy":"manset","embeddable":true,"href":"https:\/\/kolektifmucadele1.org\/index.php\/wp-json\/wp\/v2\/manset?post=4149"}],"curies":[{"name":"wp","href":"https:\/\/api.w.org\/{rel}","templated":true}]}}