{"id":4186,"date":"2024-08-26T23:03:53","date_gmt":"2024-08-26T20:03:53","guid":{"rendered":"https:\/\/kolektifmucadele1.org\/?p=4186"},"modified":"2024-12-01T19:05:20","modified_gmt":"2024-12-01T16:05:20","slug":"isvicre-disisleri-bakani-israili-destekleyen-tutumu-nedeniyle-bm-onunde-protesto-edildi","status":"publish","type":"post","link":"https:\/\/kolektifmucadele1.org\/index.php\/2024\/08\/26\/isvicre-disisleri-bakani-israili-destekleyen-tutumu-nedeniyle-bm-onunde-protesto-edildi\/","title":{"rendered":"\u0130svi\u00e7re D\u0131\u015fi\u015fleri Bakan\u0131, &#8220;\u0130srail&#8217;i destekleyen tutumu&#8221; nedeniyle BM \u00f6n\u00fcnde protesto edildi"},"content":{"rendered":"\n<p>\u0130svi\u00e7re D\u0131\u015fi\u015fleri Bakan\u0131 Ignazio Cassis, Gazze&#8217;de sald\u0131r\u0131lar\u0131n\u0131 s\u00fcrd\u00fcren &#8220;\u0130srail&#8217;e destek veren tutumundan&#8221; dolay\u0131 Birle\u015fmi\u015f Milletlerin (BM) Cenevre Ofisi \u00f6n\u00fcnde protesto edildi.<\/p>\n\n\n\n<p>\u0130svi\u00e7re D\u0131\u015fi\u015fleri Bakanl\u0131\u011f\u0131, BM Cenevre Ofisi \u00f6n\u00fcnde Cenevre S\u00f6zle\u015fmelerinin kabul\u00fcn\u00fcn 75. y\u0131l d\u00f6n\u00fcm\u00fc dolay\u0131s\u0131yla etkinlik d\u00fczenledi.<\/p>\n\n\n\n<p>Program, ABD&#8217;nin New York kentinden BM G\u00fcvenlik Konseyi yetkilileri, Cenevre&#8217;de bulunan \u00fclke temsilcileri, BM yetkilileri ve \u0130svi\u00e7re makamlar\u0131ndan \u00e7ok say\u0131da ki\u015finin kat\u0131l\u0131m\u0131yla ger\u00e7ekle\u015ftirildi.<\/p>\n\n\n\n<p>Bakan Cassis&#8217;in, konu\u015fma yapmak i\u00e7in k\u00fcrs\u00fcye gelmesiyle alanda bulunan 100 kadar g\u00f6sterici slogan atmaya ba\u015flad\u0131.<\/p>\n\n\n\n<p>Ellerinde Filistin bayraklar\u0131 bulunan g\u00f6stericiler, Cassis ve \u0130svi\u00e7re h\u00fck\u00fcmetine, Gazze&#8217;de sald\u0131r\u0131lar\u0131n\u0131 s\u00fcrd\u00fcren &#8220;\u0130srail&#8217;i destekleyen tutum sergiledi\u011fi&#8221; gerek\u00e7esiyle tepki g\u00f6stererek, ya\u015fananlardan onlar\u0131n da sorumlu oldu\u011fu ele\u015ftirisinde bulundu.<\/p>\n\n\n\n<p>G\u00f6stericiler, s\u0131k s\u0131k \u0130ngilizce ve Frans\u0131zca &#8220;\u0130\u015fbirlik\u00e7i Cassis&#8221; ve &#8220;Sana yaz\u0131klar olsun&#8221; \u015feklinde slogan att\u0131.<\/p>\n\n\n\n<p>Eylemcilerden baz\u0131lar\u0131, Gazze&#8217;de \u00f6len sivilleri simgelemek i\u00e7in bir s\u00fcre yerde yatarak slogan att\u0131.<\/p>\n\n\n\n<p>Baz\u0131 eylemciler ise ellerinde &#8220;Cassis ellerinde kan var&#8221;, &#8220;\u0130stifa&#8221; ve &#8220;Soyk\u0131r\u0131m\u0131 durdurun&#8221; yazan pankartlar ta\u015f\u0131d\u0131.<\/p>\n\n\n\n<p>Yakla\u015f\u0131k 20 dakika s\u00fcren eylem, herhangi bir gerginlik ya\u015fanmadan sona erdi.<\/p>\n","protected":false},"excerpt":{"rendered":"<p>\u0130svi\u00e7re D\u0131\u015fi\u015fleri Bakan\u0131 Ignazio Cassis, Gazze&#8217;de sald\u0131r\u0131lar\u0131n\u0131&#46;&#46;&#46;<\/p>\n","protected":false},"author":3,"featured_media":4187,"comment_status":"closed","ping_status":"open","sticky":false,"template":"","format":"standard","meta":{"footnotes":""},"categories":[11,5],"tags":[],"manset":[],"class_list":["post-4186","post","type-post","status-publish","format-standard","has-post-thumbnail","hentry","category-dunya","category-etkinlikler"],"amp_enabled":true,"_links":{"self":[{"href":"https:\/\/kolektifmucadele1.org\/index.php\/wp-json\/wp\/v2\/posts\/4186","targetHints":{"allow":["GET"]}}],"collection":[{"href":"https:\/\/kolektifmucadele1.org\/index.php\/wp-json\/wp\/v2\/posts"}],"about":[{"href":"https:\/\/kolektifmucadele1.org\/index.php\/wp-json\/wp\/v2\/types\/post"}],"author":[{"embeddable":true,"href":"https:\/\/kolektifmucadele1.org\/index.php\/wp-json\/wp\/v2\/users\/3"}],"replies":[{"embeddable":true,"href":"https:\/\/kolektifmucadele1.org\/index.php\/wp-json\/wp\/v2\/comments?post=4186"}],"version-history":[{"count":1,"href":"https:\/\/kolektifmucadele1.org\/index.php\/wp-json\/wp\/v2\/posts\/4186\/revisions"}],"predecessor-version":[{"id":4188,"href":"https:\/\/kolektifmucadele1.org\/index.php\/wp-json\/wp\/v2\/posts\/4186\/revisions\/4188"}],"wp:featuredmedia":[{"embeddable":true,"href":"https:\/\/kolektifmucadele1.org\/index.php\/wp-json\/wp\/v2\/media\/4187"}],"wp:attachment":[{"href":"https:\/\/kolektifmucadele1.org\/index.php\/wp-json\/wp\/v2\/media?parent=4186"}],"wp:term":[{"taxonomy":"category","embeddable":true,"href":"https:\/\/kolektifmucadele1.org\/index.php\/wp-json\/wp\/v2\/categories?post=4186"},{"taxonomy":"post_tag","embeddable":true,"href":"https:\/\/kolektifmucadele1.org\/index.php\/wp-json\/wp\/v2\/tags?post=4186"},{"taxonomy":"manset","embeddable":true,"href":"https:\/\/kolektifmucadele1.org\/index.php\/wp-json\/wp\/v2\/manset?post=4186"}],"curies":[{"name":"wp","href":"https:\/\/api.w.org\/{rel}","templated":true}]}}