{"id":4240,"date":"2024-09-04T12:17:49","date_gmt":"2024-09-04T09:17:49","guid":{"rendered":"https:\/\/kolektifmucadele1.org\/?p=4240"},"modified":"2024-12-01T19:05:20","modified_gmt":"2024-12-01T16:05:20","slug":"artvinde-rant-ugruna-cinayet-resit-kibar-icin-cenaze-toreni-duzenlendi","status":"publish","type":"post","link":"https:\/\/kolektifmucadele1.org\/index.php\/2024\/09\/04\/artvinde-rant-ugruna-cinayet-resit-kibar-icin-cenaze-toreni-duzenlendi\/","title":{"rendered":"Artvin&#8217;de rant u\u011fruna cinayet: Re\u015fit Kibar i\u00e7in cenaze t\u00f6reni d\u00fczenlendi"},"content":{"rendered":"\n<p>Artvin&#8217;in Bor\u00e7ka il\u00e7esinde Orman Alan\u0131 Projesi&#8217;ne kar\u015f\u0131 \u00e7\u0131kan ve kep\u00e7eleri durduran yurtta\u015flara y\u00f6nelik silahl\u0131 sald\u0131r\u0131da hayat\u0131n\u0131 kaybeden Re\u015fit Kibar i\u00e7in Hopa&#8217;da cenaze t\u00f6reni d\u00fczenlendi.<\/p>\n\n\n\n<p>Artvin&#8217;in Hopa ile Bor\u00e7ka il\u00e7eleri aras\u0131nda bulunan ve Bor\u00e7ka&#8217;ya ba\u011fl\u0131 olan Cankurtaran mevkinde Yap\u0131soy Beton&#8217;a ait projeye kar\u015f\u0131 \u00e7\u0131kan yurtta\u015flara d\u00fcn (3 Eyl\u00fcl Sal\u0131) silahl\u0131 sald\u0131r\u0131 ger\u00e7ekle\u015fti.<\/p>\n\n\n\n<p>Sald\u0131r\u0131da Re\u015fit Kibar ya\u015fam\u0131n\u0131 yitirirken 2 yurtta\u015f da yaraland\u0131.<\/p>\n\n\n\n<p>Kibar i\u00e7in bug\u00fcn Hopa il\u00e7esinde cenaze t\u00f6reni d\u00fczenlendi. \u0130l\u00e7edeki cenaze t\u00f6renine \u00e7ok say\u0131da yurtta\u015f kat\u0131ld\u0131.<\/p>\n\n\n\n<p>NE OLMU\u015eTU?<\/p>\n\n\n\n<p>D\u00fcn (3 Eyl\u00fcl Sal\u0131) Artvin\u2019in Bor\u00e7ka il\u00e7esine ba\u011fl\u0131 Cankurtaran b\u00f6lgesinde mesire alan\u0131 projesine kar\u015f\u0131 a\u011fa\u00e7 kesimini engellemek isteyen k\u00f6yl\u00fclerin \u00fczerine ate\u015f a\u00e7\u0131lm\u0131\u015f. Olayda Re\u015fit Kibar isimli yurtta\u015f ya\u015fam\u0131n\u0131 yitirmi\u015f, 2 ki\u015fi ise yaralanm\u0131\u015ft\u0131.<\/p>\n\n\n\n<p>Silahl\u0131 sald\u0131r\u0131ya ili\u015fkin Muhammet Ustaba\u015f ve F. M g\u00f6zalt\u0131na al\u0131nm\u0131\u015f, daha F.M. serbest b\u0131rak\u0131l\u0131rken, Muhammet Ustaba\u015f hakk\u0131nda tutuklama karar\u0131 verilmi\u015fti.<\/p>\n\n\n\n<p>Geli\u015fmelerin ard\u0131ndan Cankurtaran\u2019da ihaleyi alan Yap\u0131soy Beton ihaleden \u00e7ekildi\u011fini a\u00e7\u0131klam\u0131\u015ft\u0131.<\/p>\n","protected":false},"excerpt":{"rendered":"<p>Artvin&#8217;in Bor\u00e7ka il\u00e7esinde Orman Alan\u0131 Projesi&#8217;ne kar\u015f\u0131&#46;&#46;&#46;<\/p>\n","protected":false},"author":3,"featured_media":4241,"comment_status":"closed","ping_status":"open","sticky":false,"template":"","format":"standard","meta":{"footnotes":""},"categories":[5],"tags":[],"manset":[],"class_list":["post-4240","post","type-post","status-publish","format-standard","has-post-thumbnail","hentry","category-etkinlikler"],"amp_enabled":true,"_links":{"self":[{"href":"https:\/\/kolektifmucadele1.org\/index.php\/wp-json\/wp\/v2\/posts\/4240","targetHints":{"allow":["GET"]}}],"collection":[{"href":"https:\/\/kolektifmucadele1.org\/index.php\/wp-json\/wp\/v2\/posts"}],"about":[{"href":"https:\/\/kolektifmucadele1.org\/index.php\/wp-json\/wp\/v2\/types\/post"}],"author":[{"embeddable":true,"href":"https:\/\/kolektifmucadele1.org\/index.php\/wp-json\/wp\/v2\/users\/3"}],"replies":[{"embeddable":true,"href":"https:\/\/kolektifmucadele1.org\/index.php\/wp-json\/wp\/v2\/comments?post=4240"}],"version-history":[{"count":1,"href":"https:\/\/kolektifmucadele1.org\/index.php\/wp-json\/wp\/v2\/posts\/4240\/revisions"}],"predecessor-version":[{"id":4242,"href":"https:\/\/kolektifmucadele1.org\/index.php\/wp-json\/wp\/v2\/posts\/4240\/revisions\/4242"}],"wp:featuredmedia":[{"embeddable":true,"href":"https:\/\/kolektifmucadele1.org\/index.php\/wp-json\/wp\/v2\/media\/4241"}],"wp:attachment":[{"href":"https:\/\/kolektifmucadele1.org\/index.php\/wp-json\/wp\/v2\/media?parent=4240"}],"wp:term":[{"taxonomy":"category","embeddable":true,"href":"https:\/\/kolektifmucadele1.org\/index.php\/wp-json\/wp\/v2\/categories?post=4240"},{"taxonomy":"post_tag","embeddable":true,"href":"https:\/\/kolektifmucadele1.org\/index.php\/wp-json\/wp\/v2\/tags?post=4240"},{"taxonomy":"manset","embeddable":true,"href":"https:\/\/kolektifmucadele1.org\/index.php\/wp-json\/wp\/v2\/manset?post=4240"}],"curies":[{"name":"wp","href":"https:\/\/api.w.org\/{rel}","templated":true}]}}