{"id":4255,"date":"2024-09-05T00:59:20","date_gmt":"2024-09-04T21:59:20","guid":{"rendered":"https:\/\/kolektifmucadele1.org\/?p=4255"},"modified":"2024-12-01T19:05:20","modified_gmt":"2024-12-01T16:05:20","slug":"abdnin-ortadogudaki-tartismali-varligi","status":"publish","type":"post","link":"https:\/\/kolektifmucadele1.org\/index.php\/2024\/09\/05\/abdnin-ortadogudaki-tartismali-varligi\/","title":{"rendered":"ABD\u2019nin Ortado\u011fu\u2019daki tart\u0131\u015fmal\u0131 varl\u0131\u011f\u0131"},"content":{"rendered":"\n<p>Siyonist \u0130srail\u2019in sald\u0131r\u0131s\u0131yla birlikte Gazze \u015feridinde b\u00fcy\u00fck bir soyk\u0131r\u0131m ya\u015fanmakta. Gazze, art\u0131k eski Gazze olmaktan \u00e7\u0131km\u0131\u015ft\u0131r. Siyonist \u0130srail sald\u0131r\u0131lar\u0131n\u0131n nerede ve ne zaman duraca\u011f\u0131 da kestirilememektedir. Uluslararas\u0131 g\u00fc\u00e7lerin Siyonist \u0130srail\u2019in sald\u0131r\u0131lar\u0131n\u0131 s\u0131n\u0131rlayacak veya durduracak bir mekanizma ar\u0131yormu\u015f g\u00f6r\u00fcn\u00fcm\u00fc alt\u0131nda as\u0131l olarak ona her t\u00fcrl\u00fc deste\u011fi sunmaktalar. \u015eimdiye kadarki sava\u015fta Filistin halk\u0131 d\u00fcnyan\u0131n g\u00f6z\u00fc \u00f6n\u00fcnde b\u00fcy\u00fck bir soyk\u0131r\u0131m ya\u015farken ya\u015fanan can kayb\u0131 40 binin \u00fczerinde. Yerle\u015fim yerleri ve alt yap\u0131s\u0131n\u0131n b\u00fcy\u00fck bir b\u00f6l\u00fcm\u00fc tahrip edilmi\u015f durumdad\u0131r. Her ge\u00e7en g\u00fcn kay\u0131p oran\u0131 artmakta, ya\u015fanan katliam ve y\u0131k\u0131m\u0131n faturas\u0131 her ge\u00e7en g\u00fcn daha da a\u011f\u0131rla\u015fmaktad\u0131r.<\/p>\n\n\n\n<p>Gazze sava\u015f\u0131 do\u011fal olarak b\u00f6lgedeki siyasi dengelerde de bir sars\u0131nt\u0131 yarat\u0131. Bu sars\u0131nt\u0131n\u0131n giderek bir b\u00f6lge sava\u015f\u0131na neden olabilece\u011fi ihtimalleri de tart\u0131\u015fmalar\u0131n ba\u015f g\u00fcndemine oturmakta. Gerginli\u011fin K\u0131z\u0131ldeniz\u2019de n\u00fcksetmesi, Yemen\u2019deki Husilerin Gazze sava\u015f\u0131na bir fiil kat\u0131lmas\u0131 K\u0131z\u0131ldeniz \u00fczerindeki gerginlik giderek daha da t\u0131rmanaca\u011fa benzemektedir. Emperyalistleri \u00fcrk\u00fctmekte, ticaretlerini sekteye u\u011fratmakta. L\u00fcbnan Hizbullah\u2019\u0131 da \u0130srail\u2019e kar\u015f\u0131 bu sava\u015f\u0131n do\u011fal bir par\u00e7as\u0131 halinde, Siyonist \u0130srail\u2019e y\u00f6nelik baz\u0131 sald\u0131r\u0131lar yapmakta. Ama sava\u015f\u0131n hen\u00fcz L\u00fcbnan\u2019\u0131 kapsad\u0131\u011f\u0131ndan bahsedilemez. Bug\u00fcne kadar Siyonist \u0130srail\u2019in cevap kabilinde Beyrut merkezindeki Hamas b\u00fcrosunu vurarak \u00fcst d\u00fczey y\u00f6neticilerinden Salih Aruri ve beraberindekilerini \u00f6ld\u00fcrmesi lokal bir operasyon olarak kald\u0131.&nbsp;&nbsp;<\/p>\n\n\n\n<p>Kas\u0131m S\u00fcleymani\u2019nin anma t\u00f6renleri y\u0131l d\u00f6n\u00fcm\u00fcnde bir sald\u0131r\u0131 ger\u00e7ekle\u015fmi\u015f ve 100\u2019\u00fcn \u00fczerinde insan ya\u015fam\u0131n\u0131 yitirmi\u015fti. \u0130ran\u2019da meydana gelen bu sald\u0131r\u0131y\u0131 DA\u0130\u015e \u00fcstlense de beklenmedik \u015fok etkisi yaratt\u0131. Ard\u0131ndan \u0130ran\u2019\u0131n kar\u015f\u0131l\u0131k kabilinden Erbil\u2019e f\u00fczeler f\u0131rlatmas\u0131 ve bir i\u015f insan\u0131n\u0131 hedef almas\u0131 bir anda yeni bir gerilime neden oldu. \u0130ran\u2019a ba\u011fl\u0131 g\u00fc\u00e7ler ABD\u2019nin Irak ve Suriye\u2019deki askeri \u00fcslerine zaman zaman sald\u0131r\u0131lar d\u00fczenleyerek ABD\u2019yi rahat b\u0131rakmayaca\u011f\u0131 mesaj\u0131n\u0131 verdi. \u0130ran\u2019\u0131n psikolojik \u00fcst\u00fcnl\u00fck sa\u011flamak a\u00e7\u0131s\u0131ndan uzaktan ve ka\u00e7ak sava\u015fmas\u0131, i\u015fine gelmektedir. En son sald\u0131r\u0131 ise \u00dcrd\u00fcn\u2019deki ABD askerlerine yap\u0131lan sald\u0131r\u0131d\u0131r. 3 Amerikan askerinin \u00f6ld\u00fc\u011f\u00fc belirtilen sald\u0131r\u0131y\u0131 \u0130ran ve ba\u011fl\u0131 g\u00fc\u00e7lerin do\u011frudan \u00fcslenmesi \u00f6nemli bir meydan okumad\u0131r.&nbsp;<\/p>\n\n\n\n<p>Ard\u0131nda \u0130ran\u2019da Cumhur ba\u015fkan\u0131n\u0131n yemin t\u00f6renine kat\u0131lan Hamas&#8217;\u0131n Siyasi B\u00fcro Ba\u015fkan\u0131 \u0130smail Haniye&#8217;nin Tahran&#8217;da suikasta u\u011framas\u0131 b\u00f6lgede gerginli\u011fi art\u0131r\u0131rken, \u0130ran \u0130srail sava\u015f\u0131 beklentisi \u015fimdilik g\u00fcndemde d\u00fc\u015fm\u00fc\u015fse de \u0130ran\u2019\u0131nda \u0130srail\u2019inde f\u0131rsat kollad\u0131\u011f\u0131 ger\u00e7ekli\u011fi ortada.<\/p>\n\n\n\n<p>Geni\u015f bir co\u011frafik alanda Yemen, \u00dcrd\u00fcn, Libya, Suriye ve Irak sahas\u0131nda \u0130ran destekli gruplar\u0131n cephelerinde, ABD\u2019ye kar\u015f\u0131 kontroll\u00fc bir gerilim t\u0131rmand\u0131r\u0131lmaktad\u0131r. Sivrisinek \u0131s\u0131r\u0131\u011f\u0131 gibi g\u00f6z\u00fcken eylemler olsa da ABD\u2019yi olduk\u00e7a rahats\u0131z eden sald\u0131r\u0131lard\u0131r. G\u00fcn\u00fcm\u00fczde Ortado\u011fu\u2019da sava\u015flar\u0131n karakteri de cepheden, havadan ve karadan topyek\u00fbn bir sava\u015ftan ziyade belli aral\u0131klarla f\u0131rlat\u0131lan f\u00fczeler ve yap\u0131lan hava sald\u0131r\u0131lar\u0131 ile taciz eylemleri \u015feklindedir. ABD askerlerinin 7 Ekim\u2019 den sonra ilk can kayb\u0131 \u00dcrd\u00fcn\u2019de ger\u00e7ekle\u015fen sald\u0131r\u0131da meydana geldi. 3 askerin \u00f6ld\u00fc\u011f\u00fc, 25 askerin de yaraland\u0131\u011f\u0131 sald\u0131r\u0131n\u0131n ABD\u2019de \u201c\u015fok etkisi\u201d yaratt\u0131\u011f\u0131n\u0131 belirten ABD Ba\u015fkan\u0131 Biden, sald\u0131r\u0131 kar\u015f\u0131s\u0131nda \u015fa\u015fk\u0131nl\u0131\u011f\u0131n\u0131 gizleyemedi.<\/p>\n\n\n\n<p>Kule 22 olarak adland\u0131r\u0131lan ABD askeri \u00fcss\u00fc, Suriye s\u0131r\u0131nda Tenef Askeri \u00fcss\u00fcne yak\u0131n bir noktada bulunmakta ve stratejik bir konum arz etmektedir. Bu sald\u0131r\u0131yla verilmek istenen mesaj \u015fudur: \u201cABD\u2019yi rahat b\u0131rakmayaca\u011f\u0131z ve istedi\u011fimiz yerde vurma kabiliyetine sahibiz\u201d.&nbsp; ABD\u2019nin bu \u015fok sald\u0131r\u0131ya cevab\u0131 ise, \u201ckar\u015f\u0131l\u0131k verece\u011fiz\u201d oldu. Bu restle\u015fme ile birlikte geli\u015fen b\u00f6lgesel gerilimde i\u015fin nereye varaca\u011f\u0131n\u0131 kestirmek \u015fimdilik pek m\u00fcmk\u00fcn g\u00f6r\u00fcnmemektedir.<\/p>\n\n\n\n<p>ABD, Siyonist \u0130srail ve \u0130ran aras\u0131nda kar\u015f\u0131l\u0131kl\u0131 sald\u0131r\u0131lar ve tehditler devam ederken, Siyonist \u0130srail\u2019in Filistin halkina kar\u015f\u0131 soyk\u0131r\u0131m sava\u015f\u0131 s\u00fcrerken, K\u0131z\u0131ldeniz yeni bir sava\u015f cephesine d\u00f6n\u00fc\u015fmeye adayken, ABD\u2019nin Irak\u2019taki askeri varl\u0131\u011f\u0131n\u0131 sonland\u0131rmas\u0131na ili\u015fkin haberlerin g\u00fcndemde olmas\u0131, ABD\u2019nin Irak ve Suriye politikalar\u0131nda bir tak\u0131m de\u011fi\u015fikli\u011fe gidece\u011fi ger\u00e7ekli\u011fidir.<\/p>\n\n\n\n<p>B\u00f6lgede ya\u015fanan bu gerilimin \u00f6zellikle de Siyonist \u0130srail ve Filistin aras\u0131nda s\u00fcren sava\u015f\u0131n ABD\u2019nin y\u0131l sonu yap\u0131lacak ba\u015fkanl\u0131k se\u00e7imlerine olas\u0131 etkileri de d\u00fc\u015f\u00fcn\u00fcld\u00fc\u011f\u00fcnde, b\u00f6lgesel \u00e7apta \u00e7ok k\u00f6kl\u00fc politika de\u011fi\u015fikli\u011fi olmasa da n\u00fcans de\u011fi\u015fikli\u011fi kabilinden ince ayarlara gidilmesi muhtemeldir. B\u00f6lgeden \u00e7ekilme tart\u0131\u015fmalar\u0131n\u0131n olmas\u0131 bile bu konuda yeni politikalar\u0131n olu\u015fturulmas\u0131na duyulan ihtiyac\u0131 g\u00f6stermektedir.<\/p>\n\n\n\n<p>ABD\u2019nin Irak ve Suriye\u2019den \u00e7ekilmesi ile DA\u0130\u015e ile m\u00fccadelede ciddi s\u0131k\u0131nt\u0131lar yarataca\u011f\u0131 senaryolar\u0131 ve DA\u0130\u015e yeniden g\u00fcndeme getirilmesi ku\u015fkusuz bundan ba\u011f\u0131ms\u0131z de\u011fildir. B\u00f6ylesi bir \u00e7ekilmenin Ortado\u011fu\u2019daki psikolojik \u00fcst\u00fcnl\u00fc\u011f\u00fc \u0130ran\u2019a kapt\u0131rma kayg\u0131s\u0131 ba\u015fta gelmektedir. Bu da b\u00f6lgesel g\u00fc\u00e7 dengesinde ibrenin Rusya ve \u0130ran lehine kayaca\u011f\u0131 ve bunun yarataca\u011f\u0131 sonu\u00e7lar olaca\u011f\u0131d\u0131r.<\/p>\n\n\n\n<p>Bu geli\u015fmeler kar\u015fisinda i\u015fgalci soyk\u0131r\u0131mc\u0131 T\u00fcrkiye\u2019de Irak\u2019a \u00f6nce i\u015fbirlik\u00e7i KDP sonrada Irak merkezi h\u00fck\u00fbmetinin de onay\u0131yla giderek b\u00f6lgeye yerle\u015ferek orada sava\u015f\u0131 geli\u015ftirmekte. Medya savunma alanlar\u0131yla Irak yerle\u015fim yerleri aras\u0131na tampon b\u00f6lge olarak Suriye\u2019de besledi\u011fi DA\u0130\u015e \u00e7eteleri yerle\u015ftirmekte. K\u00fcrt \u00f6zg\u00fcrl\u00fck m\u00fccadelesine kar\u015f\u0131 T\u00fcrkiye hep elini ovu\u015fturarak bekledi\u011fi gibi, Rojava\u2019y\u0131 i\u015fgal ve ilhak emellerini ger\u00e7ekle\u015ftirmek pe\u015finde. \u00c7\u0131karlar\u0131 hangi co\u011frafyada ve hangi konularda \u00e7ak\u0131\u015f\u0131yorsa siyasi ili\u015fkiler de ancak o oranda kuruluyor. ABD ile QSD ili\u015fkileri DA\u0130\u015e ile m\u00fccadele \u00e7er\u00e7evesinde kurulan taktiksel ili\u015fkilerden \u00f6teye ge\u00e7memi\u015ftir. Stratejik dostluk ili\u015fkisi demek abart\u0131l\u0131 bir yakla\u015f\u0131md\u0131r. ABD, kendi \u00fclke \u00e7\u0131karlar\u0131 el verdi\u011fi oranda Suriye\u2019de vard\u0131r. \u00c7\u0131kar\u0131na uygun olmad\u0131\u011f\u0131 zaman kalmas\u0131na da gerek yoktur. Nitekim Donald Trump d\u00f6neminde Suriye\u2019den \u00e7\u0131kma karar\u0131 al\u0131nd\u0131 ve k\u0131smi \u00e7\u0131k\u0131\u015f da ger\u00e7ekle\u015fti. 2024 ba\u015fkanl\u0131k se\u00e7imlerinde olas\u0131 iktidar de\u011fi\u015fikli\u011finde ABD\u2019nin Suriye politikalar\u0131nda bir de\u011fi\u015fim tekrar ya\u015fanabilir. T\u00fcrkiye\u2019nin i\u015fgal sald\u0131r\u0131lar\u0131 da g\u00fcndeme gelebilir.<\/p>\n\n\n\n<p>\u00d6n\u00fcm\u00fczde ki s\u00fcre\u00e7 T\u00fcrkiye\u2019nin Fa\u015fist AKP-MHP iktidar\u0131yla b\u00f6lgede sava\u015f\u0131 t\u0131rmand\u0131ran olmaya devam edecek, K\u00fcrt politikas\u0131nda d\u00fc\u015fmanl\u0131\u011f\u0131 daha da derinle\u015ftirecektir. Bakur ve Ba\u015f\u00fbr i\u00e7in d\u00fc\u015fmanl\u0131k besledi\u011fi gibi Rojava i\u00e7in de tasfiye planlar\u0131 devrededir. \u015eimdiye kadarki hava sald\u0131r\u0131lar\u0131nda ABD\u2019nin herhangi bir cayd\u0131r\u0131c\u0131l\u0131\u011f\u0131 olmad\u0131\u011f\u0131 Rojaval\u0131 yetkililer taraf\u0131nda dile getirilmektedir. T\u00fcrk devletinin Rojava\u2019y\u0131 i\u015fgal ve istila giri\u015fimleri, uzun vadede \u201cR\u00fczg\u00e2r eken f\u0131rt\u0131na bi\u00e7er\u201d misali \u00e7\u0131kmaza girmeye mahkumdur.<\/p>\n\n\n\n<p>Suriye ile normalle\u015fme giri\u015fimleriyle \u00e7\u00f6z\u00fcm \u00fcretme \u00e7abalar\u0131 T\u00fcrk devletinin takoz koymas\u0131 nedeniyle geli\u015ftirilemiyor. Her hal\u00fck\u00e2rda Rojava Demokratik \u00d6zerk Y\u00f6netimi\u2019nin geli\u015febilecek b\u00fct\u00fcn se\u00e7eneklere kar\u015f\u0131 kendisini haz\u0131rlamas\u0131 bir ihtiya\u00e7t\u0131r. Ekonomik alt yap\u0131s\u0131n\u0131n tahrip edilmesi de dahil b\u00fct\u00fcn ko\u015fullara dayanabilecek iradi yap\u0131n\u0131n ortaya \u00e7\u0131kar\u0131lmas\u0131 gerekir.<\/p>\n\n\n\n<p>Geli\u015fmeleri belirleyecek ve son noktay\u0131 koyacak olansa halk bile\u015fenleridir. Halk\u0131n \u00f6rg\u00fctl\u00fc yap\u0131s\u0131na dayanmak kazand\u0131racak tek se\u00e7enektir.<\/p>\n","protected":false},"excerpt":{"rendered":"<p>Siyonist \u0130srail\u2019in sald\u0131r\u0131s\u0131yla birlikte Gazze \u015feridinde b\u00fcy\u00fck&#46;&#46;&#46;<\/p>\n","protected":false},"author":3,"featured_media":4256,"comment_status":"closed","ping_status":"open","sticky":false,"template":"","format":"standard","meta":{"footnotes":""},"categories":[7,29],"tags":[],"manset":[],"class_list":["post-4255","post","type-post","status-publish","format-standard","has-post-thumbnail","hentry","category-makaleler","category-manset"],"amp_enabled":true,"_links":{"self":[{"href":"https:\/\/kolektifmucadele1.org\/index.php\/wp-json\/wp\/v2\/posts\/4255","targetHints":{"allow":["GET"]}}],"collection":[{"href":"https:\/\/kolektifmucadele1.org\/index.php\/wp-json\/wp\/v2\/posts"}],"about":[{"href":"https:\/\/kolektifmucadele1.org\/index.php\/wp-json\/wp\/v2\/types\/post"}],"author":[{"embeddable":true,"href":"https:\/\/kolektifmucadele1.org\/index.php\/wp-json\/wp\/v2\/users\/3"}],"replies":[{"embeddable":true,"href":"https:\/\/kolektifmucadele1.org\/index.php\/wp-json\/wp\/v2\/comments?post=4255"}],"version-history":[{"count":1,"href":"https:\/\/kolektifmucadele1.org\/index.php\/wp-json\/wp\/v2\/posts\/4255\/revisions"}],"predecessor-version":[{"id":4257,"href":"https:\/\/kolektifmucadele1.org\/index.php\/wp-json\/wp\/v2\/posts\/4255\/revisions\/4257"}],"wp:featuredmedia":[{"embeddable":true,"href":"https:\/\/kolektifmucadele1.org\/index.php\/wp-json\/wp\/v2\/media\/4256"}],"wp:attachment":[{"href":"https:\/\/kolektifmucadele1.org\/index.php\/wp-json\/wp\/v2\/media?parent=4255"}],"wp:term":[{"taxonomy":"category","embeddable":true,"href":"https:\/\/kolektifmucadele1.org\/index.php\/wp-json\/wp\/v2\/categories?post=4255"},{"taxonomy":"post_tag","embeddable":true,"href":"https:\/\/kolektifmucadele1.org\/index.php\/wp-json\/wp\/v2\/tags?post=4255"},{"taxonomy":"manset","embeddable":true,"href":"https:\/\/kolektifmucadele1.org\/index.php\/wp-json\/wp\/v2\/manset?post=4255"}],"curies":[{"name":"wp","href":"https:\/\/api.w.org\/{rel}","templated":true}]}}