{"id":4261,"date":"2024-09-05T21:17:22","date_gmt":"2024-09-05T18:17:22","guid":{"rendered":"https:\/\/kolektifmucadele1.org\/?p=4261"},"modified":"2024-12-01T19:05:20","modified_gmt":"2024-12-01T16:05:20","slug":"irak-devleti-turkiyenin-katliam-sucuna-ortak-oluyor","status":"publish","type":"post","link":"https:\/\/kolektifmucadele1.org\/index.php\/2024\/09\/05\/irak-devleti-turkiyenin-katliam-sucuna-ortak-oluyor\/","title":{"rendered":"Irak devleti T\u00fcrkiye\u2019nin katliam su\u00e7una ortak oluyor"},"content":{"rendered":"\n<p>D\u00fcnyan\u0131n bir\u00e7ok yerinde uluslar ars\u0131 g\u00fc\u00e7ler aras\u0131nda b\u00fcy\u00fck bir kriz ve \u00e7at\u0131\u015fma ya\u015fanmaktad\u0131r. Ku\u015fkusuz ki bunun en \u00f6nemli odaklarda biride Ortado\u011fu\u2019da kriz ve \u00e7eli\u015fkilerin ya\u015fand\u0131\u011f\u0131 en b\u00fcy\u00fck adreslerden biri de Irak oluyor. Ortado\u011fu\u2019nun sahip oldu\u011fu konum ve yer alt\u0131 ve yer \u00fcst\u00fc zenginliklerinden dolay\u0131 her d\u00f6nem uluslararas\u0131 emperyalistlerin i\u015ftah\u0131n\u0131 kabartm\u0131\u015f ve b\u00f6lgesel i\u015f birlik\u00e7i g\u00fc\u00e7lerin deste\u011fiyle kap\u0131\u015fma alan\u0131 olmu\u015ftur. Bunun ba\u015f\u0131nda ise Irak\u2019a ABD m\u00fcdahalesi ve Saddam H\u00fcseyin\u2019in devrilmesinden sonra siyasi-ekonomik krizde kurtulamamas\u0131 ve uluslar ars\u0131 g\u00fc\u00e7lerin rahat\u00e7a oyun oynad\u0131klar\u0131 bir \u00fclke durumunda olmas\u0131 neden olmaktad\u0131r.<\/p>\n\n\n\n<p>B\u00f6lgede uluslar ars\u0131 g\u00fc\u00e7lerin Irak \u00fczerindeki sava\u015flar\u0131 en \u00e7ok ABD ve \u0130ran\u2019\u0131n b\u00f6lge \u00fczerinde n\u00fcfusunu artt\u0131rma \u00e7abalar\u0131 sonucu ortaya \u00e7\u0131k\u0131yor. \u00dclkenin \u00fc\u00e7 yerel dinami\u011fi olan \u015eii, S\u00fcnni ve K\u00fcrt akt\u00f6rler aras\u0131nda ya\u015fanan iktidar sava\u015flar\u0131 da Irak\u2019ta b\u00fcy\u00fck bir y\u00f6netim bo\u015flu\u011funa neden olurken, bundan yararlanmak isteyen en b\u00fcy\u00fck g\u00fc\u00e7 ise T\u00fcrk devleti oluyor. T\u00fcrk devleti elini kolunu sallayarak KDP ve KDP\u2019e \u0130stihbarat\u0131 deste\u011fiyle K\u00fcrt \u00f6zg\u00fcrl\u00fck\u00e7\u00fclere, ba\u015fta da \u00f6zg\u00fcrl\u00fck\u00e7\u00fc kad\u0131nlara, bas\u0131n emek\u00e7ilerine, sivillere y\u00f6nelik suikastlarla katliamlar yapmakta.<\/p>\n\n\n\n<p>31 Mart yerel se\u00e7imleri T\u00fcrkiye\u2019deki siyasetin dizili\u015fini, Irak ve Suriye\u2019deki geli\u015fmeler de b\u00fct\u00fcn bir Ortado\u011fu\u2019yu derinden etkileyecek. AKP\u2019li Cumhurba\u015fkan\u0131 Erdo\u011fan Kabine Toplant\u0131s\u0131 sonras\u0131 se\u00e7im s\u00fcrecinden ba\u011f\u0131ms\u0131z ele al\u0131nmayacak ifadelerle bunun i\u015faretlerini \u015fu s\u00f6zleriyle vermi\u015fti: &#8220;Irak s\u0131n\u0131rlar\u0131m\u0131z\u0131 g\u00fcven alt\u0131na alacak \u00e7emberi tamamlamak \u00fczereyiz. \u0130n\u015fallah bu yaz\u0131n Irak s\u0131n\u0131rlar\u0131m\u0131zla ilgili meseleyi kal\u0131c\u0131 olarak \u00e7\u00f6z\u00fcme kavu\u015fturmu\u015f olaca\u011f\u0131z.&#8221;<\/p>\n\n\n\n<p>T\u00fcrk devleti Irak\u2019ta ki s\u00f6z konusu kesimler aras\u0131ndaki \u00e7at\u0131\u015fma, \u00e7eli\u015fki ve anla\u015fmazl\u0131klardan yararlanarak, kendi politikalar\u0131 lehine Irak\u2019taki siyasi krizi daha fazla derinle\u015ftiriyor. Ayn\u0131 zamanda K\u00fcrdistan \u00d6zg\u00fcrl\u00fck Hareketi\u2019ne kar\u015f\u0131 var olan bo\u015flukta yararlanarak, yeni bir sava\u015f konseptinin uygulamakta. Aylard\u0131r Ankara, Ba\u011fdat ve Hewl\u00ear aras\u0131nda yap\u0131lan onlarca g\u00f6r\u00fc\u015fmeler i\u015fbirlik\u00e7i KDP den sonra Irak Merkezi h\u00fck\u00fcmeti de dahil oldu. K\u00fcrdistan \u00d6zg\u00fcrl\u00fck Hareketi\u2019ne kar\u015f\u0131 s\u00fcren sava\u015f yeni bir evreye girmi\u015f oldu.<\/p>\n\n\n\n<p>Pe\u015f pe\u015fe siyasi, askeri ve diplomatik geli\u015fmelerin ya\u015fand\u0131\u011f\u0131 Irak\u2019ta hareketli g\u00fcnler ya\u015fan\u0131rken, Irak genelindeki geli\u015fmeler ayn\u0131 zamanda di\u011fer b\u00f6lgeler i\u00e7in de yeni krizler ve sava\u015f\u0131n habercisi.<\/p>\n\n\n\n<p>Kriz ve kaosun bitmedi\u011fi Irak\u2019ta daha \u00f6nce KDP\u2019nin 20 \u015eubat\u2019ta Irak S\u0131n\u0131r Muhaf\u0131z Birlikleri ad\u0131yla gerilla alanlar\u0131na yapt\u0131\u011f\u0131 askeri sevkiyatla ate\u015flemi\u015fti. KDP g\u00fc\u00e7lerinin Duhok ve \u015e\u00ealadiz\u00ea ba\u015fta olmak \u00fczere gerilla alanlar\u0131na konumland\u0131r\u0131lmas\u0131yla birlikte, T\u00fcrk devletinin yeni i\u015fgal planlar\u0131 devreye konulmu\u015f oldu. K\u00fcrdistan \u00f6zg\u00fcrl\u00fck m\u00fccadelesi kar\u015f\u0131s\u0131nda istedi\u011fini alamayan T\u00fcrk devleti, bu sefer KDP ile birlikte Irak\u2019\u0131 da bu sava\u015fa dahil ederek istedi\u011fini ald\u0131.<\/p>\n\n\n\n<p>Ku\u015fkusuz ki t\u00fcm bu geli\u015fmeler T\u00fcrkiye ABD ve KDP ile Irak merkezi y\u00f6netiminin aras\u0131nda s\u00fcren g\u00f6r\u00fc\u015fmeler, pazarl\u0131klar ve dayatmalar sonucu sa\u011flanm\u0131\u015ft\u0131r.<\/p>\n\n\n\n<p>Medya savunma alanlar\u0131na yak\u0131n k\u00f6yleri bombalanarak bo\u015falt\u0131lmas\u0131 ve bu b\u00f6lgelere T\u00fcrkiye\u2019nin Suriye\u2019de besledi\u011fi \u00e7etelerin yerle\u015ftirilmesi ile bir tampon b\u00f6lge olu\u015fturulmak istenmekte. Ayn\u0131 zamanda Suriye de ki geli\u015fmeler kar\u015f\u0131s\u0131nda i\u015fgalci TC \u00e7eteleri yeni alan yaratmaktad\u0131r. Ki K\u00fcrt \u00f6zg\u00fcrl\u00fck gerillalar\u0131na kar\u015f\u0131 bu \u00e7eteler asker \u00fcniformas\u0131yla zaten sava\u015fa dahiller.<\/p>\n\n\n\n<p>S\u00fcre\u00e7 ba\u015fta Mesrur Barzani KDP\u2019nin \u00f6mr\u00fcn\u00fc uzatmak i\u00e7in ABD\u2019de pazarl\u0131klar\u0131na devam ederken, M\u0130T Ba\u015fkan\u0131 \u0130brahim Kal\u0131n\u2019\u0131n ABD\u2019ye ziyareti ise dikkat \u00e7eken di\u011fer \u00f6nemli bir geli\u015fme olmu\u015ftu. Kal\u0131n\u2019\u0131n ABD\u2019de CIA dahil kimi \u00e7evrelerle yapt\u0131\u011f\u0131 g\u00f6r\u00fc\u015fmelerde uluslararas\u0131 ve b\u00f6lgesel konular\u0131n yan\u0131 s\u0131ra Irak ve Suriye\u2019deki geli\u015fmelerin ele al\u0131nd\u0131\u011f\u0131 kamuoyuna deklere edilmi\u015fti. As\u0131l g\u00f6r\u00fc\u015fmenin ABD, KDP ve T\u00fcrk devleti aras\u0131nda \u00fc\u00e7l\u00fc bir g\u00f6r\u00fc\u015fme \u015feklinde organize edildi\u011fi ve g\u00f6r\u00fc\u015fmenin temel g\u00fcndemlerinin ise KDP\u2019nin Ba\u015f\u00fbr\u00ea K\u00fcrdistan\u2019da g\u00fc\u00e7lendirilmesinin yan\u0131 s\u0131ra bir yanda bu politikalara kar\u015f\u0131 tutum alan IKBY hizaya \u00e7ekmek iken di\u011fer yanda ise K\u00fcrdistan \u00d6zg\u00fcrl\u00fck Hareketi\u2019ne kar\u015f\u0131 s\u00fcren sava\u015ft\u0131r.<\/p>\n\n\n\n<p>K\u00fcrt halk\u0131na ve onun \u00f6zg\u00fcrl\u00fck g\u00fc\u00e7lerine kar\u015f\u0131 s\u00fcrd\u00fcr\u00fclen sava\u015f ve bu sava\u015f\u0131n yeni i\u015fgal planlar\u0131nda bu akt\u00f6rlerin dahil edilmesiyle yeni bir evreye girmi\u015ftir. Irak devleti bu sava\u015fa TC saflar\u0131nda kat\u0131lara kendi aya\u011f\u0131na s\u0131kmakta. Suriye\u2019deki \u00e7etelerin Irak topraklar\u0131na yerle\u015fmesi ve gelecekte yeni katliamlara zemin sunmakta.<\/p>\n\n\n\n<p>\u00dclkede ya\u015fanan siyasi ekonomik kriz ve toplumun nefes alma \u00e7abas\u0131. Fa\u015fist iktidar\u0131n yarat\u0131\u011f\u0131 suni g\u00fcndemler aras\u0131nda toplum bu sava\u015fta uzak, g\u00fcndem olmamakta. Bu fa\u015fist iktidar\u0131n yarat\u0131\u011f\u0131 bir sonu\u00e7. Ya\u015fananlar kar\u015f\u0131s\u0131nda toplumun bu ya\u015fanan sava\u015f ve bu sava\u015f\u0131n faturas\u0131n\u0131n kendisine \u00e7\u0131kt\u0131\u011f\u0131 ger\u00e7e\u011fi, katliamc\u0131 politikalar\u0131 te\u015fhir ve karde\u015f haklar ve \u00fclkelerin talan\u0131 edilmesi kar\u015f\u0131s\u0131nda duyarl\u0131\u011f\u0131 art\u0131rmal\u0131y\u0131z.<\/p>\n\n\n\n<p>Ger\u00e7ek refah ve \u00f6zg\u00fcrl\u00fck halklar\u0131n birlikte m\u00fccadelesi, i\u015fgal katliamlara kar\u015f\u0131 birlikte m\u00fccadeleyle sa\u011flana bilinir.<\/p>\n","protected":false},"excerpt":{"rendered":"<p>D\u00fcnyan\u0131n bir\u00e7ok yerinde uluslar ars\u0131 g\u00fc\u00e7ler aras\u0131nda&#46;&#46;&#46;<\/p>\n","protected":false},"author":3,"featured_media":4262,"comment_status":"closed","ping_status":"open","sticky":false,"template":"","format":"standard","meta":{"footnotes":""},"categories":[7,29],"tags":[],"manset":[],"class_list":["post-4261","post","type-post","status-publish","format-standard","has-post-thumbnail","hentry","category-makaleler","category-manset"],"amp_enabled":true,"_links":{"self":[{"href":"https:\/\/kolektifmucadele1.org\/index.php\/wp-json\/wp\/v2\/posts\/4261","targetHints":{"allow":["GET"]}}],"collection":[{"href":"https:\/\/kolektifmucadele1.org\/index.php\/wp-json\/wp\/v2\/posts"}],"about":[{"href":"https:\/\/kolektifmucadele1.org\/index.php\/wp-json\/wp\/v2\/types\/post"}],"author":[{"embeddable":true,"href":"https:\/\/kolektifmucadele1.org\/index.php\/wp-json\/wp\/v2\/users\/3"}],"replies":[{"embeddable":true,"href":"https:\/\/kolektifmucadele1.org\/index.php\/wp-json\/wp\/v2\/comments?post=4261"}],"version-history":[{"count":2,"href":"https:\/\/kolektifmucadele1.org\/index.php\/wp-json\/wp\/v2\/posts\/4261\/revisions"}],"predecessor-version":[{"id":4264,"href":"https:\/\/kolektifmucadele1.org\/index.php\/wp-json\/wp\/v2\/posts\/4261\/revisions\/4264"}],"wp:featuredmedia":[{"embeddable":true,"href":"https:\/\/kolektifmucadele1.org\/index.php\/wp-json\/wp\/v2\/media\/4262"}],"wp:attachment":[{"href":"https:\/\/kolektifmucadele1.org\/index.php\/wp-json\/wp\/v2\/media?parent=4261"}],"wp:term":[{"taxonomy":"category","embeddable":true,"href":"https:\/\/kolektifmucadele1.org\/index.php\/wp-json\/wp\/v2\/categories?post=4261"},{"taxonomy":"post_tag","embeddable":true,"href":"https:\/\/kolektifmucadele1.org\/index.php\/wp-json\/wp\/v2\/tags?post=4261"},{"taxonomy":"manset","embeddable":true,"href":"https:\/\/kolektifmucadele1.org\/index.php\/wp-json\/wp\/v2\/manset?post=4261"}],"curies":[{"name":"wp","href":"https:\/\/api.w.org\/{rel}","templated":true}]}}