{"id":4357,"date":"2024-09-12T23:57:04","date_gmt":"2024-09-12T20:57:04","guid":{"rendered":"https:\/\/kolektifmucadele1.org\/?p=4357"},"modified":"2024-12-01T19:05:20","modified_gmt":"2024-12-01T16:05:20","slug":"ihd-12-eylulun-44-yildonumu-karanliga-teslim-olmayacagiz","status":"publish","type":"post","link":"https:\/\/kolektifmucadele1.org\/index.php\/2024\/09\/12\/ihd-12-eylulun-44-yildonumu-karanliga-teslim-olmayacagiz\/","title":{"rendered":"\u0130HD 12 Eyl\u00fcl\u2019\u00fcn 44. y\u0131ld\u00f6n\u00fcm\u00fc: \u201cKaranl\u0131\u011fa teslim olmayaca\u011f\u0131z\u201d"},"content":{"rendered":"\n<p>Buraday\u0131z, \u00e7\u00fcnk\u00fc a\u011f\u0131r bilan\u00e7osunu a\u015fa\u011f\u0131da yer alan a\u00e7\u0131klama ekinde payla\u015ft\u0131\u011f\u0131m\u0131z askeri darbe, 12 Eyl\u00fcl 1980 sabah\u0131 03.00\u2019de buradan, TRT den duyurulmu\u015ftu. 12 Eyl\u00fcl\u2019\u00fcn bilan\u00e7osu a\u011f\u0131rd\u0131; alelacele ve adil yarg\u0131lanma ilkelerine riayet edilmeden yap\u0131lan yarg\u0131lamalarla 517 ki\u015fiye idam cezas\u0131 verilmi\u015f ve 50\u2018si infaz edilmi\u015fti; 300 ki\u015fi \u201cku\u015fkulu\u201d bir \u015fekilde \u00f6lm\u00fc\u015f 171 ki\u015finin \u2018i\u015fkenceden\u2019 \u00f6ld\u00fc\u011f\u00fc belgelerle kan\u0131tlanm\u0131\u015f, 11 ki\u015fi g\u00f6zalt\u0131nda kaybedilmi\u015fti. 1 milyon 683 bin ki\u015fi fi\u015flenmi\u015f, 650 bin ki\u015fi g\u00f6zalt\u0131na al\u0131nm\u0131\u015ft\u0131. 14 bin ki\u015fi vatanda\u015fl\u0131ktan \u00e7\u0131kar\u0131lm\u0131\u015f, 30 bin ki\u015fi siyasi m\u00fclteci olarak yurtd\u0131\u015f\u0131na gitmek zorunda kalm\u0131\u015f, 30 bin ki\u015fi sak\u0131ncal\u0131 oldu\u011fu i\u00e7in i\u015ften at\u0131lm\u0131\u015ft\u0131. 937 film \u2018sak\u0131ncal\u0131\u2019 bulundu\u011fu i\u00e7in yasaklanm\u0131\u015f, 23 bin 667 derne\u011fin faaliyeti durdurulmu\u015f, s\u0131rf \u0130stanbul\u2019da 300 g\u00fcn gazetelerin \u00e7\u0131kmas\u0131 engellenmi\u015fti. 31 gazeteci tutuklanm\u0131\u015f, 300 gazeteci sald\u0131r\u0131ya u\u011fram\u0131\u015f ve 3 gazeteci \u00f6ld\u00fcr\u00fclm\u00fc\u015ft\u00fc ve tam 49 ton gazete, dergi ve kitap, sak\u0131ncal\u0131 oldu\u011fu iddias\u0131yla imha edilmi\u015f, bas\u0131n \u00f6zg\u00fcrl\u00fc\u011f\u00fcn\u00fc k\u0131s\u0131tlayan 151 yasa \u00e7\u0131kart\u0131lm\u0131\u015ft\u0131. \u00dczerinden tam 44 y\u0131l ge\u00e7ti ancak; halen 82 tarihli darbe anayasas\u0131 y\u00fcr\u00fcrl\u00fckte, darbe anayasas\u0131 ile hayat\u0131m\u0131za sokulan kurumlar i\u015f ba\u015f\u0131nda. Ve \u00f6zellikle 2016-2018 OHAL s\u00fcrecinde ya\u015fanan a\u011f\u0131r bilan\u00e7o, devam\u0131nda \u00e7\u0131kar\u0131lan yasalar ve hakim politikalarla insan haklar\u0131 normlar\u0131 ve demokrasi ilkelerinin yan\u0131nda y\u00fcr\u00fcrl\u00fckteki hukukun dahi yok say\u0131lmas\u0131 sonucunda ya\u015fanan; ya\u015fam hakk\u0131 ve i\u015fkence g\u00f6rmeme hakk\u0131ndan ifade \u00f6zg\u00fcrl\u00fc\u011f\u00fcne , \u00f6rg\u00fctlenme \u00f6zg\u00fcrl\u00fc\u011f\u00fcnden toplanma \u00f6zg\u00fcrl\u00fc\u011f\u00fcne, e\u011fitim hakk\u0131ndan sa\u011fl\u0131k hakk\u0131na, \u00e7evre hakk\u0131ndan insan onuruna yara\u015f\u0131r bir ya\u015fam hakk\u0131na temel haklar\u0131m\u0131z\u0131n aymazca ihlal ediliyor olmas\u0131 g\u00f6steriyor ki; 12 Eyl\u00fcl, kurumlar\u0131 yan\u0131nda zihniyeti ile de halen i\u015f ba\u015f\u0131nda.<\/p>\n\n\n\n<p>Nitekim; 12 Eyl\u00fcl darbesine kar\u015f\u0131 olmakla \u00f6v\u00fcnen Ak Parti h\u00fck\u00fcmeti, uzun iktidar d\u00f6nemi boyunca; sadece k\u0131smi anayasa de\u011fi\u015fikliklerine imza att\u0131 ve darbelerle hesapla\u015fmay\u0131 g\u00f6stermelik bir 12 Eyl\u00fcl yarg\u0131lamas\u0131 ile s\u0131n\u0131rland\u0131rd\u0131. \u0130\u015flenen insanl\u0131\u011fa kar\u015f\u0131 su\u00e7lar\u0131 g\u00f6z ard\u0131 eden bu g\u00f6stermelik yarg\u0131lamada, i\u015fkence ile \u00f6ld\u00fcr\u00fclenlerin hesab\u0131 sorulmad\u0131, g\u00f6zalt\u0131nda kaybedilen Cemil K\u0131rbay\u0131r, Mahmut Kaya, H\u00fcseyin Mors\u00fcmb\u00fcl, Nurettin \u00d6zt\u00fcrk, Zeki Altunba\u015f, Hayrettin Eren, Nurettin Yedig\u00f6l, S\u00fcleyman Cihan, Mustafa Hayrullaho\u011flu, Maksut Tepeli ve idam edildikten sonra bedenleri kaybedilen \u0130lyas Has ve Veysel G\u00fcney i\u00e7in adalet aray\u0131\u015f\u0131na dahi girilmedi. 12 Eyl\u00fcl zihniyetinin yaratt\u0131\u011f\u0131 90\u2019 l\u0131 y\u0131llar k\u00e2busu ve 12 Eyl\u00fcl 1994 g\u00fcn\u00fc Kenan Bilgin\u2019in kaybedilmesi ile darbe aras\u0131nda bir ba\u011f kurulmad\u0131.<\/p>\n\n\n\n<p>Bilindi\u011fi \u00fczere iktidar bununla da kalmad\u0131, \u201c15 Temmuz darbe giri\u015fimi\u201d sonras\u0131nda ilan etti\u011fi ve iki y\u0131l s\u00fcren OHAL, 16 Nisan 2017 tarihinde yap\u0131lan Anayasa de\u011fi\u015fikli\u011fi, 31 Temmuz 2018 tarihinde y\u00fcr\u00fcrl\u00fc\u011fe giren ve OHAL yetkilerinin devam\u0131n\u0131 sa\u011flayan 7145 say\u0131l\u0131 torba kanun, 25 A\u011fustos 2018 den ba\u015flayarak Cumartesi Anneleri\u2019nin Galatasaray bulu\u015fmalar\u0131na getirilen yasaklar ve devam\u0131nda 2020 y\u0131l\u0131nda \u00e7\u0131kar\u0131lan yeni Bek\u00e7iler Kanunu, \u00c7oklu Baro Yasas\u0131, Sosyal Medya Sans\u00fcr Yasas\u0131, Ceza \u0130nfaz\u0131nda e\u015fitsizli\u011fi derinle\u015ftiren ve i\u015fkenceye zemin haz\u0131rlayan, Sivil Toplum \u00d6rg\u00fctlerine k\u0131s\u0131tlamalar getiren yasal d\u00fczenlemeler, 20 Mart 2021 tarihinde \u0130stanbul S\u00f6zle\u015fmesi\u2019nden \u00e7\u0131k\u0131lmas\u0131 ve hak ve \u00f6zg\u00fcrl\u00fcklere getirilen yasak uygulamalar\u0131 ile 12 Eyl\u00fcl\u2019\u00fc daha da peki\u015ftirdi ve h\u00fck\u00fcmetin OHAL yetkilerini 3 y\u0131l s\u00fcreyle yeniden uzatan yasan\u0131n 18 Temmuz 2021 tarihinde kabul\u00fc ile rejim, OHAL ko\u015fullar\u0131n\u0131n \u00f6tesine ge\u00e7ti\u011fini ve rejimin otoriter tarzda yeniden yap\u0131land\u0131r\u0131lmas\u0131 amac\u0131yla hareket etti\u011fini de g\u00f6stermi\u015f oldu.<\/p>\n\n\n\n<p>\u00d6nceki y\u0131l yapt\u0131\u011f\u0131m\u0131z a\u00e7\u0131klamam\u0131zda; \u201cH\u00fck\u00fcmetin OHAL yetkilerini 3 y\u0131l daha uzatan bu son d\u00fczenlemenin; 2023 i\u00e7in planlanan milletvekili ve cumhurba\u015fkanl\u0131\u011f\u0131 se\u00e7imi ile 2024\u2019teki belediye se\u00e7imlerinin g\u00fcvenli\u011fini tehlikeye sokaca\u011f\u0131, demokratik se\u00e7im faaliyetini engelleyece\u011fi, i\u015fkence yasa\u011f\u0131, toplant\u0131 ve g\u00f6steri y\u00fcr\u00fcy\u00fc\u015f\u00fc, ifade \u00f6zg\u00fcrl\u00fc\u011f\u00fc, ki\u015fi \u00f6zg\u00fcrl\u00fc\u011f\u00fc ve g\u00fcvenli\u011fi hakk\u0131 ve seyahat \u00f6zg\u00fcrl\u00fc\u011f\u00fcn\u00fc do\u011frudan s\u0131n\u0131rland\u0131raca\u011f\u0131na y\u00f6nelik ele\u015ftirilerin dikkate al\u0131nmamas\u0131 da demokrasi ve insan haklar\u0131ndan uzakla\u015fmaya devam edilece\u011fini g\u00f6stermektedir.\u201d Demi\u015ftik ki o tarihten bu yana hak ve \u00f6zg\u00fcrl\u00fcklerin hukuka ayk\u0131r\u0131 m\u00fcdahaleler ve keyfi yasak kararlar\u0131 ile kullan\u0131lamaz hale getirildi\u011fine, toplumsal dayan\u0131\u015fman\u0131n ter\u00f6r\u00fcn finansman\u0131n\u0131n \u00f6nlenmesi maskesi alt\u0131nda haks\u0131z cezalarla \u00f6nlenmeye \u00e7al\u0131\u015f\u0131ld\u0131\u011f\u0131na, demokratik kurum ve \u00fcyelerinin mal varl\u0131klar\u0131na el konularak faaliyetlerin engellendi\u011fine tan\u0131kl\u0131k ediyoruz. Yerel se\u00e7im sonu\u00e7lar\u0131na Van ve Hakkari\u2019de oldu\u011fu \u00fczere kayyum yolu ile do\u011frudan m\u00fcdahale edildi\u011fini g\u00f6r\u00fcyoruz. Anayasa Mahkemesinin, Cumartesi Annelerinin haftal\u0131k Galatasaray bulu\u015fmalar\u0131n\u0131n toplant\u0131 ve g\u00f6steri hakk\u0131 ba\u011flam\u0131nda hukuka uygun ve me\u015fru oldu\u011funu \u0131srarla belirtti\u011fi \u015eubat 2023 tarihli iki ihlal karar\u0131 sonras\u0131nda 29 hafta boyunca bu bulu\u015fmalar\u0131n g\u00f6zalt\u0131 sald\u0131r\u0131s\u0131na maruz kalmas\u0131 ve sonras\u0131nda Galatasaray Meydan\u0131 a\u00e7\u0131lmaks\u0131z\u0131n 10 ki\u015fi olarak s\u0131n\u0131rland\u0131r\u0131larak hakikat ve adalet aray\u0131\u015f\u0131na getirilen s\u0131n\u0131rlamaya maruz kal\u0131yoruz.<\/p>\n\n\n\n<p>\u00d6zetle ge\u00e7en y\u0131l oldu\u011fu gibi son bir y\u0131lda yine; Anayasa ve yasalar dahil, hukuk normlar\u0131n\u0131n ba\u011flay\u0131c\u0131l\u0131\u011f\u0131 yok say\u0131lm\u0131\u015f, Anayasa ve uluslar aras\u0131 insan haklar\u0131 s\u00f6zle\u015fmelerine ayk\u0131r\u0131, hak ve \u00f6zg\u00fcrl\u00fckleri yok sayan yeni d\u00fczenlemeler yap\u0131lm\u0131\u015f, hak ve \u00f6zg\u00fcrl\u00fcklerin ihlaline kar\u015f\u0131 siyasi iktidar\u0131 durduracak, denetleyecek mekanizmalar tamamen ortadan kald\u0131r\u0131lm\u0131\u015f, halk hukuk g\u00fcvenli\u011finden yoksun b\u0131rak\u0131larak hak ihlalleri, keyfiyet\/ hukuk d\u0131\u015f\u0131l\u0131k adalet ve emek m\u00fccadelesi alan\u0131na, ekoloji m\u00fccadelesine, LGBT\u0130\u2019lere ve kad\u0131nlara geni\u015fletilerek devam ettirilmi\u015ftir. Ve ge\u00e7en y\u0131l oldu\u011fu gibi bu y\u0131l da bu yap\u0131lanlarla kal\u0131c\u0131 bir otoriter rejim yap\u0131land\u0131r\u0131lmaya devam edilmi\u015ftir.<\/p>\n\n\n\n<p>12 Eyl\u00fcl\u2019\u00fcn 44. Y\u0131l\u0131nda bir defa daha hat\u0131rlat\u0131yoruz; Darbeleri \u00f6nlemek i\u00e7in yap\u0131lmas\u0131 gerekenler bellidir;<\/p>\n\n\n\n<p>\u2013 darbe kurumlar\u0131n\u0131 kapatmak,<\/p>\n\n\n\n<p>\u2013 hak ihlallerine neden olan yasalar\u0131 t\u00fcm sonu\u00e7lar\u0131 ile ortadan kald\u0131rmak,<\/p>\n\n\n\n<p>\u2013 darbecileri ve darbe s\u00fcrecinde i\u015flenen su\u00e7lar\u0131 cezaland\u0131rmak,<\/p>\n\n\n\n<p>-darbe nedeniyle do\u011fan zararlar\u0131n giderimini de kapsayacak \u015fekilde onar\u0131c\u0131 adaleti sa\u011flamak,<\/p>\n\n\n\n<p>\u2013 hak ve \u00f6zg\u00fcrl\u00fckleri evrensel \u00f6l\u00e7\u00fclerde geni\u015fletmek ve bask\u0131dan kal\u0131c\u0131 olarak kurtarmak,<\/p>\n\n\n\n<p>\u2013 demokratik ve \u00f6zg\u00fcrl\u00fckleri esas alan yeni bir anayasa yap\u0131lmas\u0131,<\/p>\n\n\n\n<p>\u2013 -demokratikle\u015fme yan\u0131nda \u00e7at\u0131\u015fma \u00e7\u00f6z\u00fcm\u00fc ve pozitif bar\u0131\u015f\u0131 sa\u011flamak ve kurumsalla\u015ft\u0131rmak.<\/p>\n\n\n\n<p>Otoriterle\u015fme yolundaki \u0131srar\u0131na ra\u011fmen, darbe kar\u015f\u0131t\u0131 oldu\u011funu s\u00f6ylemekten vazge\u00e7meyen h\u00fck\u00fcmeti; 12 Eyl\u00fcl\u2019e ve darbelere kar\u015f\u0131 oldu\u011funu ispata \u00e7a\u011f\u0131r\u0131yoruz.<\/p>\n\n\n\n<p>Darbelere de Otoriterle\u015fmeye de Hay\u0131r!<\/p>\n\n\n\n<p>\u0130nsan Haklar\u0131, Demokrasi, Bar\u0131\u015f Hemen \u015eimdi!<\/p>\n\n\n\n<p>Karanl\u0131\u011fa Teslim Olmayaca\u011f\u0131z!<\/p>\n","protected":false},"excerpt":{"rendered":"<p>Buraday\u0131z, \u00e7\u00fcnk\u00fc a\u011f\u0131r bilan\u00e7osunu a\u015fa\u011f\u0131da yer alan&#46;&#46;&#46;<\/p>\n","protected":false},"author":3,"featured_media":4358,"comment_status":"closed","ping_status":"open","sticky":false,"template":"","format":"standard","meta":{"footnotes":""},"categories":[5],"tags":[],"manset":[],"class_list":["post-4357","post","type-post","status-publish","format-standard","has-post-thumbnail","hentry","category-etkinlikler"],"amp_enabled":true,"_links":{"self":[{"href":"https:\/\/kolektifmucadele1.org\/index.php\/wp-json\/wp\/v2\/posts\/4357","targetHints":{"allow":["GET"]}}],"collection":[{"href":"https:\/\/kolektifmucadele1.org\/index.php\/wp-json\/wp\/v2\/posts"}],"about":[{"href":"https:\/\/kolektifmucadele1.org\/index.php\/wp-json\/wp\/v2\/types\/post"}],"author":[{"embeddable":true,"href":"https:\/\/kolektifmucadele1.org\/index.php\/wp-json\/wp\/v2\/users\/3"}],"replies":[{"embeddable":true,"href":"https:\/\/kolektifmucadele1.org\/index.php\/wp-json\/wp\/v2\/comments?post=4357"}],"version-history":[{"count":1,"href":"https:\/\/kolektifmucadele1.org\/index.php\/wp-json\/wp\/v2\/posts\/4357\/revisions"}],"predecessor-version":[{"id":4359,"href":"https:\/\/kolektifmucadele1.org\/index.php\/wp-json\/wp\/v2\/posts\/4357\/revisions\/4359"}],"wp:featuredmedia":[{"embeddable":true,"href":"https:\/\/kolektifmucadele1.org\/index.php\/wp-json\/wp\/v2\/media\/4358"}],"wp:attachment":[{"href":"https:\/\/kolektifmucadele1.org\/index.php\/wp-json\/wp\/v2\/media?parent=4357"}],"wp:term":[{"taxonomy":"category","embeddable":true,"href":"https:\/\/kolektifmucadele1.org\/index.php\/wp-json\/wp\/v2\/categories?post=4357"},{"taxonomy":"post_tag","embeddable":true,"href":"https:\/\/kolektifmucadele1.org\/index.php\/wp-json\/wp\/v2\/tags?post=4357"},{"taxonomy":"manset","embeddable":true,"href":"https:\/\/kolektifmucadele1.org\/index.php\/wp-json\/wp\/v2\/manset?post=4357"}],"curies":[{"name":"wp","href":"https:\/\/api.w.org\/{rel}","templated":true}]}}