{"id":4429,"date":"2024-09-18T21:25:01","date_gmt":"2024-09-18T18:25:01","guid":{"rendered":"https:\/\/kolektifmucadele1.org\/?p=4429"},"modified":"2024-12-01T19:05:20","modified_gmt":"2024-12-01T16:05:20","slug":"lubnanda-ikinci-patlama-dalgasi","status":"publish","type":"post","link":"https:\/\/kolektifmucadele1.org\/index.php\/2024\/09\/18\/lubnanda-ikinci-patlama-dalgasi\/","title":{"rendered":"L\u00fcbnan&#8217;da ikinci patlama dalgas\u0131"},"content":{"rendered":"\n<p>Siyonist \u0130srail bir kez daha L\u00fcbnan&#8217;a sald\u0131r\u0131 d\u00fczenledi. Ba\u015fkent Beyrut ve pek \u00e7ok noktada bir kez daha patlamalar meydana geldi. Hizbullah&#8217;\u0131n kulland\u0131\u011f\u0131 telsizler hedef al\u0131n\u0131rken, telsizlerin patlamas\u0131yla L\u00fcbnan&#8217;\u0131n \u00e7e\u015fitli b\u00f6lgelerinde arabalar\u0131n ve baz\u0131 apartman dairelerinin alev ald\u0131\u011f\u0131 kaydedildi.<\/p>\n\n\n\n<p>Telsizlerin Hizbullah taraf\u0131ndan be\u015f ay \u00f6nce, siber sald\u0131r\u0131 d\u00fczenlenen \u00e7a\u011fr\u0131 cihazlar\u0131 ile ayn\u0131 zamanda sat\u0131n al\u0131nd\u0131\u011f\u0131 belirtildi. Bug\u00fcn ger\u00e7ekle\u015ftirilen sald\u0131r\u0131da ilk belirlemelere g\u00f6re 9 ki\u015fi ya\u015fam\u0131n\u0131 yitirdi, yaral\u0131 say\u0131s\u0131n\u0131n ise 300&#8217;\u00fcn \u00fczerinde oldu\u011fu bildirildi.<\/p>\n\n\n\n<p>Ya\u015fanan patlamalardan biri Hizbullah&#8217;\u0131n d\u00fcn \u00fclke genelinde kulland\u0131\u011f\u0131 binlerce \u00e7a\u011fr\u0131 cihaz\u0131n\u0131n patlat\u0131lmas\u0131 sonucu \u00f6lenler i\u00e7in d\u00fczenledi\u011fi bir cenaze t\u00f6reninin yak\u0131n\u0131nda ger\u00e7ekle\u015fti. Sosyal medyada payla\u015f\u0131lan g\u00f6r\u00fcnt\u00fclerde, patlamalardan birinin d\u00fcn \u00e7a\u011fr\u0131 cihazlar\u0131n\u0131n patlat\u0131lmas\u0131 sonucu \u00f6len 4 Hizbullah \u00fcyesinin Beyrut&#8217;taki cenaze t\u00f6reni s\u0131ras\u0131nda ya\u015fand\u0131\u011f\u0131 g\u00f6r\u00fcl\u00fcyor. Cenaze merasiminin yap\u0131ld\u0131\u011f\u0131 alanda kalabal\u0131\u011f\u0131n aras\u0131nda patlama meydana geldi\u011fi ve dumanlar\u0131n y\u00fckseldi\u011fi kameraya yans\u0131yor.<\/p>\n\n\n\n<p>Hizbullah&#8217;tan bir kaynak da grup taraf\u0131ndan kullan\u0131lan telsizlerin hedef al\u0131nd\u0131\u011f\u0131n\u0131 do\u011frulad\u0131.<\/p>\n\n\n\n<p>L\u00fcbnan Sa\u011fl\u0131k Bakanl\u0131\u011f\u0131, d\u00fcn \u00fclke genelinde Hizbullah unsurlar\u0131n\u0131n kulland\u0131\u011f\u0131 \u00e7a\u011fr\u0131 cihazlar\u0131n\u0131n patlat\u0131lmas\u0131 sonucu 11 ki\u015finin hayat\u0131n\u0131 kaybetti\u011fini, 300 kadar\u0131 a\u011f\u0131r yakla\u015f\u0131k 2 bin 800 ki\u015finin yaraland\u0131\u011f\u0131n\u0131 a\u00e7\u0131klam\u0131\u015ft\u0131. Can kayb\u0131 bug\u00fcn 12&#8217;ye y\u00fckselmi\u015fti.<\/p>\n\n\n\n<p>L\u00fcbnanl\u0131 yetkililer olaydan \u0130srail&#8217;i sorumlu tutarken, \u0130srail&#8217;den konuyla ilgili hen\u00fcz a\u00e7\u0131klama gelmedi.<\/p>\n","protected":false},"excerpt":{"rendered":"<p>Siyonist \u0130srail bir kez daha L\u00fcbnan&#8217;a sald\u0131r\u0131&#46;&#46;&#46;<\/p>\n","protected":false},"author":3,"featured_media":4430,"comment_status":"closed","ping_status":"open","sticky":false,"template":"","format":"standard","meta":{"footnotes":""},"categories":[11,5],"tags":[],"manset":[],"class_list":["post-4429","post","type-post","status-publish","format-standard","has-post-thumbnail","hentry","category-dunya","category-etkinlikler"],"amp_enabled":true,"_links":{"self":[{"href":"https:\/\/kolektifmucadele1.org\/index.php\/wp-json\/wp\/v2\/posts\/4429","targetHints":{"allow":["GET"]}}],"collection":[{"href":"https:\/\/kolektifmucadele1.org\/index.php\/wp-json\/wp\/v2\/posts"}],"about":[{"href":"https:\/\/kolektifmucadele1.org\/index.php\/wp-json\/wp\/v2\/types\/post"}],"author":[{"embeddable":true,"href":"https:\/\/kolektifmucadele1.org\/index.php\/wp-json\/wp\/v2\/users\/3"}],"replies":[{"embeddable":true,"href":"https:\/\/kolektifmucadele1.org\/index.php\/wp-json\/wp\/v2\/comments?post=4429"}],"version-history":[{"count":1,"href":"https:\/\/kolektifmucadele1.org\/index.php\/wp-json\/wp\/v2\/posts\/4429\/revisions"}],"predecessor-version":[{"id":4431,"href":"https:\/\/kolektifmucadele1.org\/index.php\/wp-json\/wp\/v2\/posts\/4429\/revisions\/4431"}],"wp:featuredmedia":[{"embeddable":true,"href":"https:\/\/kolektifmucadele1.org\/index.php\/wp-json\/wp\/v2\/media\/4430"}],"wp:attachment":[{"href":"https:\/\/kolektifmucadele1.org\/index.php\/wp-json\/wp\/v2\/media?parent=4429"}],"wp:term":[{"taxonomy":"category","embeddable":true,"href":"https:\/\/kolektifmucadele1.org\/index.php\/wp-json\/wp\/v2\/categories?post=4429"},{"taxonomy":"post_tag","embeddable":true,"href":"https:\/\/kolektifmucadele1.org\/index.php\/wp-json\/wp\/v2\/tags?post=4429"},{"taxonomy":"manset","embeddable":true,"href":"https:\/\/kolektifmucadele1.org\/index.php\/wp-json\/wp\/v2\/manset?post=4429"}],"curies":[{"name":"wp","href":"https:\/\/api.w.org\/{rel}","templated":true}]}}