{"id":4460,"date":"2024-09-19T23:33:15","date_gmt":"2024-09-19T20:33:15","guid":{"rendered":"https:\/\/kolektifmucadele1.org\/?p=4460"},"modified":"2024-12-01T19:05:05","modified_gmt":"2024-12-01T16:05:05","slug":"sizonist-israil-ordusunun-lubnanin-guneyinde-cok-sayida-noktaya-hava-saldirisi-duzenledigi-bildirildi","status":"publish","type":"post","link":"https:\/\/kolektifmucadele1.org\/index.php\/2024\/09\/19\/sizonist-israil-ordusunun-lubnanin-guneyinde-cok-sayida-noktaya-hava-saldirisi-duzenledigi-bildirildi\/","title":{"rendered":"S\u0131zon\u0131st \u0130srail ordusunun L\u00fcbnan&#8217;\u0131n g\u00fcneyinde \u00e7ok say\u0131da noktaya hava sald\u0131r\u0131s\u0131 d\u00fczenledi\u011fi bildirildi."},"content":{"rendered":"\n<p>Siyonist \u0131srarl\u0131n \u00e7a\u011fr\u0131 cihazlar\u0131yla d\u00fczenledi\u011fi katl\u0131mada sonra L\u00fcbnan\u0131n g\u00fcneyine hava sald\u0131r\u0131lar d\u00fczenledi. B\u00f6lgedeki g\u00f6rg\u00fc tan\u0131klar\u0131, \u0130srail ordusunun hava sald\u0131r\u0131lar\u0131nda bir\u00e7ok noktan\u0131n hedef al\u0131nd\u0131\u011f\u0131n\u0131 belirtti. Sald\u0131r\u0131lar nedeniyle L\u00fcbnan&#8217;\u0131n g\u00fcneyindeki baz\u0131 b\u00f6lgelerden dumanlar y\u00fckseldi\u011fi ifade edildi.<\/p>\n\n\n\n<p>Sosyal medyada payla\u015f\u0131lan g\u00f6r\u00fcnt\u00fclerde ise \u0130srail ordusunun hava sald\u0131r\u0131lar\u0131 d\u00fczenledi\u011fi noktalardan alevler y\u00fckseldi\u011fi g\u00f6r\u00fcld\u00fc.<\/p>\n","protected":false},"excerpt":{"rendered":"<p>Siyonist \u0131srarl\u0131n \u00e7a\u011fr\u0131 cihazlar\u0131yla d\u00fczenledi\u011fi katl\u0131mada sonra&#46;&#46;&#46;<\/p>\n","protected":false},"author":3,"featured_media":4461,"comment_status":"closed","ping_status":"open","sticky":false,"template":"","format":"standard","meta":{"footnotes":""},"categories":[11,5],"tags":[],"manset":[],"class_list":["post-4460","post","type-post","status-publish","format-standard","has-post-thumbnail","hentry","category-dunya","category-etkinlikler"],"amp_enabled":true,"_links":{"self":[{"href":"https:\/\/kolektifmucadele1.org\/index.php\/wp-json\/wp\/v2\/posts\/4460","targetHints":{"allow":["GET"]}}],"collection":[{"href":"https:\/\/kolektifmucadele1.org\/index.php\/wp-json\/wp\/v2\/posts"}],"about":[{"href":"https:\/\/kolektifmucadele1.org\/index.php\/wp-json\/wp\/v2\/types\/post"}],"author":[{"embeddable":true,"href":"https:\/\/kolektifmucadele1.org\/index.php\/wp-json\/wp\/v2\/users\/3"}],"replies":[{"embeddable":true,"href":"https:\/\/kolektifmucadele1.org\/index.php\/wp-json\/wp\/v2\/comments?post=4460"}],"version-history":[{"count":1,"href":"https:\/\/kolektifmucadele1.org\/index.php\/wp-json\/wp\/v2\/posts\/4460\/revisions"}],"predecessor-version":[{"id":4462,"href":"https:\/\/kolektifmucadele1.org\/index.php\/wp-json\/wp\/v2\/posts\/4460\/revisions\/4462"}],"wp:featuredmedia":[{"embeddable":true,"href":"https:\/\/kolektifmucadele1.org\/index.php\/wp-json\/wp\/v2\/media\/4461"}],"wp:attachment":[{"href":"https:\/\/kolektifmucadele1.org\/index.php\/wp-json\/wp\/v2\/media?parent=4460"}],"wp:term":[{"taxonomy":"category","embeddable":true,"href":"https:\/\/kolektifmucadele1.org\/index.php\/wp-json\/wp\/v2\/categories?post=4460"},{"taxonomy":"post_tag","embeddable":true,"href":"https:\/\/kolektifmucadele1.org\/index.php\/wp-json\/wp\/v2\/tags?post=4460"},{"taxonomy":"manset","embeddable":true,"href":"https:\/\/kolektifmucadele1.org\/index.php\/wp-json\/wp\/v2\/manset?post=4460"}],"curies":[{"name":"wp","href":"https:\/\/api.w.org\/{rel}","templated":true}]}}