{"id":4621,"date":"2024-10-03T22:27:30","date_gmt":"2024-10-03T19:27:30","guid":{"rendered":"https:\/\/kolektifmucadele1.org\/?p=4621"},"modified":"2024-12-01T19:05:04","modified_gmt":"2024-12-01T16:05:04","slug":"nato-genel-sekreteri-gorevini-devralan-mark-ruttenin-ilk-duragi-ukrayna","status":"publish","type":"post","link":"https:\/\/kolektifmucadele1.org\/index.php\/2024\/10\/03\/nato-genel-sekreteri-gorevini-devralan-mark-ruttenin-ilk-duragi-ukrayna\/","title":{"rendered":"NATO Genel Sekreteri g\u00f6revini devralan Mark Rutte&#8217;nin ilk dura\u011f\u0131 Ukrayna"},"content":{"rendered":"\n<p>NATO Genel Sekreteri Mark Rutte, g\u00f6revi devralmas\u0131n\u0131n ard\u0131ndan ilk yurt d\u0131\u015f\u0131 ziyaretini Ukrayna\u2019ya ger\u00e7ekle\u015ftirdi. Hollanda&#8217;n\u0131n eski ba\u015fbakan\u0131 NATO Genel Sekreteri Mark Rutte, pazartesi g\u00fcn\u00fc Genel Sekreterlik g\u00f6revini Jens Stoltenberg\u2019den devrald\u0131. Rutte ilk yurt d\u0131\u015f\u0131 ziyaretinde Ukrayna\u2019ya gitti.<\/p>\n\n\n\n<p>DHA&#8217;n\u0131n aktard\u0131\u011f\u0131na g\u00f6re Ukrayna Devlet Ba\u015fkan\u0131 Vladimir Zelenskiy a\u00e7\u0131klamas\u0131nda, \u015fu ifadeleri kulland\u0131:<\/p>\n\n\n\n<p>\u201cMark Rutte&#8217;nin NATO ba\u015fkan\u0131 olarak ilk ziyareti Ukrayna&#8217;ya oldu. Bu ger\u00e7ekten \u00f6nemli. \u00d6ncelikler hemen belli oluyor ve \u015fu anda t\u00fcm Avrupa-Atlantik&#8217;in ortak de\u011ferlerinin korunmas\u0131 devam ediyor. Ayr\u0131ca Ukrayna&#8217;daki bizlerin Mark&#8217;\u0131n ki\u015fisel liderli\u011fine g\u00fcvenebilece\u011fimizi de vurguluyor. Tabii ki temel hedefimiz Ukrayna&#8217;n\u0131n \u0130ttifak&#8217;a tam \u00fcyeli\u011fidir. Bug\u00fcn ayr\u0131ca Ukrayna&#8217;n\u0131n Zafer Plan\u0131&#8217;n\u0131, sava\u015f alan\u0131ndaki durumu, birliklerimizin mevcut ihtiya\u00e7lar\u0131n\u0131 ve Ukrayna&#8217;n\u0131n hava savunma konusundaki ihtiya\u00e7lar\u0131n\u0131 ve kom\u015fularla ek i\u015f birli\u011fini tart\u0131\u015ft\u0131k. Art\u0131k hava savunmas\u0131yla ilgili var\u0131lan t\u00fcm anla\u015fmalar\u0131n, \u00f6zellikle Washington&#8217;daki NATO zirvesinde tart\u0131\u015f\u0131lanlar\u0131n k\u0131\u015ftan \u00f6nce uygulanmas\u0131 \u00f6nemli.&#8221;<\/p>\n","protected":false},"excerpt":{"rendered":"<p>NATO Genel Sekreteri Mark Rutte, g\u00f6revi devralmas\u0131n\u0131n&#46;&#46;&#46;<\/p>\n","protected":false},"author":3,"featured_media":4622,"comment_status":"closed","ping_status":"open","sticky":false,"template":"","format":"standard","meta":{"footnotes":""},"categories":[11,5],"tags":[],"manset":[],"class_list":["post-4621","post","type-post","status-publish","format-standard","has-post-thumbnail","hentry","category-dunya","category-etkinlikler"],"amp_enabled":true,"_links":{"self":[{"href":"https:\/\/kolektifmucadele1.org\/index.php\/wp-json\/wp\/v2\/posts\/4621","targetHints":{"allow":["GET"]}}],"collection":[{"href":"https:\/\/kolektifmucadele1.org\/index.php\/wp-json\/wp\/v2\/posts"}],"about":[{"href":"https:\/\/kolektifmucadele1.org\/index.php\/wp-json\/wp\/v2\/types\/post"}],"author":[{"embeddable":true,"href":"https:\/\/kolektifmucadele1.org\/index.php\/wp-json\/wp\/v2\/users\/3"}],"replies":[{"embeddable":true,"href":"https:\/\/kolektifmucadele1.org\/index.php\/wp-json\/wp\/v2\/comments?post=4621"}],"version-history":[{"count":1,"href":"https:\/\/kolektifmucadele1.org\/index.php\/wp-json\/wp\/v2\/posts\/4621\/revisions"}],"predecessor-version":[{"id":4623,"href":"https:\/\/kolektifmucadele1.org\/index.php\/wp-json\/wp\/v2\/posts\/4621\/revisions\/4623"}],"wp:featuredmedia":[{"embeddable":true,"href":"https:\/\/kolektifmucadele1.org\/index.php\/wp-json\/wp\/v2\/media\/4622"}],"wp:attachment":[{"href":"https:\/\/kolektifmucadele1.org\/index.php\/wp-json\/wp\/v2\/media?parent=4621"}],"wp:term":[{"taxonomy":"category","embeddable":true,"href":"https:\/\/kolektifmucadele1.org\/index.php\/wp-json\/wp\/v2\/categories?post=4621"},{"taxonomy":"post_tag","embeddable":true,"href":"https:\/\/kolektifmucadele1.org\/index.php\/wp-json\/wp\/v2\/tags?post=4621"},{"taxonomy":"manset","embeddable":true,"href":"https:\/\/kolektifmucadele1.org\/index.php\/wp-json\/wp\/v2\/manset?post=4621"}],"curies":[{"name":"wp","href":"https:\/\/api.w.org\/{rel}","templated":true}]}}