{"id":4697,"date":"2024-10-07T22:24:14","date_gmt":"2024-10-07T19:24:14","guid":{"rendered":"https:\/\/kolektifmucadele1.org\/?p=4697"},"modified":"2024-12-01T19:05:04","modified_gmt":"2024-12-01T16:05:04","slug":"istanbul-universitesi-ogrencileri-hamaseti-birak-israil-ile-ticareti-kes","status":"publish","type":"post","link":"https:\/\/kolektifmucadele1.org\/index.php\/2024\/10\/07\/istanbul-universitesi-ogrencileri-hamaseti-birak-israil-ile-ticareti-kes\/","title":{"rendered":"\u0130stanbul \u00dcniversitesi \u00f6\u011frencileri: Hamaseti b\u0131rak \u0130srail ile ticareti kes"},"content":{"rendered":"\n<p>\u0130stanbul \u00dcniversitesi \u00f6\u011frencileri \u0130srail&#8217;in Gazze i\u015fgalinin birinci y\u0131l d\u00f6n\u00fcm\u00fcnde y\u00fcr\u00fcy\u00fc\u015f d\u00fczenledi.<\/p>\n\n\n\n<p>Kul\u00fcpler taraf\u0131ndan d\u00fczenlenen anma y\u00fcr\u00fcy\u00fc\u015f\u00fc Havuzlu Bah\u00e7e\u2019de ba\u015flad\u0131. \u00dcniversite i\u00e7inde y\u00fcr\u00fcy\u00fc\u015f d\u00fczenleyen \u00f6\u011frenciler Beyaz\u0131t Meydan\u0131na &#8220;Emperyalistler \u0130\u015fbirlik\u00e7ileri 6. Filoyu Unutmay\u0131n&#8221;, &#8220;Hamaseti b\u0131rak ticareti kes\u201d, \u201cKatil ABD Ortado\u011fu\u2019dan Defol\u201d sloganlar\u0131 ile y\u00fcr\u00fcd\u00fc. Beyaz\u0131t Meydan\u0131\u2019nda yap\u0131lan a\u00e7\u0131klamada Filistin ve L\u00fcbnan halk\u0131yla dayan\u0131\u015fma vurguland\u0131.&nbsp; \u0130srail&#8217;e verilen deste\u011fe dikkat \u00e7eken \u00f6\u011frenciler, &#8220;Ticareti ve ili\u015fkileri kestik diyerek hamasi s\u00f6ylemlerde bulunanlar soyk\u0131r\u0131ma ortakt\u0131r&#8221; dedi.<\/p>\n","protected":false},"excerpt":{"rendered":"<p>\u0130stanbul \u00dcniversitesi \u00f6\u011frencileri \u0130srail&#8217;in Gazze i\u015fgalinin birinci&#46;&#46;&#46;<\/p>\n","protected":false},"author":3,"featured_media":4698,"comment_status":"closed","ping_status":"open","sticky":false,"template":"","format":"standard","meta":{"footnotes":""},"categories":[5],"tags":[],"manset":[],"class_list":["post-4697","post","type-post","status-publish","format-standard","has-post-thumbnail","hentry","category-etkinlikler"],"amp_enabled":true,"_links":{"self":[{"href":"https:\/\/kolektifmucadele1.org\/index.php\/wp-json\/wp\/v2\/posts\/4697","targetHints":{"allow":["GET"]}}],"collection":[{"href":"https:\/\/kolektifmucadele1.org\/index.php\/wp-json\/wp\/v2\/posts"}],"about":[{"href":"https:\/\/kolektifmucadele1.org\/index.php\/wp-json\/wp\/v2\/types\/post"}],"author":[{"embeddable":true,"href":"https:\/\/kolektifmucadele1.org\/index.php\/wp-json\/wp\/v2\/users\/3"}],"replies":[{"embeddable":true,"href":"https:\/\/kolektifmucadele1.org\/index.php\/wp-json\/wp\/v2\/comments?post=4697"}],"version-history":[{"count":1,"href":"https:\/\/kolektifmucadele1.org\/index.php\/wp-json\/wp\/v2\/posts\/4697\/revisions"}],"predecessor-version":[{"id":4699,"href":"https:\/\/kolektifmucadele1.org\/index.php\/wp-json\/wp\/v2\/posts\/4697\/revisions\/4699"}],"wp:featuredmedia":[{"embeddable":true,"href":"https:\/\/kolektifmucadele1.org\/index.php\/wp-json\/wp\/v2\/media\/4698"}],"wp:attachment":[{"href":"https:\/\/kolektifmucadele1.org\/index.php\/wp-json\/wp\/v2\/media?parent=4697"}],"wp:term":[{"taxonomy":"category","embeddable":true,"href":"https:\/\/kolektifmucadele1.org\/index.php\/wp-json\/wp\/v2\/categories?post=4697"},{"taxonomy":"post_tag","embeddable":true,"href":"https:\/\/kolektifmucadele1.org\/index.php\/wp-json\/wp\/v2\/tags?post=4697"},{"taxonomy":"manset","embeddable":true,"href":"https:\/\/kolektifmucadele1.org\/index.php\/wp-json\/wp\/v2\/manset?post=4697"}],"curies":[{"name":"wp","href":"https:\/\/api.w.org\/{rel}","templated":true}]}}