{"id":4706,"date":"2024-10-10T00:21:55","date_gmt":"2024-10-09T21:21:55","guid":{"rendered":"https:\/\/kolektifmucadele1.org\/?p=4706"},"modified":"2024-12-01T19:05:04","modified_gmt":"2024-12-01T16:05:04","slug":"ktu-ogrencileri-katledilen-kadinlar-icin-yurudu-bir-kisi-daha-eksilmek-istemiyoruz","status":"publish","type":"post","link":"https:\/\/kolektifmucadele1.org\/index.php\/2024\/10\/10\/ktu-ogrencileri-katledilen-kadinlar-icin-yurudu-bir-kisi-daha-eksilmek-istemiyoruz\/","title":{"rendered":"KT\u00dc \u00f6\u011frencileri katledilen kad\u0131nlar i\u00e7in y\u00fcr\u00fcd\u00fc: \u201cBir ki\u015fi daha eksilmek istemiyoruz\u201d"},"content":{"rendered":"\n<p>Karadeniz Teknik \u00dcniversitesi (KT\u00dc) \u00f6\u011frencileri son g\u00fcnlerde ya\u015fanan kad\u0131n cinayetlerine kar\u015f\u0131 y\u00fcr\u00fcd\u00fc. \u0130\u0130BF kantini \u00f6n\u00fcnden rekt\u00f6rl\u00fck \u00f6n\u00fcne y\u00fcr\u00fcyen KT\u00dc \u00f6\u011frencileri, \u201cBir ki\u015fi daha eksilmek istemiyoruz\u201d dedi. Kad\u0131nlar\u0131n \u015fikayetlerinin dikkate al\u0131nmad\u0131\u011f\u0131n\u0131, bu y\u00f6nde gerekli \u00f6nlemlerin al\u0131nmad\u0131\u011f\u0131n\u0131n alt\u0131n\u0131 \u00e7izen \u00fcniversiteliler, cezas\u0131zl\u0131k durumunun \u015fiddeti t\u0131rmand\u0131rd\u0131\u011f\u0131n\u0131 belirti.<\/p>\n\n\n\n<p>Faillerin yarg\u0131lanmas\u0131n\u0131 ve hesap vermesini istediklerini dile getiren \u00f6\u011frenciler, y\u00fcr\u00fcy\u00fc\u015f\u00fcn ard\u0131ndan rekt\u00f6rl\u00fck \u00f6n\u00fcndeki alanda oturma eylemi yapt\u0131.<\/p>\n","protected":false},"excerpt":{"rendered":"<p>Karadeniz Teknik \u00dcniversitesi (KT\u00dc) \u00f6\u011frencileri son g\u00fcnlerde&#46;&#46;&#46;<\/p>\n","protected":false},"author":3,"featured_media":4707,"comment_status":"closed","ping_status":"open","sticky":false,"template":"","format":"standard","meta":{"footnotes":""},"categories":[5,10],"tags":[],"manset":[],"class_list":["post-4706","post","type-post","status-publish","format-standard","has-post-thumbnail","hentry","category-etkinlikler","category-kadin"],"amp_enabled":true,"_links":{"self":[{"href":"https:\/\/kolektifmucadele1.org\/index.php\/wp-json\/wp\/v2\/posts\/4706","targetHints":{"allow":["GET"]}}],"collection":[{"href":"https:\/\/kolektifmucadele1.org\/index.php\/wp-json\/wp\/v2\/posts"}],"about":[{"href":"https:\/\/kolektifmucadele1.org\/index.php\/wp-json\/wp\/v2\/types\/post"}],"author":[{"embeddable":true,"href":"https:\/\/kolektifmucadele1.org\/index.php\/wp-json\/wp\/v2\/users\/3"}],"replies":[{"embeddable":true,"href":"https:\/\/kolektifmucadele1.org\/index.php\/wp-json\/wp\/v2\/comments?post=4706"}],"version-history":[{"count":1,"href":"https:\/\/kolektifmucadele1.org\/index.php\/wp-json\/wp\/v2\/posts\/4706\/revisions"}],"predecessor-version":[{"id":4708,"href":"https:\/\/kolektifmucadele1.org\/index.php\/wp-json\/wp\/v2\/posts\/4706\/revisions\/4708"}],"wp:featuredmedia":[{"embeddable":true,"href":"https:\/\/kolektifmucadele1.org\/index.php\/wp-json\/wp\/v2\/media\/4707"}],"wp:attachment":[{"href":"https:\/\/kolektifmucadele1.org\/index.php\/wp-json\/wp\/v2\/media?parent=4706"}],"wp:term":[{"taxonomy":"category","embeddable":true,"href":"https:\/\/kolektifmucadele1.org\/index.php\/wp-json\/wp\/v2\/categories?post=4706"},{"taxonomy":"post_tag","embeddable":true,"href":"https:\/\/kolektifmucadele1.org\/index.php\/wp-json\/wp\/v2\/tags?post=4706"},{"taxonomy":"manset","embeddable":true,"href":"https:\/\/kolektifmucadele1.org\/index.php\/wp-json\/wp\/v2\/manset?post=4706"}],"curies":[{"name":"wp","href":"https:\/\/api.w.org\/{rel}","templated":true}]}}