{"id":4726,"date":"2024-10-10T22:32:25","date_gmt":"2024-10-10T19:32:25","guid":{"rendered":"https:\/\/kolektifmucadele1.org\/?p=4726"},"modified":"2024-12-01T19:05:04","modified_gmt":"2024-12-01T16:05:04","slug":"siyonist-israil-soykirimi-lubnana-tasidi","status":"publish","type":"post","link":"https:\/\/kolektifmucadele1.org\/index.php\/2024\/10\/10\/siyonist-israil-soykirimi-lubnana-tasidi\/","title":{"rendered":"Siyonist israil soyk\u0131r\u0131m\u0131 L\u00fcbnan\u2019a ta\u015f\u0131d\u0131"},"content":{"rendered":"\n<p>L\u00fcbnan Sa\u011fl\u0131k Bakanl\u0131\u011f\u0131, \u0130srail ordusunun 8 Ekim 2023&#8217;ten bu yana s\u00fcrd\u00fcrd\u00fc\u011f\u00fc ve son d\u00f6nemde \u015fiddetini art\u0131rd\u0131\u011f\u0131 sald\u0131r\u0131lara ili\u015fkin bilgi verildi.<\/p>\n\n\n\n<p>Son 24 saatte \u0130srail ordusunun L\u00fcbnan&#8217;a d\u00fczenledi\u011fi sald\u0131r\u0131larda 28 ki\u015finin daha hayat\u0131n\u0131 kaybetti\u011fi, 113 ki\u015finin de yaraland\u0131\u011f\u0131 belirtildi.<\/p>\n\n\n\n<p>\u0130srail&#8217;in 8 Ekim 2023&#8217;ten bu yana L\u00fcbnan&#8217;a d\u00fczenledi\u011fi sald\u0131r\u0131larda ya\u015fam\u0131n\u0131 yitirenlerin say\u0131s\u0131n\u0131n 2 bin 169&#8217;a, yaralananlar\u0131n say\u0131s\u0131n\u0131n ise 10 bin 212&#8217;ye y\u00fckseldi\u011fi kaydedildi.<\/p>\n","protected":false},"excerpt":{"rendered":"<p>L\u00fcbnan Sa\u011fl\u0131k Bakanl\u0131\u011f\u0131, \u0130srail ordusunun 8 Ekim&#46;&#46;&#46;<\/p>\n","protected":false},"author":3,"featured_media":4727,"comment_status":"closed","ping_status":"open","sticky":false,"template":"","format":"standard","meta":{"footnotes":""},"categories":[11,5],"tags":[],"manset":[],"class_list":["post-4726","post","type-post","status-publish","format-standard","has-post-thumbnail","hentry","category-dunya","category-etkinlikler"],"amp_enabled":true,"_links":{"self":[{"href":"https:\/\/kolektifmucadele1.org\/index.php\/wp-json\/wp\/v2\/posts\/4726","targetHints":{"allow":["GET"]}}],"collection":[{"href":"https:\/\/kolektifmucadele1.org\/index.php\/wp-json\/wp\/v2\/posts"}],"about":[{"href":"https:\/\/kolektifmucadele1.org\/index.php\/wp-json\/wp\/v2\/types\/post"}],"author":[{"embeddable":true,"href":"https:\/\/kolektifmucadele1.org\/index.php\/wp-json\/wp\/v2\/users\/3"}],"replies":[{"embeddable":true,"href":"https:\/\/kolektifmucadele1.org\/index.php\/wp-json\/wp\/v2\/comments?post=4726"}],"version-history":[{"count":1,"href":"https:\/\/kolektifmucadele1.org\/index.php\/wp-json\/wp\/v2\/posts\/4726\/revisions"}],"predecessor-version":[{"id":4728,"href":"https:\/\/kolektifmucadele1.org\/index.php\/wp-json\/wp\/v2\/posts\/4726\/revisions\/4728"}],"wp:featuredmedia":[{"embeddable":true,"href":"https:\/\/kolektifmucadele1.org\/index.php\/wp-json\/wp\/v2\/media\/4727"}],"wp:attachment":[{"href":"https:\/\/kolektifmucadele1.org\/index.php\/wp-json\/wp\/v2\/media?parent=4726"}],"wp:term":[{"taxonomy":"category","embeddable":true,"href":"https:\/\/kolektifmucadele1.org\/index.php\/wp-json\/wp\/v2\/categories?post=4726"},{"taxonomy":"post_tag","embeddable":true,"href":"https:\/\/kolektifmucadele1.org\/index.php\/wp-json\/wp\/v2\/tags?post=4726"},{"taxonomy":"manset","embeddable":true,"href":"https:\/\/kolektifmucadele1.org\/index.php\/wp-json\/wp\/v2\/manset?post=4726"}],"curies":[{"name":"wp","href":"https:\/\/api.w.org\/{rel}","templated":true}]}}