{"id":479,"date":"2023-01-06T02:01:21","date_gmt":"2023-01-05T23:01:21","guid":{"rendered":"https:\/\/kolektifmucadele.org\/2023\/01\/06\/evin-goyinin-cenazesi-sehid-namirin-sloganiyla-ugurlandi\/"},"modified":"2023-01-06T02:01:21","modified_gmt":"2023-01-05T23:01:21","slug":"evin-goyinin-cenazesi-sehid-namirin-sloganiyla-ugurlandi","status":"publish","type":"post","link":"https:\/\/kolektifmucadele1.org\/index.php\/2023\/01\/06\/evin-goyinin-cenazesi-sehid-namirin-sloganiyla-ugurlandi\/","title":{"rendered":"EV\u00ceN GOY\u00ce&#8217;N\u0130N CENAZES\u0130 &#8221; \u015eEH\u0130D NAM\u00eeRiN &#8221; SLOGANIYLA U\u011eURLANDI"},"content":{"rendered":"\n<p>Ev\u00een Goy\u00ee\u2019nin cenazesi S\u00fcleymaniye Uluslararas\u0131 Havaliman\u0131ndan al\u0131narak Ehmed Heci Eli Camii\u2019ne g\u00f6t\u00fcr\u00fcld\u00fc.<br \/>Cenaze daha sonra Kandil \u015eehitli\u011fine do\u011fru u\u011furland\u0131. Goyi\u2019nin cenazesi, y\u00fczlerce ara\u00e7l\u0131k konvoy e\u015fli\u011finde Kandil\u2019deki \u015eehit Mehmet Karasungur \u015eehitli\u011fine ula\u015ft\u0131r\u0131ld\u0131.<br \/>\u015eehitlikte y\u00fczlerce ki\u015finin kat\u0131ld\u0131\u011f\u0131 g\u00f6rkemli bir t\u00f6ren d\u00fczenlendi. Evin Goyi\u2019nin tabudu PKK bayra\u011f\u0131na sar\u0131l\u0131rken, \u015fehitli\u011fe kadar yap\u0131lan y\u00fcr\u00fcy\u00fc\u015fte PKK bayra\u011f\u0131 ve K\u00fcrt Halk \u00d6nderi Abdullah \u00d6calan\u2019\u0131n foto\u011fraflar\u0131n\u0131n oldu\u011fu flamalar ta\u015f\u0131nd\u0131.<br \/>Y\u00fcr\u00fcy\u00fc\u015f\u00fcn \u00f6n\u00fcnde de Evin Goyi ve K\u00fcrt Halk \u00d6nderi Abdullah \u00d6calan\u2019\u0131n yan yana oldu\u011fu b\u00fcy\u00fck bir poster dikkat \u00e7ekti. \u015eehidin cenazezi kad\u0131nlar\u0131n omzunda ta\u015f\u0131nd\u0131.<br \/>Y\u00fcr\u00fcy\u00fc\u015fte ve cenaze topra\u011fa verilirken s\u0131k s\u0131k \u201c\u015eeh\u00eed namirin\u201d ve \u201cJin jiyan azad\u00ee\u201d sloganlar\u0131 at\u0131ld\u0131. Goyi\u2019nin naa\u015f\u0131 ba\u015f\u0131nda hep bir a\u011f\u0131zdan \u015fehitlere ba\u011fl\u0131l\u0131k s\u00f6z\u00fc verildi.<\/p>\n","protected":false},"excerpt":{"rendered":"<p>Ev\u00een Goy\u00ee\u2019nin cenazesi S\u00fcleymaniye Uluslararas\u0131 Havaliman\u0131ndan al\u0131narak&#46;&#46;&#46;<\/p>\n","protected":false},"author":1,"featured_media":478,"comment_status":"closed","ping_status":"open","sticky":false,"template":"","format":"standard","meta":{"footnotes":""},"categories":[5],"tags":[],"manset":[],"class_list":["post-479","post","type-post","status-publish","format-standard","has-post-thumbnail","hentry","category-etkinlikler"],"amp_enabled":true,"_links":{"self":[{"href":"https:\/\/kolektifmucadele1.org\/index.php\/wp-json\/wp\/v2\/posts\/479","targetHints":{"allow":["GET"]}}],"collection":[{"href":"https:\/\/kolektifmucadele1.org\/index.php\/wp-json\/wp\/v2\/posts"}],"about":[{"href":"https:\/\/kolektifmucadele1.org\/index.php\/wp-json\/wp\/v2\/types\/post"}],"author":[{"embeddable":true,"href":"https:\/\/kolektifmucadele1.org\/index.php\/wp-json\/wp\/v2\/users\/1"}],"replies":[{"embeddable":true,"href":"https:\/\/kolektifmucadele1.org\/index.php\/wp-json\/wp\/v2\/comments?post=479"}],"version-history":[{"count":0,"href":"https:\/\/kolektifmucadele1.org\/index.php\/wp-json\/wp\/v2\/posts\/479\/revisions"}],"wp:featuredmedia":[{"embeddable":true,"href":"https:\/\/kolektifmucadele1.org\/index.php\/wp-json\/wp\/v2\/media\/478"}],"wp:attachment":[{"href":"https:\/\/kolektifmucadele1.org\/index.php\/wp-json\/wp\/v2\/media?parent=479"}],"wp:term":[{"taxonomy":"category","embeddable":true,"href":"https:\/\/kolektifmucadele1.org\/index.php\/wp-json\/wp\/v2\/categories?post=479"},{"taxonomy":"post_tag","embeddable":true,"href":"https:\/\/kolektifmucadele1.org\/index.php\/wp-json\/wp\/v2\/tags?post=479"},{"taxonomy":"manset","embeddable":true,"href":"https:\/\/kolektifmucadele1.org\/index.php\/wp-json\/wp\/v2\/manset?post=479"}],"curies":[{"name":"wp","href":"https:\/\/api.w.org\/{rel}","templated":true}]}}