{"id":4818,"date":"2024-10-16T22:19:05","date_gmt":"2024-10-16T19:19:05","guid":{"rendered":"https:\/\/kolektifmucadele1.org\/?p=4818"},"modified":"2024-12-01T19:04:48","modified_gmt":"2024-12-01T16:04:48","slug":"fernas-iscilerinin-kurtulus-parkina-girisi-engellendi-fenalasan-bir-isci-hastaneye-kaldirildi","status":"publish","type":"post","link":"https:\/\/kolektifmucadele1.org\/index.php\/2024\/10\/16\/fernas-iscilerinin-kurtulus-parkina-girisi-engellendi-fenalasan-bir-isci-hastaneye-kaldirildi\/","title":{"rendered":"Fernas i\u015f\u00e7ilerinin Kurtulu\u015f Park\u0131&#8217;na giri\u015fi engellendi: Fenala\u015fan bir i\u015f\u00e7i hastaneye kald\u0131r\u0131ld\u0131"},"content":{"rendered":"\n<p>Manisa\u2019n\u0131n Soma il\u00e7esinde Ba\u011f\u0131ms\u0131z Maden \u0130\u015f\u00e7ileri Sendikas\u0131\u2019na \u00fcye olmalar\u0131n\u0131n ard\u0131ndan i\u015ften \u00e7\u0131kar\u0131lan Fernas Madencilik i\u015f\u00e7ilerinin direni\u015fi 52. g\u00fcn\u00fcnde devam ediyor.<\/p>\n\n\n\n<p>Enerji ve Tabii Kaynaklar Bakanl\u0131\u011f\u0131&#8217;na yapmak istedikleri y\u00fcr\u00fcy\u00fc\u015f\u00fcn polis g\u00fcc\u00fcyle engellenmesinin ard\u0131ndan 14 Ekim&#8217;de a\u00e7l\u0131k grevi ba\u015flatan i\u015f\u00e7ilerin, bug\u00fcn Ankara&#8217;daki Kurtulu\u015f Park\u0131&#8217;na giri\u015fi Valilik karar\u0131yla engellendi.<\/p>\n\n\n\n<p>Polis ablukas\u0131 s\u0131ras\u0131nda fenala\u015fan bir i\u015f\u00e7i hastaneye kald\u0131r\u0131ld\u0131.<\/p>\n\n\n\n<p>Ba\u011f\u0131ms\u0131z Maden-\u0130\u015f Sendikas\u0131&#8217;n\u0131n X hesab\u0131ndan yap\u0131lan payla\u015f\u0131mda, i\u015f\u00e7ilerin ba\u015f\u0131na bir \u015fey gelmesi durumunda sorumlular\u0131n Ankara Valisi Vasip \u015eahin ve Fernas&#8217;\u0131n patronu AKP&#8217;li Milletvekili Ferhat Nas\u0131ro\u011flu oldu\u011fu ifade edildi.<\/p>\n\n\n\n<p>&#8220;S\u00d6YLENECEK HER \u015eEY\u0130 S\u00d6YLED\u0130K SIRA S\u0130ZDE&#8221;<\/p>\n\n\n\n<p>Payla\u015f\u0131mda \u015fu ifadelere yer verildi:&nbsp; &#8220;Madencinin ba\u015f\u0131na bir \u015fey gelirse sorumlusu validir, Ferhat Nas\u0131ro\u011flu&#8217;dur! A\u00e7l\u0131k grevimizin 3. g\u00fcn\u00fcnde Kurtulu\u015f Park\u0131&#8217;na giri\u015fimiz valinin emriyle engelleniyor. Bir arkada\u015f\u0131m\u0131z ablukada fenala\u015f\u0131p hastaneye kald\u0131r\u0131ld\u0131. Biz s\u00f6ylenecek her \u015feyi s\u00f6yledik, s\u0131ra sizde!&#8221;<\/p>\n","protected":false},"excerpt":{"rendered":"<p>Manisa\u2019n\u0131n Soma il\u00e7esinde Ba\u011f\u0131ms\u0131z Maden \u0130\u015f\u00e7ileri Sendikas\u0131\u2019na&#46;&#46;&#46;<\/p>\n","protected":false},"author":3,"featured_media":4819,"comment_status":"closed","ping_status":"open","sticky":false,"template":"","format":"standard","meta":{"footnotes":""},"categories":[6,5],"tags":[],"manset":[],"class_list":["post-4818","post","type-post","status-publish","format-standard","has-post-thumbnail","hentry","category-emek","category-etkinlikler"],"amp_enabled":true,"_links":{"self":[{"href":"https:\/\/kolektifmucadele1.org\/index.php\/wp-json\/wp\/v2\/posts\/4818","targetHints":{"allow":["GET"]}}],"collection":[{"href":"https:\/\/kolektifmucadele1.org\/index.php\/wp-json\/wp\/v2\/posts"}],"about":[{"href":"https:\/\/kolektifmucadele1.org\/index.php\/wp-json\/wp\/v2\/types\/post"}],"author":[{"embeddable":true,"href":"https:\/\/kolektifmucadele1.org\/index.php\/wp-json\/wp\/v2\/users\/3"}],"replies":[{"embeddable":true,"href":"https:\/\/kolektifmucadele1.org\/index.php\/wp-json\/wp\/v2\/comments?post=4818"}],"version-history":[{"count":1,"href":"https:\/\/kolektifmucadele1.org\/index.php\/wp-json\/wp\/v2\/posts\/4818\/revisions"}],"predecessor-version":[{"id":4820,"href":"https:\/\/kolektifmucadele1.org\/index.php\/wp-json\/wp\/v2\/posts\/4818\/revisions\/4820"}],"wp:featuredmedia":[{"embeddable":true,"href":"https:\/\/kolektifmucadele1.org\/index.php\/wp-json\/wp\/v2\/media\/4819"}],"wp:attachment":[{"href":"https:\/\/kolektifmucadele1.org\/index.php\/wp-json\/wp\/v2\/media?parent=4818"}],"wp:term":[{"taxonomy":"category","embeddable":true,"href":"https:\/\/kolektifmucadele1.org\/index.php\/wp-json\/wp\/v2\/categories?post=4818"},{"taxonomy":"post_tag","embeddable":true,"href":"https:\/\/kolektifmucadele1.org\/index.php\/wp-json\/wp\/v2\/tags?post=4818"},{"taxonomy":"manset","embeddable":true,"href":"https:\/\/kolektifmucadele1.org\/index.php\/wp-json\/wp\/v2\/manset?post=4818"}],"curies":[{"name":"wp","href":"https:\/\/api.w.org\/{rel}","templated":true}]}}