{"id":4827,"date":"2024-10-16T22:31:27","date_gmt":"2024-10-16T19:31:27","guid":{"rendered":"https:\/\/kolektifmucadele1.org\/?p=4827"},"modified":"2024-12-01T19:04:48","modified_gmt":"2024-12-01T16:04:48","slug":"siyonist-israilin-lubnandaki-saldirilarinda-nebatiye-belediye-baskani-da-oldu","status":"publish","type":"post","link":"https:\/\/kolektifmucadele1.org\/index.php\/2024\/10\/16\/siyonist-israilin-lubnandaki-saldirilarinda-nebatiye-belediye-baskani-da-oldu\/","title":{"rendered":"Siyonist \u0130srail&#8217;in L\u00fcbnan&#8217;daki sald\u0131r\u0131lar\u0131nda Nebatiye Belediye Ba\u015fkan\u0131 da \u00f6ld\u00fc"},"content":{"rendered":"\n<p>Siyonist \u0130srail&#8217;in L\u00fcbnan&#8217;\u0131n g\u00fcneyindeki Nebatiye kentinde d\u00fczenledi\u011fi son sald\u0131r\u0131larda belediye binas\u0131n\u0131 da vurdu\u011fu ve aralar\u0131nda Belediye Ba\u015fkan\u0131 Ahmad Kahil&#8217;in de bulundu\u011fu en az 5 ki\u015finin hayat\u0131n\u0131 kaybetti\u011fi aktar\u0131ld\u0131.<\/p>\n\n\n\n<p>L\u00fcbnan Sa\u011fl\u0131k Bakanl\u0131\u011f\u0131ndan yap\u0131lan yaz\u0131l\u0131 a\u00e7\u0131klamada, \u0130srail&#8217;in Nebatiye Belediyesi ve Nebatiye Belediyeleri Birli\u011fi binalar\u0131n\u0131 bombalad\u0131\u011f\u0131 bildirildi.<\/p>\n\n\n\n<p>Hizbullah&#8217;a yak\u0131n &#8220;El-Ahbar&#8221; gazetesi, sald\u0131r\u0131da Belediye Ba\u015fkan\u0131 Kahil&#8217;in de \u00f6ld\u00fc\u011f\u00fcn\u00fc duyurdu.<\/p>\n\n\n\n<p>BBC muhabiri Riam Dalati&#8217;ye konu\u015fan bir g\u00f6rg\u00fc tan\u0131\u011f\u0131 da, sald\u0131r\u0131 s\u0131ras\u0131nda belediye ba\u015fkan\u0131 Ahmad Kahil&#8217;in vurulan belediye binas\u0131nda kriz merkezi toplant\u0131s\u0131n\u0131 y\u00f6netti\u011fini s\u00f6yledi.<\/p>\n\n\n\n<p>G\u00f6rg\u00fc tan\u0131\u011f\u0131, 30 dakika i\u00e7inde en az 9 yo\u011fun hava sald\u0131r\u0131s\u0131 d\u00fczenlendi\u011fini s\u00f6yledi ve b\u00f6lgedeki durum i\u00e7in &#8220;\u00e7\u0131lg\u0131n ter\u00f6r&#8221; ifadesini kulland\u0131. AFP&#8217;ye konu\u015fan Nebatiye Valisi Howaida Turk ise kent ve \u00e7evresinde 11 hava sald\u0131r\u0131s\u0131 d\u00fczenlendi\u011fini bildirdi.<\/p>\n\n\n\n<p>L\u00fcbnan Ba\u015fbakan\u0131 Necib Mikati, \u0130srail hava sald\u0131r\u0131s\u0131n\u0131n kas\u0131tl\u0131 olarak belediye meclisi toplant\u0131s\u0131 s\u0131ras\u0131nda d\u00fczenlendi\u011fini s\u00f6yledi.<\/p>\n\n\n\n<p>L\u00fcbnan Ba\u015fbakan\u0131 Mikati&#8217;nin ofisinden yap\u0131lan a\u00e7\u0131klamada, Nebatiye&#8217;ye y\u00f6nelik sald\u0131r\u0131 k\u0131nan\u0131rken &#8220;(\u0130srail) Kente y\u00f6nelik hizmetler ve yard\u0131m durumunun g\u00f6r\u00fc\u015f\u00fcld\u00fc\u011f\u00fc belediye meclisi toplant\u0131s\u0131n\u0131 kas\u0131tl\u0131 olarak hedef ald\u0131&#8221; ifadesine yer verildi.<\/p>\n\n\n\n<p>Mikati, \u0130srail&#8217;in bu sald\u0131r\u0131lar\u0131n\u0131n &#8220;su\u00e7lar\u0131 kar\u015f\u0131s\u0131nda kas\u0131tl\u0131 olarak sessiz kalan ve onu su\u00e7lar\u0131nda \u0131srar etmesi i\u00e7in cesaretlendiren d\u00fcnyan\u0131n g\u00f6zleri \u00f6n\u00fcnde&#8221; ger\u00e7ekle\u015fti\u011fini vurgulad\u0131. &#8220;T\u00fcm d\u00fcnya \u00fclkeleri L\u00fcbnan halk\u0131na y\u00f6nelik sald\u0131r\u0131lar\u0131 cayd\u0131ram\u0131yorsa, ate\u015fkes talep etmek i\u00e7in (Birle\u015fmi\u015f Milletler) G\u00fcvenlik Konseyi&#8217;ne ba\u015fvurmaya de\u011fer mi&#8221; ele\u015ftirisinde bulundu.<\/p>\n\n\n\n<p>\u00d6te yandan \u0130srail ordusu, hava ve kara sald\u0131r\u0131lar\u0131n\u0131n ard\u0131ndan L\u00fcbnan&#8217;\u0131 denizden de vurmaya ba\u015flad\u0131. Ordudan yap\u0131lan yaz\u0131l\u0131 a\u00e7\u0131klamada, \u0130srail Deniz Kuvvetlerinin L\u00fcbnan&#8217;da Hizbullah &#8220;hedeflerine&#8221; sald\u0131r\u0131 d\u00fczenledi\u011fi belirtildi. Firkateynlerden d\u00fczenlenen sald\u0131r\u0131larda Hizbullah&#8217;a ait &#8220;roket sistemleri, silah depolar\u0131&#8221; gibi &#8220;hedeflerin&#8221; vuruldu\u011fu iddia edildi.<\/p>\n","protected":false},"excerpt":{"rendered":"<p>Siyonist \u0130srail&#8217;in L\u00fcbnan&#8217;\u0131n g\u00fcneyindeki Nebatiye kentinde d\u00fczenledi\u011fi&#46;&#46;&#46;<\/p>\n","protected":false},"author":3,"featured_media":4828,"comment_status":"closed","ping_status":"open","sticky":false,"template":"","format":"standard","meta":{"footnotes":""},"categories":[5],"tags":[],"manset":[],"class_list":["post-4827","post","type-post","status-publish","format-standard","has-post-thumbnail","hentry","category-etkinlikler"],"amp_enabled":true,"_links":{"self":[{"href":"https:\/\/kolektifmucadele1.org\/index.php\/wp-json\/wp\/v2\/posts\/4827","targetHints":{"allow":["GET"]}}],"collection":[{"href":"https:\/\/kolektifmucadele1.org\/index.php\/wp-json\/wp\/v2\/posts"}],"about":[{"href":"https:\/\/kolektifmucadele1.org\/index.php\/wp-json\/wp\/v2\/types\/post"}],"author":[{"embeddable":true,"href":"https:\/\/kolektifmucadele1.org\/index.php\/wp-json\/wp\/v2\/users\/3"}],"replies":[{"embeddable":true,"href":"https:\/\/kolektifmucadele1.org\/index.php\/wp-json\/wp\/v2\/comments?post=4827"}],"version-history":[{"count":1,"href":"https:\/\/kolektifmucadele1.org\/index.php\/wp-json\/wp\/v2\/posts\/4827\/revisions"}],"predecessor-version":[{"id":4829,"href":"https:\/\/kolektifmucadele1.org\/index.php\/wp-json\/wp\/v2\/posts\/4827\/revisions\/4829"}],"wp:featuredmedia":[{"embeddable":true,"href":"https:\/\/kolektifmucadele1.org\/index.php\/wp-json\/wp\/v2\/media\/4828"}],"wp:attachment":[{"href":"https:\/\/kolektifmucadele1.org\/index.php\/wp-json\/wp\/v2\/media?parent=4827"}],"wp:term":[{"taxonomy":"category","embeddable":true,"href":"https:\/\/kolektifmucadele1.org\/index.php\/wp-json\/wp\/v2\/categories?post=4827"},{"taxonomy":"post_tag","embeddable":true,"href":"https:\/\/kolektifmucadele1.org\/index.php\/wp-json\/wp\/v2\/tags?post=4827"},{"taxonomy":"manset","embeddable":true,"href":"https:\/\/kolektifmucadele1.org\/index.php\/wp-json\/wp\/v2\/manset?post=4827"}],"curies":[{"name":"wp","href":"https:\/\/api.w.org\/{rel}","templated":true}]}}