{"id":493,"date":"2023-01-09T07:58:26","date_gmt":"2023-01-09T04:58:26","guid":{"rendered":"https:\/\/kolektifmucadele.org\/2023\/01\/09\/metin-goktepe-mezari-basinda-anildi\/"},"modified":"2023-01-09T07:58:26","modified_gmt":"2023-01-09T04:58:26","slug":"metin-goktepe-mezari-basinda-anildi","status":"publish","type":"post","link":"https:\/\/kolektifmucadele1.org\/index.php\/2023\/01\/09\/metin-goktepe-mezari-basinda-anildi\/","title":{"rendered":"MET\u0130N G\u00d6KTEPE MEZARI BA\u015eINDA ANILDI"},"content":{"rendered":"\n<p>Evrensel Gazetesi Muhabiri Metin G\u00f6ktepe, g\u00f6zalt\u0131nda katledili\u015finin 27. y\u0131l\u0131nda, \u0130stanbul Esenler\u2019de bulunan Kemer Mezarl\u0131\u011f\u0131ndaki mezar\u0131 ba\u015f\u0131nda an\u0131ld\u0131.<\/p>\n\n\n\n<p>Metin G\u00f6ktepe, 1996\u2019da \u00dcmraniye E Tipi Cezaevinde \u00f6ld\u00fcr\u00fclen tutuklular\u0131n cenazesini izlemek i\u00e7in gitti\u011fi Alibeyk\u00f6y\u2019de polislerce g\u00f6zalt\u0131na al\u0131nm\u0131\u015f ve g\u00f6t\u00fcr\u00fcld\u00fc\u011f\u00fc Ey\u00fcp Kapal\u0131 Spor Salonu\u2019nda d\u00f6v\u00fclerek \u00f6ld\u00fcr\u00fcld\u00fc. G\u00f6ktepe\u2019nin \u00f6ld\u00fcr\u00fclmesinin 27. y\u0131l\u0131nda ger\u00e7ekle\u015ftirilen anmada m\u00fccadelenin s\u00fcrd\u00fc\u011f\u00fc ifade edildi.<\/p>\n\n\n\n<p>Anmaya Metin G\u00f6ktepe\u2019nin ailesi, sendika, siyasi parti, oda temsilcileri kat\u0131ld\u0131.<\/p>\n\n\n\n<p>Sayg\u0131 duru\u015fu ile ba\u015flayan anma Metin G\u00f6ktepe an\u0131s\u0131na yap\u0131lan konu\u015fmalarla devam etti. Anma sloganlarla bitirildi.<\/p>\n","protected":false},"excerpt":{"rendered":"<p>Evrensel Gazetesi Muhabiri Metin G\u00f6ktepe, g\u00f6zalt\u0131nda katledili\u015finin&#46;&#46;&#46;<\/p>\n","protected":false},"author":1,"featured_media":492,"comment_status":"closed","ping_status":"open","sticky":false,"template":"","format":"standard","meta":{"footnotes":""},"categories":[5],"tags":[],"manset":[],"class_list":["post-493","post","type-post","status-publish","format-standard","has-post-thumbnail","hentry","category-etkinlikler"],"amp_enabled":true,"_links":{"self":[{"href":"https:\/\/kolektifmucadele1.org\/index.php\/wp-json\/wp\/v2\/posts\/493","targetHints":{"allow":["GET"]}}],"collection":[{"href":"https:\/\/kolektifmucadele1.org\/index.php\/wp-json\/wp\/v2\/posts"}],"about":[{"href":"https:\/\/kolektifmucadele1.org\/index.php\/wp-json\/wp\/v2\/types\/post"}],"author":[{"embeddable":true,"href":"https:\/\/kolektifmucadele1.org\/index.php\/wp-json\/wp\/v2\/users\/1"}],"replies":[{"embeddable":true,"href":"https:\/\/kolektifmucadele1.org\/index.php\/wp-json\/wp\/v2\/comments?post=493"}],"version-history":[{"count":0,"href":"https:\/\/kolektifmucadele1.org\/index.php\/wp-json\/wp\/v2\/posts\/493\/revisions"}],"wp:featuredmedia":[{"embeddable":true,"href":"https:\/\/kolektifmucadele1.org\/index.php\/wp-json\/wp\/v2\/media\/492"}],"wp:attachment":[{"href":"https:\/\/kolektifmucadele1.org\/index.php\/wp-json\/wp\/v2\/media?parent=493"}],"wp:term":[{"taxonomy":"category","embeddable":true,"href":"https:\/\/kolektifmucadele1.org\/index.php\/wp-json\/wp\/v2\/categories?post=493"},{"taxonomy":"post_tag","embeddable":true,"href":"https:\/\/kolektifmucadele1.org\/index.php\/wp-json\/wp\/v2\/tags?post=493"},{"taxonomy":"manset","embeddable":true,"href":"https:\/\/kolektifmucadele1.org\/index.php\/wp-json\/wp\/v2\/manset?post=493"}],"curies":[{"name":"wp","href":"https:\/\/api.w.org\/{rel}","templated":true}]}}