{"id":5016,"date":"2024-11-02T23:08:03","date_gmt":"2024-11-02T20:08:03","guid":{"rendered":"https:\/\/kolektifmucadele1.org\/?p=5016"},"modified":"2024-12-01T19:04:48","modified_gmt":"2024-12-01T16:04:48","slug":"sirin-elmas-icin-yuruyus-ve-ferikoy-mezarligi-onunde-aciklama-katledilen-cocuklarin-hesabini-soracagiz","status":"publish","type":"post","link":"https:\/\/kolektifmucadele1.org\/index.php\/2024\/11\/02\/sirin-elmas-icin-yuruyus-ve-ferikoy-mezarligi-onunde-aciklama-katledilen-cocuklarin-hesabini-soracagiz\/","title":{"rendered":"\u015eirin Elmas i\u00e7in y\u00fcr\u00fcy\u00fc\u015f ve Ferik\u00f6y Mezarl\u0131\u011f\u0131 \u00f6n\u00fcnde a\u00e7\u0131klama: \u201cKatledilen \u00e7ocuklar\u0131n hesab\u0131n\u0131 soraca\u011f\u0131z\u201d"},"content":{"rendered":"\n<p>\u0130stanbul \u015ei\u015fli\u2019de kaybolan 6 ya\u015f\u0131ndaki \u015eirin Elmas Hanil\u00e7i\u2019nin Ferik\u00f6y Mezarl\u0131\u011f\u0131\u2019nda cesedi bulunmas\u0131 \u00fczerine bug\u00fcn (2 Kas\u0131m) \u015ei\u015fli\u2019de Ferik\u00f6y Mezarl\u0131\u011f\u0131\u2019na bir y\u00fcr\u00fcy\u00fc\u015f d\u00fczenlendi.<\/p>\n\n\n\n<p>Ferik\u00f6y Mezarl\u0131\u011f\u0131 \u00f6n\u00fcnde bas\u0131n a\u00e7\u0131klamas\u0131 yap\u0131ld\u0131. A\u00e7\u0131klamada \u015funlar s\u00f6ylendi:<\/p>\n\n\n\n<p>\u015ei\u015fli\u2019de kaybolan alt\u0131 ya\u015f\u0131ndaki \u015eirin Elmas Ferik\u00f6y Mezarl\u0131\u011f\u0131\u2019nda \u00f6l\u00fc bulundu. Failleri koruman\u0131zdan al\u0131nan cesaretle Narin\u2019i, Leyla\u2019y\u0131 ve \u015eirin\u2019i \u00f6ld\u00fcrd\u00fcler. \u015eirin\u2019in \u00f6l\u00fcm\u00fc de di\u011ferleri gibi vah\u015fi bir katilin sorumlu oldu\u011fu bir eylem de\u011fildir; \u00e7ocuklara kar\u015f\u0131 i\u015flenen su\u00e7lar\u0131n \u00f6n\u00fcne ge\u00e7ilmesi i\u00e7in olu\u015fturulan Lanzarote S\u00f6zle\u015fmesi\u2019ni tart\u0131\u015fmaya a\u00e7anlar, \u0130stanbul S\u00f6zle\u015fmesi\u2019ni bir gecede ortadan kald\u0131ranlar katilleri koruyanlar kollayanlard\u0131r.<\/p>\n\n\n\n<p>\u00c7ocuklar\u0131 kad\u0131nlar\u0131 aile i\u00e7i \u015fiddetin \u00f6zneye \u00f6znesi yapmaya \u00e7al\u0131\u015fan Akp h\u00fckumetine teslim olmayacagiz ! Bu memleketin \u00e7ocuklar\u0131 sahipsiz de\u011fil! her ge\u00e7en g\u00fcn yoksulla\u015ft\u0131r\u0131lan halk\u0131n \u00e7ocuklar\u0131n\u0131, e\u011fitimsiz, a\u00e7 ve adaletsiz b\u0131rakanlara kar\u015f\u0131 m\u00fccadelemizden vazge\u00e7meyece\u011fiz!<\/p>\n\n\n\n<p>Su\u00e7 \u00f6rtmeye \u00e7al\u0131\u015fan, kad\u0131nlar\u0131 \u00e7ocuklar\u0131, erkek \u015fiddeti kar\u015f\u0131s\u0131nda yaln\u0131z b\u0131rakan, \u00e7ocuklar\u0131 korumak yerine faili katili koruyan h\u00fckumete adalete kar\u015f\u0131 \u00f6rd\u00fc\u011f\u00fcm\u00fcz m\u00fccadele devam ediyor!<\/p>\n\n\n\n<p>\u00c7ocuklar\u0131n takibinin devlet taraf\u0131ndan yap\u0131lmamas\u0131, \u00e7ocuk bak\u0131m\u0131n\u0131n, geli\u015fiminin sorumlulu\u011funun aile inisiyatifine b\u0131rak\u0131lmas\u0131, \u00e7ocuk koruma sisteminin etkin \u015fekilde i\u015fletilmemesi, failleri cesaretlendiriyor, \u00e7ocuk ya\u015fam alanlarini g\u00fcvencesizle\u015ftiriyor. Alt\u0131 ya\u015f\u0131ndaki k\u0131z \u00e7ocuklar\u0131n\u0131n bebeklerin katledildi\u011fi bir T\u00fcrkiye\u2019yi kabul etmiyoruz! T\u00fcrkiye\u2019nin her soka\u011f\u0131n\u0131, her k\u00f6\u015fesini \u00e7ocuklar ve kad\u0131nlar i\u00e7in g\u00fcvenli olana kadar m\u00fccadelemiz s\u00fcrecek. \u015eirin\u2019in ve di\u011fer katledilen \u00e7ocuklar\u0131n hesab\u0131n\u0131 soraca\u011f\u0131z, s\u00fcrecin olaca\u011f\u0131z!<\/p>\n\n\n\n<p>\u015eirin Elmas\u2019a ne oldu?<\/p>\n\n\n\n<p>\u015ei\u015fli\u2019de 31 Ekim\u2019de kaybolan 6 ya\u015f\u0131ndaki \u015eirin Elmas Hanil\u00e7i\u2019nin ailesi, bir televizyon program\u0131na kat\u0131larak yard\u0131m talebinde bulundu. \u0130stanbul \u00c7ocuk \u015eube ve Asayi\u015f \u015eube ortak \u00e7al\u0131\u015fmayla kay\u0131p \u015eirin\u2019in bulunmas\u0131 i\u00e7in arama \u00e7al\u0131\u015fmalar\u0131na ba\u015flad\u0131.<\/p>\n\n\n\n<p>Sabah\u2019ta yer alan habere g\u00f6re; kamera kay\u0131tlar\u0131n\u0131 incelemeye alan emniyet, \u015eirin\u2019in Ferik\u00f6y Mezarl\u0131\u011f\u0131 \u00e7evresinde g\u00f6r\u00fcnt\u00fcs\u00fcn\u00fc tespit etti. \u015eirin\u2019in son olarak mahallesinde bir markette 45-50 ya\u015f aral\u0131\u011f\u0131nda bir \u015fah\u0131sla konu\u015ftu\u011fu g\u00f6r\u00fcld\u00fc. G\u00f6r\u00fcnt\u00fclerden, \u015eirin\u2019in yan\u0131nda bulunan \u015fah\u0131sla mezarl\u0131\u011fa do\u011fru y\u00fcr\u00fcd\u00fc\u011f\u00fc belirlendi. Emniyet, \u015eirin\u2019in yan\u0131ndaki \u015fahs\u0131n ka\u011f\u0131t toplay\u0131c\u0131s\u0131 Mustafa \u00d6r\u00fcn oldu\u011funu belirleyip, \u015fahs\u0131 g\u00f6zalt\u0131na ald\u0131. \u00d6r\u00fcn, emniyetteki ilk sorgusunda \u015eirin\u2019i tan\u0131mad\u0131\u011f\u0131n\u0131 s\u00f6yledi.<\/p>\n\n\n\n<p>49 ya\u015f\u0131ndaki Mustafa \u00d6r\u00fcn, ikinci sorgulamadaki ifadesinde \u015eirin\u2019i bo\u011farak \u00f6ld\u00fcrd\u00fc\u011f\u00fcn\u00fc itiraf etti. \u00d6r\u00fcn\u2019\u00fcn, ifadesinde \u201cYan\u0131ma geldi. Para istedi. Vermeyece\u011fimi s\u00f6yledim. Pe\u015fimi b\u0131rakmad\u0131. Para istemeyi s\u00fcrd\u00fcrd\u00fc. Can\u0131m\u0131 s\u0131kt\u0131. Ben de sinirlendim, mezarl\u0131\u011f\u0131n orada bo\u011farak \u00f6ld\u00fcrd\u00fcm. Sonra \u00fczerini \u00e7al\u0131larla \u00f6rterek cesedi gizlemeye \u00e7al\u0131\u015ft\u0131m\u201d dedi\u011fi \u00f6\u011frenildi. \u00d6r\u00fcn, emniyetteki i\u015flemlerinin tamamlanmas\u0131n\u0131n ard\u0131ndan adliyeye sevk edildi.<\/p>\n\n\n\n<p>\u0130tiraf\u0131n ard\u0131ndan mezarl\u0131kta arama yapan ekipler \u015eirin\u2019in cesedine ula\u015ft\u0131. Polis ekiplerinin incelemesinin ard\u0131ndan \u015eirin\u2019in cesedi, Adli T\u0131p Kurumu morguna g\u00f6t\u00fcr\u00fcld\u00fc. Bug\u00fcn \u00f6\u011flen saatlerinde otopsi i\u015flemi tamamlanan Elmas Hanil\u00e7i\u2019nin naa\u015f\u0131 babas\u0131 \u0130brahim Hanil\u00e7i\u2019ye teslim edildi. Adli T\u0131p Kurumu \u00f6n\u00fcne gelen Anne Yeter Hanil\u00e7i g\u00fc\u00e7l\u00fckle ayakta dururken, anneyi yak\u0131nlar\u0131 teselli etmeye \u00e7al\u0131\u015ft\u0131. Baba \u0130brahim Hanil\u00e7i de g\u00f6zya\u015flar\u0131na hakim olamad\u0131. Cenaze Zincirlikuyu Gasilhanesi\u2019ne g\u00f6t\u00fcr\u00fcld\u00fc.<\/p>\n","protected":false},"excerpt":{"rendered":"<p>\u0130stanbul \u015ei\u015fli\u2019de kaybolan 6 ya\u015f\u0131ndaki \u015eirin Elmas&#46;&#46;&#46;<\/p>\n","protected":false},"author":3,"featured_media":5017,"comment_status":"closed","ping_status":"open","sticky":false,"template":"","format":"standard","meta":{"footnotes":""},"categories":[5],"tags":[],"manset":[],"class_list":["post-5016","post","type-post","status-publish","format-standard","has-post-thumbnail","hentry","category-etkinlikler"],"amp_enabled":true,"_links":{"self":[{"href":"https:\/\/kolektifmucadele1.org\/index.php\/wp-json\/wp\/v2\/posts\/5016","targetHints":{"allow":["GET"]}}],"collection":[{"href":"https:\/\/kolektifmucadele1.org\/index.php\/wp-json\/wp\/v2\/posts"}],"about":[{"href":"https:\/\/kolektifmucadele1.org\/index.php\/wp-json\/wp\/v2\/types\/post"}],"author":[{"embeddable":true,"href":"https:\/\/kolektifmucadele1.org\/index.php\/wp-json\/wp\/v2\/users\/3"}],"replies":[{"embeddable":true,"href":"https:\/\/kolektifmucadele1.org\/index.php\/wp-json\/wp\/v2\/comments?post=5016"}],"version-history":[{"count":1,"href":"https:\/\/kolektifmucadele1.org\/index.php\/wp-json\/wp\/v2\/posts\/5016\/revisions"}],"predecessor-version":[{"id":5018,"href":"https:\/\/kolektifmucadele1.org\/index.php\/wp-json\/wp\/v2\/posts\/5016\/revisions\/5018"}],"wp:featuredmedia":[{"embeddable":true,"href":"https:\/\/kolektifmucadele1.org\/index.php\/wp-json\/wp\/v2\/media\/5017"}],"wp:attachment":[{"href":"https:\/\/kolektifmucadele1.org\/index.php\/wp-json\/wp\/v2\/media?parent=5016"}],"wp:term":[{"taxonomy":"category","embeddable":true,"href":"https:\/\/kolektifmucadele1.org\/index.php\/wp-json\/wp\/v2\/categories?post=5016"},{"taxonomy":"post_tag","embeddable":true,"href":"https:\/\/kolektifmucadele1.org\/index.php\/wp-json\/wp\/v2\/tags?post=5016"},{"taxonomy":"manset","embeddable":true,"href":"https:\/\/kolektifmucadele1.org\/index.php\/wp-json\/wp\/v2\/manset?post=5016"}],"curies":[{"name":"wp","href":"https:\/\/api.w.org\/{rel}","templated":true}]}}