{"id":5158,"date":"2024-11-12T22:20:12","date_gmt":"2024-11-12T19:20:12","guid":{"rendered":"https:\/\/kolektifmucadele1.org\/?p=5158"},"modified":"2024-12-01T19:04:31","modified_gmt":"2024-12-01T16:04:31","slug":"izmirde-ki-bu-ev-bu-duzenin-gercek-yuz","status":"publish","type":"post","link":"https:\/\/kolektifmucadele1.org\/index.php\/2024\/11\/12\/izmirde-ki-bu-ev-bu-duzenin-gercek-yuz\/","title":{"rendered":"\u0130zmir&#8217;de ki bu ev, bu d\u00fczenin gercek y\u00fcz\u00fc"},"content":{"rendered":"\n<p>\u00dclkeyi y\u00f6netenlerin \u201ctasarruf\u201d diyerek saray ve yanda\u015flar\u0131n\u0131n servetine servet katarken, milyonlarca insan yoksulluk, g\u00fcvencesizlik ve \u00e7aresizlikle bo\u011fu\u015fuyor. Temel ihtiya\u00e7lar\u0131n\u0131 dahi kar\u015f\u0131layamayan insanlar, giderek derinle\u015fen e\u015fitsizlik kar\u015f\u0131s\u0131nda her ge\u00e7en g\u00fcn daha b\u00fcy\u00fck risklerle y\u00fczle\u015fiyor.<\/p>\n\n\n\n<p>Bu a\u011f\u0131r tabloya bir yenisi daha eklendi; \u0130zmir\u2019in Sel\u00e7uk il\u00e7esinden ac\u0131 bir haber geldi. Cumhuriyet Mahallesi\u2019nde, hurdac\u0131l\u0131k yaparak hayat\u0131n\u0131 s\u00fcrd\u00fcren Melisa Akcan, 5 \u00e7ocu\u011funa bakabilmek i\u00e7in ak\u015fam saatlerinde evden ayr\u0131lmak zorundayd\u0131. \u00c7ocuklar\u0131n\u0131 g\u00fcvenli bir yere b\u0131rakacak kimsesi yoktu. 3 g\u00f6z odal\u0131 evde, soban\u0131n \u0131s\u0131s\u0131 alt\u0131nda uykuya dalan \u00e7ocuklar, devrilen soban\u0131n yol a\u00e7t\u0131\u011f\u0131 yang\u0131nda son nefeslerini verdi. Bir annenin \u00e7aresizli\u011fi 5 can\u0131n hayat\u0131na mal oldu.<\/p>\n\n\n\n<p>27 ya\u015f\u0131ndaki Melisa Akcan, sanayi b\u00f6lgesine yak\u0131n, 3 odal\u0131 bir binada 5 \u00e7ocu\u011fuyla ya\u015fam m\u00fccadelesi veriyordu. \u00c7ocuklar, Aras Bulut, Masal I\u015f\u0131k, Aslan Mira\u00e7, Funda Peri ve Fadime Nefes yokluk i\u00e7inde b\u00fcy\u00fcyordu. \u00c7ocuklar\u0131n babas\u0131 Hakan Akcan, cezaevinde oldu\u011fu i\u00e7in ailenin t\u00fcm y\u00fck\u00fc annenin omuzlar\u0131ndayd\u0131. Pazartesi ak\u015fam\u0131 saat 19.00 sular\u0131nda, Melisa Akcan \u00e7ocuklar\u0131n\u0131 evde b\u0131rakarak hurda toplamaya \u00e7\u0131kt\u0131. Ancak soban\u0131n devrilmesiyle \u00e7\u0131kan yang\u0131n k\u0131sa s\u00fcrede t\u00fcm evi sard\u0131.<\/p>\n\n\n\n<p>Olay yerine gelen mahalle sakinleri, \u201cYang\u0131n\u0131 g\u00f6r\u00fcnce ko\u015farak i\u00e7eri girmeye \u00e7al\u0131\u015ft\u0131k ama kap\u0131y\u0131 a\u00e7amad\u0131k, i\u00e7eride mahsur kalm\u0131\u015flard\u0131\u201d dedi. Ba\u015fka bir g\u00f6rg\u00fc tan\u0131\u011f\u0131, &#8220;Anne elinden geleni yap\u0131yordu ama \u00e7ocuklar\u0131na bakarken \u00e7al\u0131\u015fmak zorundayd\u0131&#8221; diyerek sistemin yetersizli\u011fine dikkat \u00e7ekti. \u00d6te yandan sadece bir ay \u00f6nce evin bah\u00e7esinde k\u00fc\u00e7\u00fck bir yang\u0131n \u00e7\u0131kt\u0131\u011f\u0131n\u0131 belirtti.<\/p>\n\n\n\n<p>\u00c7ocuklar\u0131n kelebeklerde daha k\u0131sa ya\u015fad\u0131\u011f\u0131 \u00fclkemizde, bir avu\u00e7 az\u0131nl\u0131\u011f\u0131n \u00fclkeyi talan etti\u011fi, her ge\u00e7en g\u00fcn servetine servet katarken \u0130zmir\u2019deki bu ev tamda \u00fclkenin bir foto\u011fraf\u0131n\u0131 ortaya koymakta. \u00c7ocuklar\u0131n \u00f6lmedi\u011fi e\u015fit, \u00f6zg\u00fcr bir \u00fclkeyi i\u00e7in bu koku\u015fmu\u015f sistemde hesap sormak ve gelece\u011fi kendi elimize almak i\u00e7in daha \u00e7ok m\u00fccadele etmeliyiz.<\/p>\n","protected":false},"excerpt":{"rendered":"<p>\u00dclkeyi y\u00f6netenlerin \u201ctasarruf\u201d diyerek saray ve yanda\u015flar\u0131n\u0131n&#46;&#46;&#46;<\/p>\n","protected":false},"author":3,"featured_media":5159,"comment_status":"closed","ping_status":"open","sticky":false,"template":"","format":"standard","meta":{"footnotes":""},"categories":[5],"tags":[],"manset":[],"class_list":["post-5158","post","type-post","status-publish","format-standard","has-post-thumbnail","hentry","category-etkinlikler"],"amp_enabled":true,"_links":{"self":[{"href":"https:\/\/kolektifmucadele1.org\/index.php\/wp-json\/wp\/v2\/posts\/5158","targetHints":{"allow":["GET"]}}],"collection":[{"href":"https:\/\/kolektifmucadele1.org\/index.php\/wp-json\/wp\/v2\/posts"}],"about":[{"href":"https:\/\/kolektifmucadele1.org\/index.php\/wp-json\/wp\/v2\/types\/post"}],"author":[{"embeddable":true,"href":"https:\/\/kolektifmucadele1.org\/index.php\/wp-json\/wp\/v2\/users\/3"}],"replies":[{"embeddable":true,"href":"https:\/\/kolektifmucadele1.org\/index.php\/wp-json\/wp\/v2\/comments?post=5158"}],"version-history":[{"count":3,"href":"https:\/\/kolektifmucadele1.org\/index.php\/wp-json\/wp\/v2\/posts\/5158\/revisions"}],"predecessor-version":[{"id":5162,"href":"https:\/\/kolektifmucadele1.org\/index.php\/wp-json\/wp\/v2\/posts\/5158\/revisions\/5162"}],"wp:featuredmedia":[{"embeddable":true,"href":"https:\/\/kolektifmucadele1.org\/index.php\/wp-json\/wp\/v2\/media\/5159"}],"wp:attachment":[{"href":"https:\/\/kolektifmucadele1.org\/index.php\/wp-json\/wp\/v2\/media?parent=5158"}],"wp:term":[{"taxonomy":"category","embeddable":true,"href":"https:\/\/kolektifmucadele1.org\/index.php\/wp-json\/wp\/v2\/categories?post=5158"},{"taxonomy":"post_tag","embeddable":true,"href":"https:\/\/kolektifmucadele1.org\/index.php\/wp-json\/wp\/v2\/tags?post=5158"},{"taxonomy":"manset","embeddable":true,"href":"https:\/\/kolektifmucadele1.org\/index.php\/wp-json\/wp\/v2\/manset?post=5158"}],"curies":[{"name":"wp","href":"https:\/\/api.w.org\/{rel}","templated":true}]}}