{"id":5163,"date":"2024-11-12T22:34:08","date_gmt":"2024-11-12T19:34:08","guid":{"rendered":"https:\/\/kolektifmucadele1.org\/?p=5163"},"modified":"2024-12-01T19:04:31","modified_gmt":"2024-12-01T16:04:31","slug":"izmir-barosundan-5-kardesin-olumune-iliskin-aciklama-iktidarin-sorumlulugudur","status":"publish","type":"post","link":"https:\/\/kolektifmucadele1.org\/index.php\/2024\/11\/12\/izmir-barosundan-5-kardesin-olumune-iliskin-aciklama-iktidarin-sorumlulugudur\/","title":{"rendered":"\u0130zmir Barosu&#8217;ndan 5 karde\u015fin \u00f6l\u00fcm\u00fcne ili\u015fkin a\u00e7\u0131klama: &#8220;\u0130ktidar\u0131n sorumlulu\u011fudur&#8221;"},"content":{"rendered":"\n<p>\u0130zmir&#8217;in Sel\u00e7uk il\u00e7esinde bir evde \u00e7\u0131kan yang\u0131nda 5 karde\u015fin ya\u015fam\u0131n\u0131 yitirdi\u011fi olaya ili\u015fkin \u0130zmir Barosu&#8217;ndan a\u00e7\u0131klama yap\u0131ld\u0131.<\/p>\n\n\n\n<p>\u0130zmir Barosu Ba\u015fkanl\u0131\u011f\u0131&#8217;ndan yap\u0131lan yaz\u0131l\u0131 a\u00e7\u0131klamada &#8220;Korunma ihtiyac\u0131 bulunan \u00e7ocuklar\u0131n tespiti, gerekli tedbirlerin al\u0131nmas\u0131, geli\u015fimlerine uygun sa\u011fl\u0131kl\u0131 bir mek\u00e2nda ya\u015famalar\u0131n\u0131n sa\u011flanmas\u0131n\u0131n siyasi iktidar\u0131n sorumlulu\u011fu oldu\u011fu&#8221; belirtildi.<\/p>\n\n\n\n<p>Bakanl\u0131\u011f\u0131n ihmalin dikkat \u00e7ekilen a\u00e7\u0131klamada, &#8220;Ulusal ve uluslararas\u0131 normlarla haklar\u0131 koruma alt\u0131na al\u0131nan, birer \u00f6zne olarak bu d\u00fcnyada var olu\u015flar\u0131n\u0131 kutlad\u0131\u011f\u0131m\u0131z \u00e7ocuklar\u0131n ya\u015fam hakk\u0131 gibi en temel haklar\u0131n\u0131n dahi korunamad\u0131\u011f\u0131 bir k\u00e2busu ya\u015f\u0131yoruz&#8221; ifadelerine yer verildi.<\/p>\n\n\n\n<p>Baro taraf\u0131ndan yap\u0131lan a\u00e7\u0131klamada \u015funlara yer verildi:<\/p>\n\n\n\n<p>&#8220;Sel\u00e7uk\u2019da, be\u015f \u00e7ocuk, annelerinin toplad\u0131\u011f\u0131 hurdalar\u0131 satmak \u00fczere yanlar\u0131ndan ayr\u0131ld\u0131\u011f\u0131 s\u0131rada, kald\u0131klar\u0131 barakada \u00e7\u0131kan yang\u0131nda ya\u015fam\u0131n\u0131 yitirdi. \u00c7ocuklar\u0131n en b\u00fcy\u00fc\u011f\u00fc be\u015f, en k\u00fc\u00e7\u00fc\u011f\u00fc bir ya\u015f\u0131ndayd\u0131. Aile ve Sosyal Hizmetler Bakanl\u0131\u011f\u0131 yapt\u0131\u011f\u0131 a\u00e7\u0131klama ile \u00e7ocuklar\u0131n kalmakta olduklar\u0131 yere bu y\u0131l i\u00e7erisinde on sekiz kere ziyaret ger\u00e7ekle\u015ftirildi\u011fini ve ailenin maddi olarak desteklendi\u011fini beyan etmi\u015ftir. Bu on sekiz ziyarette \u00e7ocuklar\u0131n babalar\u0131n\u0131n cezaevinde kalmakta oldu\u011funun, annelerinin \u00e7ocuklar\u0131n bak\u0131mlar\u0131n\u0131 desteksiz bir \u015fekilde tek ba\u015f\u0131na \u00fcstlendi\u011finin anla\u015f\u0131lamam\u0131\u015f olmas\u0131 m\u00fcmk\u00fcn de\u011fildir. Tek bir ziyarette bile tespit edilebilecek bar\u0131nma ihtiyac\u0131n\u0131 gidermek i\u00e7in bildirimde bulunma y\u00fck\u00fcml\u00fcl\u00fc\u011f\u00fc olan Bakanl\u0131k, bunun yerine bildirimde bulunmamay\u0131 ve on sekiz ziyaret ger\u00e7ekle\u015ftirerek i\u015f takvimini doldurmay\u0131 se\u00e7mi\u015ftir.<\/p>\n\n\n\n<p>&#8220;\u00c7OCUKLARIN KORUNAMADI\u011eI B\u0130R K\u00c2BUSU YA\u015eIYORUZ&#8221;<\/p>\n\n\n\n<p>Bakanl\u0131\u011f\u0131n s\u00f6z konusu ihmali nedeniyle refakatsiz b\u0131rak\u0131lan \u00e7ocuklar, \u2018birbirlerine\u2019 emanet edilmi\u015f ve \u00e7\u0131kan yang\u0131nda hayatlar\u0131n\u0131 kaybetmi\u015flerdir. Hi\u00e7bir kelime, barakada ya\u015famak zorunda b\u0131rak\u0131lan, o barakada \u00e7\u0131kan yang\u0131nda hayat\u0131n\u0131 kaybeden be\u015f \u00e7ocu\u011fun ac\u0131s\u0131n\u0131 anlatamaz. Ulusal ve uluslararas\u0131 normlarla haklar\u0131 koruma alt\u0131na al\u0131nan, birer \u00f6zne olarak bu d\u00fcnyada var olu\u015flar\u0131n\u0131 kutlad\u0131\u011f\u0131m\u0131z \u00e7ocuklar\u0131n ya\u015fam hakk\u0131 gibi en temel haklar\u0131n\u0131n dahi korunamad\u0131\u011f\u0131 bir k\u00e2busu ya\u015f\u0131yoruz.<\/p>\n\n\n\n<p>&#8220;M\u00dcCADELE ETMEYE DEVAM EDECE\u011e\u0130Z&#8221;<\/p>\n\n\n\n<p>Ya\u015fad\u0131\u011f\u0131m\u0131z derin yoksullu\u011fu g\u00f6z ard\u0131 etme \u00e7abas\u0131 g\u00f6r\u00fcyoruz ki hi\u00e7bir ger\u00e7ek sorunu gizleyemiyor. \u00c7ocuklara bir \u00f6\u011f\u00fcn \u00fccretsiz yemek sa\u011flayamayan, temiz i\u00e7ecek suyu temin edemeyen, barakalarda \u00e7ocuklar\u0131 yaln\u0131z b\u0131rakan siyasi iktidar\u0131n \u00f6nlenebilir t\u00fcm \u00e7ocuk \u00f6l\u00fcmlerinin sorumlusu oldu\u011funu biliyoruz. \u0130zmir Barosu olarak, \u00e7ocuklar\u0131n ya\u015fam hakk\u0131n\u0131n ellerinden al\u0131nmad\u0131\u011f\u0131 g\u00fcnlere olan inanc\u0131m\u0131zla, ger\u00e7ek sorumlular\u0131n cezaland\u0131r\u0131lmas\u0131 ve t\u00fcm \u00e7ocuklar\u0131n sa\u011fl\u0131k ve mutlulukla ya\u015fayabilmesi i\u00e7in m\u00fccadele etmeye devam edece\u011fimizi kamuoyu ile payla\u015f\u0131yoruz.&#8221;<\/p>\n","protected":false},"excerpt":{"rendered":"<p>\u0130zmir&#8217;in Sel\u00e7uk il\u00e7esinde bir evde \u00e7\u0131kan yang\u0131nda&#46;&#46;&#46;<\/p>\n","protected":false},"author":3,"featured_media":5164,"comment_status":"closed","ping_status":"open","sticky":false,"template":"","format":"standard","meta":{"footnotes":""},"categories":[5],"tags":[],"manset":[],"class_list":["post-5163","post","type-post","status-publish","format-standard","has-post-thumbnail","hentry","category-etkinlikler"],"amp_enabled":true,"_links":{"self":[{"href":"https:\/\/kolektifmucadele1.org\/index.php\/wp-json\/wp\/v2\/posts\/5163","targetHints":{"allow":["GET"]}}],"collection":[{"href":"https:\/\/kolektifmucadele1.org\/index.php\/wp-json\/wp\/v2\/posts"}],"about":[{"href":"https:\/\/kolektifmucadele1.org\/index.php\/wp-json\/wp\/v2\/types\/post"}],"author":[{"embeddable":true,"href":"https:\/\/kolektifmucadele1.org\/index.php\/wp-json\/wp\/v2\/users\/3"}],"replies":[{"embeddable":true,"href":"https:\/\/kolektifmucadele1.org\/index.php\/wp-json\/wp\/v2\/comments?post=5163"}],"version-history":[{"count":1,"href":"https:\/\/kolektifmucadele1.org\/index.php\/wp-json\/wp\/v2\/posts\/5163\/revisions"}],"predecessor-version":[{"id":5165,"href":"https:\/\/kolektifmucadele1.org\/index.php\/wp-json\/wp\/v2\/posts\/5163\/revisions\/5165"}],"wp:featuredmedia":[{"embeddable":true,"href":"https:\/\/kolektifmucadele1.org\/index.php\/wp-json\/wp\/v2\/media\/5164"}],"wp:attachment":[{"href":"https:\/\/kolektifmucadele1.org\/index.php\/wp-json\/wp\/v2\/media?parent=5163"}],"wp:term":[{"taxonomy":"category","embeddable":true,"href":"https:\/\/kolektifmucadele1.org\/index.php\/wp-json\/wp\/v2\/categories?post=5163"},{"taxonomy":"post_tag","embeddable":true,"href":"https:\/\/kolektifmucadele1.org\/index.php\/wp-json\/wp\/v2\/tags?post=5163"},{"taxonomy":"manset","embeddable":true,"href":"https:\/\/kolektifmucadele1.org\/index.php\/wp-json\/wp\/v2\/manset?post=5163"}],"curies":[{"name":"wp","href":"https:\/\/api.w.org\/{rel}","templated":true}]}}