{"id":5185,"date":"2024-11-14T20:57:47","date_gmt":"2024-11-14T17:57:47","guid":{"rendered":"https:\/\/kolektifmucadele1.org\/?p=5185"},"modified":"2024-12-01T19:04:31","modified_gmt":"2024-12-01T16:04:31","slug":"bm-israilin-gazze-politikasi-icin-soykirim-ozellikli-dedi","status":"publish","type":"post","link":"https:\/\/kolektifmucadele1.org\/index.php\/2024\/11\/14\/bm-israilin-gazze-politikasi-icin-soykirim-ozellikli-dedi\/","title":{"rendered":"BM, \u0130srail&#8217;in Gazze politikas\u0131 i\u00e7in \u2018soyk\u0131r\u0131m \u00f6zellikli\u2019 dedi"},"content":{"rendered":"\n<p>\u0130srail i\u015fgalini izlemek amac\u0131yla 1968 y\u0131l\u0131nda kurulan Birle\u015fmi\u015f Milletler (BM) \u00f6zel komitesi, y\u0131ll\u0131k raporunda, \u0130srail&#8217;in Gazze&#8217;deki politikalar\u0131 ve uygulamalar\u0131n\u0131n &#8220;soyk\u0131r\u0131m niteli\u011fi ta\u015f\u0131d\u0131\u011f\u0131n\u0131&#8221; s\u00f6yledi. siyonist israilin Filistin halk\u0131na kara\u015f\u0131 uygulad\u0131\u011f\u0131 soyk\u0131r\u0131ma direkten soykinim diyemleyenler &#8221;soyk\u0131r\u0131m niteli\u011fi ta\u015f\u0131d\u0131\u011f\u0131n\u0131&#8221; ifadesi kulad\u0131lar.<\/p>\n\n\n\n<p>Komite, \u0130srail&#8217;in 13 ay s\u00fcren \u00e7at\u0131\u015fmada &#8220;a\u00e7l\u0131\u011f\u0131 bir sava\u015f silah\u0131 olarak kulland\u0131\u011f\u0131&#8221; ve Do\u011fu Kud\u00fcs&#8217;\u00fc de kapsayan Bat\u0131 \u015eeria&#8217;da &#8220;apartheid sistemi&#8221; y\u00fcr\u00fctt\u00fc\u011f\u00fc y\u00f6n\u00fcnde ciddi endi\u015feler bulundu\u011funu da belirtti.<\/p>\n\n\n\n<p>Yeni rapor, Filistin halk\u0131n\u0131n ve i\u015fgal alt\u0131ndaki topraklardaki di\u011fer Araplar\u0131n insan haklar\u0131n\u0131 etkileyen \u0130srail uygulamalar\u0131n\u0131 ara\u015ft\u0131rmak \u00fczere kurulan \u00d6zel Komite taraf\u0131ndan haz\u0131rland\u0131. 1967 Arap-\u0130srail sava\u015f\u0131n\u0131n ard\u0131ndan kurulan komite, Sri Lanka, Malezya ve Senegal devletlerinin temsilcilerinden olu\u015fuyor.<\/p>\n\n\n\n<p>BM \u00d6zel Komitesi, Gazze, Bat\u0131 \u015eeria, Golan Tepeleri ve \u0130srail&#8217;i ziyaret etme taleplerinin yan\u0131tlanmad\u0131\u011f\u0131n\u0131, bu nedenle personelin s\u00f6z konusu b\u00f6lgeleri ziyaret edemedi\u011fini s\u00f6yledi.<\/p>\n\n\n\n<p>SOYKIRIM \u00d6ZELL\u0130KLER\u0130 BARINDIRIYOR<\/p>\n\n\n\n<p>Ara\u015ft\u0131rmas\u0131n\u0131n &#8220;\u0130\u015fgal Alt\u0131ndaki Filistin Topraklar\u0131&#8217;nda, sava\u015f silah\u0131 olarak a\u00e7l\u0131k, Gazze&#8217;de soyk\u0131r\u0131m olas\u0131l\u0131\u011f\u0131 ve Do\u011fu Kud\u00fcs de dahil olmak \u00fczere Bat\u0131 \u015eeria&#8217;da bir apartheid sistemi dahil olmak \u00fczere uluslararas\u0131 insani ve insan haklar\u0131 yasalar\u0131n\u0131n ihlal edildi\u011fine dair ciddi endi\u015feler&#8221; ortaya \u00e7\u0131kard\u0131\u011f\u0131n\u0131 s\u00f6yledi.<\/p>\n\n\n\n<p>Raporda, komitenin, son bir y\u0131lda ya\u015fanan geli\u015fmelerin, &#8220;\u0130srail&#8217;in raporlama d\u00f6nemindeki politikalar\u0131 ve uygulamalar\u0131n\u0131n soyk\u0131r\u0131m \u00f6zellikleriyle tutarl\u0131 oldu\u011fu&#8221; sonucuna varmas\u0131na yol a\u00e7t\u0131\u011f\u0131 belirtildi.<\/p>\n\n\n\n<p>Raporda, \u201cSiviller Gazze\u2019de ayr\u0131m g\u00f6zetmeksizin ve orant\u0131s\u0131z bir \u015fekilde topluca \u00f6ld\u00fcr\u00fcld\u00fc&#8221; denildi. Ayr\u0131ca, &#8220;sava\u015f ve insani yard\u0131m k\u0131s\u0131tlamalar\u0131 yoluyla Gazze&#8217;deki Filistinlilere dayat\u0131lan ya\u015fam\u0131 tehdit eden ko\u015fullara &#8211; fiziksel y\u0131k\u0131ma, artan d\u00fc\u015f\u00fcklere ve \u00f6l\u00fc do\u011fumlara&#8221; at\u0131fta bulunuldu.<\/p>\n\n\n\n<p>GIDAYI SAVA\u015e S\u0130LAHI OLARAK KULLANIYOR<\/p>\n\n\n\n<p>Komite ayr\u0131ca \u0130srail&#8217;i &#8220;g\u0131day\u0131 kas\u0131tl\u0131 olarak bir sava\u015f silah\u0131 olarak kullanmakla&#8221; su\u00e7lad\u0131.<\/p>\n\n\n\n<p>Raporda, &#8220;\u00c7at\u0131\u015fman\u0131n t\u0131rmanmas\u0131ndan bu yana \u0130srailli yetkililer, sivilleri yiyecek, su ve yak\u0131ttan mahrum b\u0131rakan politikalar\u0131 a\u00e7\u0131k\u00e7a desteklediler ve bu durum, temel ihtiya\u00e7lar\u0131n sa\u011flanmas\u0131n\u0131 siyasi ve askeri ama\u00e7lar do\u011frultusunda ara\u00e7salla\u015ft\u0131rma niyetlerini ortaya koydu&#8221; denildi.<\/p>\n","protected":false},"excerpt":{"rendered":"<p>\u0130srail i\u015fgalini izlemek amac\u0131yla 1968 y\u0131l\u0131nda kurulan&#46;&#46;&#46;<\/p>\n","protected":false},"author":3,"featured_media":5186,"comment_status":"closed","ping_status":"open","sticky":false,"template":"","format":"standard","meta":{"footnotes":""},"categories":[11,5],"tags":[],"manset":[],"class_list":["post-5185","post","type-post","status-publish","format-standard","has-post-thumbnail","hentry","category-dunya","category-etkinlikler"],"amp_enabled":true,"_links":{"self":[{"href":"https:\/\/kolektifmucadele1.org\/index.php\/wp-json\/wp\/v2\/posts\/5185","targetHints":{"allow":["GET"]}}],"collection":[{"href":"https:\/\/kolektifmucadele1.org\/index.php\/wp-json\/wp\/v2\/posts"}],"about":[{"href":"https:\/\/kolektifmucadele1.org\/index.php\/wp-json\/wp\/v2\/types\/post"}],"author":[{"embeddable":true,"href":"https:\/\/kolektifmucadele1.org\/index.php\/wp-json\/wp\/v2\/users\/3"}],"replies":[{"embeddable":true,"href":"https:\/\/kolektifmucadele1.org\/index.php\/wp-json\/wp\/v2\/comments?post=5185"}],"version-history":[{"count":1,"href":"https:\/\/kolektifmucadele1.org\/index.php\/wp-json\/wp\/v2\/posts\/5185\/revisions"}],"predecessor-version":[{"id":5187,"href":"https:\/\/kolektifmucadele1.org\/index.php\/wp-json\/wp\/v2\/posts\/5185\/revisions\/5187"}],"wp:featuredmedia":[{"embeddable":true,"href":"https:\/\/kolektifmucadele1.org\/index.php\/wp-json\/wp\/v2\/media\/5186"}],"wp:attachment":[{"href":"https:\/\/kolektifmucadele1.org\/index.php\/wp-json\/wp\/v2\/media?parent=5185"}],"wp:term":[{"taxonomy":"category","embeddable":true,"href":"https:\/\/kolektifmucadele1.org\/index.php\/wp-json\/wp\/v2\/categories?post=5185"},{"taxonomy":"post_tag","embeddable":true,"href":"https:\/\/kolektifmucadele1.org\/index.php\/wp-json\/wp\/v2\/tags?post=5185"},{"taxonomy":"manset","embeddable":true,"href":"https:\/\/kolektifmucadele1.org\/index.php\/wp-json\/wp\/v2\/manset?post=5185"}],"curies":[{"name":"wp","href":"https:\/\/api.w.org\/{rel}","templated":true}]}}