{"id":5223,"date":"2024-11-17T23:35:36","date_gmt":"2024-11-17T20:35:36","guid":{"rendered":"https:\/\/kolektifmucadele1.org\/?p=5223"},"modified":"2024-12-01T19:04:31","modified_gmt":"2024-12-01T16:04:31","slug":"ambarli-limani-onunde-eylem-bu-sevkiyati-durdurun-turkiye-limanlari-israile-giden-gemilere-kapatilsin","status":"publish","type":"post","link":"https:\/\/kolektifmucadele1.org\/index.php\/2024\/11\/17\/ambarli-limani-onunde-eylem-bu-sevkiyati-durdurun-turkiye-limanlari-israile-giden-gemilere-kapatilsin\/","title":{"rendered":"Ambarl\u0131 Liman\u0131 \u00f6n\u00fcnde eylem: \u201cBu sevkiyat\u0131 durdurun, T\u00fcrkiye limanlar\u0131 \u0130srail\u2019e giden gemilere kapat\u0131ls\u0131n\u201d"},"content":{"rendered":"\n<p>Filistin Eylem Komitesi\u2019nin \u00e7a\u011fr\u0131s\u0131yla \u0130srail\u2019e giden gemilerin demirlemesiyle g\u00fcndeme gelen Ambarl\u0131 Liman\u0131 \u00f6n\u00fcnde eylem yap\u0131ld\u0131. \u0130srail\u2019e silah, askeri m\u00fchimmat ve her t\u00fcrl\u00fc lojistik deste\u011fin bu limandan hi\u00e7bir engellemeyle kar\u015f\u0131la\u015fmadan gitti\u011fini ifade eden Filistin Eylem Komitesi, \u201cbu sevkiyat\u0131 durdurun\u201d dedi.<\/p>\n\n\n\n<p>Bir y\u0131l\u0131 a\u015fk\u0131n s\u00fcredir bu limanda \u0130srail\u2019e sevkiyat\u0131 durdurmak i\u00e7in bir\u00e7ok eylem yap\u0131ld\u0131. 18 Aral\u0131k 2023 tarihinde gemileri engellemek i\u00e7in yap\u0131lan ilk eylemde g\u00f6zalt\u0131na al\u0131nan 20 ki\u015fi hakk\u0131nda dava a\u00e7\u0131ld\u0131 ve h\u00e2l\u00e2 yarg\u0131lan\u0131yorlar.<\/p>\n\n\n\n<p>Askeri m\u00fchimmat ABD\u2019den T\u00fcrkiye \u00fczerinden ta\u015f\u0131n\u0131yor<\/p>\n\n\n\n<p>ABD\u2019den teslim ald\u0131\u011f\u0131 askeri m\u00fchimmat\u0131 Hayfa veya A\u015fdod limanlar\u0131na ta\u015f\u0131mak i\u00e7in \u00f6zel bir filo kuran MAERSK \u015firketinin gemileri ve o gemilere konteyner ta\u015f\u0131yan t\u0131rlar bu limanda faaliyet y\u00fcr\u00fct\u00fcyor. \u0130srailli ZIM isimli uluslararas\u0131 ta\u015f\u0131mac\u0131l\u0131k \u015firketine ait gemiler ve t\u0131rlar bu limanda defalarca sefer yap\u0131yor. Siyonist hareketin kurdu\u011fu ve kuruldu\u011fundan beri siyonizme hizmet eden ZIM\u2019in yay\u0131mlad\u0131\u011f\u0131 planlarda \u00f6n\u00fcm\u00fczdeki \u00fc\u00e7 ayda toplam 124 geminin Alia\u011fa, Derince, \u0130zmit, Mersin ve \u0130stanbul Ambarl\u0131 ba\u015fta olmak \u00fczere bir\u00e7ok T\u00fcrkiye liman\u0131n\u0131 kullanaca\u011f\u0131 g\u00f6r\u00fcl\u00fcyor.<\/p>\n\n\n\n<p>\u201cBu su\u00e7 ortakl\u0131\u011f\u0131 derhal son bulmal\u0131\u201d<\/p>\n\n\n\n<figure class=\"wp-block-image size-full\"><img loading=\"lazy\" decoding=\"async\" width=\"768\" height=\"576\" src=\"https:\/\/kolektifmucadele1.org\/wp-content\/uploads\/2024\/11\/ambarli-3.jpg\" alt=\"\" class=\"wp-image-5224\"\/><\/figure>\n\n\n\n<p>Eylemde yap\u0131lan a\u00e7\u0131klamada \u015funlar s\u00f6ylendi:<\/p>\n\n\n\n<p>Filistin Eylem Komitesi olarak bug\u00fcn siyonist i\u015fgalcilere giden gemilerin ve t\u0131rlar\u0131n faaliyet y\u00fcr\u00fctt\u00fc\u011f\u00fc Ambarl\u0131 Liman\u0131 \u00f6n\u00fcnden sesleniyoruz: h\u00fck\u00fcmet bu gemilerin ge\u00e7i\u015fini engellemedik\u00e7e, y\u00fck al\u0131p indirmelerine, yana\u015f\u0131p yak\u0131t almalar\u0131na izin verdik\u00e7e biz limanlarda eylemde olaca\u011f\u0131z! Soyk\u0131r\u0131ma kar\u015f\u0131 Filistin halk\u0131yla dayan\u0131\u015fma m\u00fccadelemizi b\u00fcy\u00fcterek siyonizmi her alanda ku\u015fatmaya devam edece\u011fiz. Soyk\u0131r\u0131ma giden sevkiyat son bulana dek T\u00fcrkiye\u2019deki Filistin dostlar\u0131n\u0131 t\u00fcm limanlarda bu sesi y\u00fckseltmeye \u00e7a\u011f\u0131r\u0131yoruz: Soyk\u0131r\u0131mc\u0131 i\u015fgal devletine askeri m\u00fchimmat ta\u015f\u0131yan gemilerin T\u00fcrkiye karasular\u0131ndan ge\u00e7mesine ve limanlara girmesine izin verilmesi su\u00e7 ortakl\u0131\u011f\u0131d\u0131r, bu su\u00e7 ortakl\u0131\u011f\u0131 derhal son bulmal\u0131 ve soyk\u0131r\u0131mc\u0131 i\u015fgal devletiyle t\u00fcm ili\u015fkiler kesilerek \u0130srail\u2019e tam ambargo uygulanmal\u0131d\u0131r!<\/p>\n","protected":false},"excerpt":{"rendered":"<p>Filistin Eylem Komitesi\u2019nin \u00e7a\u011fr\u0131s\u0131yla \u0130srail\u2019e giden gemilerin&#46;&#46;&#46;<\/p>\n","protected":false},"author":3,"featured_media":5225,"comment_status":"closed","ping_status":"open","sticky":false,"template":"","format":"standard","meta":{"footnotes":""},"categories":[5],"tags":[],"manset":[],"class_list":["post-5223","post","type-post","status-publish","format-standard","has-post-thumbnail","hentry","category-etkinlikler"],"amp_enabled":true,"_links":{"self":[{"href":"https:\/\/kolektifmucadele1.org\/index.php\/wp-json\/wp\/v2\/posts\/5223","targetHints":{"allow":["GET"]}}],"collection":[{"href":"https:\/\/kolektifmucadele1.org\/index.php\/wp-json\/wp\/v2\/posts"}],"about":[{"href":"https:\/\/kolektifmucadele1.org\/index.php\/wp-json\/wp\/v2\/types\/post"}],"author":[{"embeddable":true,"href":"https:\/\/kolektifmucadele1.org\/index.php\/wp-json\/wp\/v2\/users\/3"}],"replies":[{"embeddable":true,"href":"https:\/\/kolektifmucadele1.org\/index.php\/wp-json\/wp\/v2\/comments?post=5223"}],"version-history":[{"count":1,"href":"https:\/\/kolektifmucadele1.org\/index.php\/wp-json\/wp\/v2\/posts\/5223\/revisions"}],"predecessor-version":[{"id":5226,"href":"https:\/\/kolektifmucadele1.org\/index.php\/wp-json\/wp\/v2\/posts\/5223\/revisions\/5226"}],"wp:featuredmedia":[{"embeddable":true,"href":"https:\/\/kolektifmucadele1.org\/index.php\/wp-json\/wp\/v2\/media\/5225"}],"wp:attachment":[{"href":"https:\/\/kolektifmucadele1.org\/index.php\/wp-json\/wp\/v2\/media?parent=5223"}],"wp:term":[{"taxonomy":"category","embeddable":true,"href":"https:\/\/kolektifmucadele1.org\/index.php\/wp-json\/wp\/v2\/categories?post=5223"},{"taxonomy":"post_tag","embeddable":true,"href":"https:\/\/kolektifmucadele1.org\/index.php\/wp-json\/wp\/v2\/tags?post=5223"},{"taxonomy":"manset","embeddable":true,"href":"https:\/\/kolektifmucadele1.org\/index.php\/wp-json\/wp\/v2\/manset?post=5223"}],"curies":[{"name":"wp","href":"https:\/\/api.w.org\/{rel}","templated":true}]}}