{"id":5257,"date":"2024-11-21T00:54:01","date_gmt":"2024-11-20T21:54:01","guid":{"rendered":"https:\/\/kolektifmucadele1.org\/?p=5257"},"modified":"2024-12-01T19:04:31","modified_gmt":"2024-12-01T16:04:31","slug":"genel-is-anadolu-yakasi-1-nolu-sube-yonetimi-istifa-etti-belediye-iscilerini-dar-bogaza-sokan-hesaplarin-parcasi-olmayacagiz","status":"publish","type":"post","link":"https:\/\/kolektifmucadele1.org\/index.php\/2024\/11\/21\/genel-is-anadolu-yakasi-1-nolu-sube-yonetimi-istifa-etti-belediye-iscilerini-dar-bogaza-sokan-hesaplarin-parcasi-olmayacagiz\/","title":{"rendered":"Genel-\u0130\u015f Anadolu Yakas\u0131 1 No\u2019lu \u015eube y\u00f6netimi istifa etti: \u201cBelediye i\u015f\u00e7ilerini dar bo\u011faza sokan hesaplar\u0131n par\u00e7as\u0131 olmayaca\u011f\u0131z\u201d"},"content":{"rendered":"\n<p>Genel-\u0130\u015f \u0130stanbul Anadolu Yakas\u0131 1 No\u2019lu \u015eube y\u00f6netimi yapt\u0131\u011f\u0131 a\u00e7\u0131klamayla istifa etti\u011fini duyurdu. Y\u00f6netim Kurulu, Kad\u0131k\u00f6y Belediyesi toplu s\u00f6zle\u015fme s\u00fcrecinde sendikalar\u0131n\u0131n genel merkezinin kendi inisiyatiflerini ve i\u015f\u00e7inin iradesini \u00e7i\u011fneyerek ve i\u015f\u00e7ilerin taleplerini g\u00f6rmezden gelerek toplu s\u00f6zle\u015fmeye imza atmas\u0131n\u0131 gerek\u00e7e g\u00f6sterdi. Y\u00f6netim Kurulu, belediye i\u015f\u00e7ilerini daha da dar bo\u011faza sokan hesaplar\u0131n par\u00e7as\u0131 olmay\u0131 reddettiklerini ve i\u015fverenle i\u015fbirli\u011fini ba\u015fka bir a\u015famaya \u00e7\u0131karan Genel-\u0130\u015f Genel Merkezi\u2019ni de istifaya \u00e7a\u011f\u0131rd\u0131.<\/p>\n\n\n\n<p>Yap\u0131lan a\u00e7\u0131klama \u015f\u00f6yle:<\/p>\n\n\n\n<p>18 Kas\u0131m ak\u015fam\u0131 toplu i\u015f s\u00f6zle\u015fmesi m\u00fczakere masas\u0131n\u0131n \u00e7\u00f6z\u00fcms\u00fcz kalmas\u0131 nedeniyle \u00e7\u0131kt\u0131\u011f\u0131m\u0131z grev, sadece ve sadece bir dakika sonra Genel-\u0130\u015f Genel Merkezi\u2019nin haks\u0131z bir \u015fekilde sonland\u0131rmas\u0131yla i\u015fverenin att\u0131\u011f\u0131 mesaj ile son buldu. \u0130stanbul\u2019da ve \u0130zmir\u2019de bir\u00e7ok se\u00e7ilmi\u015f Genel-\u0130\u015f \u015fubesi maalesef benzer bir kaderi ya\u015fad\u0131. \u0130\u015f\u00e7inin iradesini temsil eden ve \u00e7\u0131karlar\u0131n\u0131 g\u00f6zeten \u015fube y\u00f6netiminin iradesi, dolay\u0131s\u0131yla i\u015f\u00e7i, son bir ayda, defalarca oldu\u011fu gibi, Kad\u0131k\u00f6y\u2019de de yok say\u0131ld\u0131. Haklar\u0131m\u0131z\u0131 koruyabilmek, haklar\u0131m\u0131z\u0131 alabilmek i\u00e7in haz\u0131rlad\u0131\u011f\u0131m\u0131z \u00f6zg\u00fcr toplu s\u00f6zle\u015fme bir kez daha i\u015fveren ve sendika taraf\u0131ndan \u00e7er\u00e7eve bir s\u00f6zle\u015fmeyle sefalet \u00fccretlerine indirgendi.<\/p>\n\n\n\n<p>Bu sorunlu i\u015fbirli\u011fi ve bu yakla\u015f\u0131m ne bir siyasi partiye ne de bir sendikaya yak\u0131\u015f\u0131r niteliktedir. Biz belediye i\u015f\u00e7ilerini daha da dar bo\u011faza sokan hesaplar\u0131n par\u00e7as\u0131 olmay\u0131 reddediyor ve i\u015fverenle i\u015fbirli\u011fini son d\u00f6nemde ba\u015fka bir a\u015famaya \u00e7\u0131kartan Genel-\u0130\u015f Genel Merkezi\u2019ni istifaya davet ediyoruz.<\/p>\n\n\n\n<p>O koltuklarda oturup i\u015f\u00e7inin iradesini yok sayan bir sendikan\u0131n \u015fubesi olmak bizim i\u00e7in anlam\u0131n\u0131 yitirmi\u015ftir. Biz Anadolu Yakas\u0131 1 No\u2019lu \u015eube Y\u00f6netim Kurulu olarak istifa ediyoruz. \u0130\u015f\u00e7inin hakk\u0131 olan\u0131 almas\u0131, insanca ya\u015fam ve \u00e7al\u0131\u015fma ko\u015fullar\u0131na kavu\u015fmas\u0131 i\u00e7in m\u00fccadele etmeye devam edece\u011fiz. \u0130\u015f\u00e7i d\u00fc\u015fmanl\u0131\u011f\u0131, emek d\u00fc\u015fmanl\u0131\u011f\u0131 yapan her kim olursa olsun, yan\u0131nda de\u011fil kar\u015f\u0131s\u0131nda olmaya devam edece\u011fimizi t\u00fcm kamuoyuna duyuruyoruz.<\/p>\n\n\n\n<p>Ya\u015fas\u0131n i\u015f\u00e7ilerin \u00f6rg\u00fctl\u00fc m\u00fccadelesi.<\/p>\n\n\n\n<p>Genel-\u0130\u015f Anadolu Yakas\u0131 1 No\u2019lu \u015eube y\u00f6netimi istifa etti: \u201cBelediye i\u015f\u00e7ilerini dar bo\u011faza sokan hesaplar\u0131n par\u00e7as\u0131 olmay\u0131 reddediyoruz\u201d<\/p>\n","protected":false},"excerpt":{"rendered":"<p>Genel-\u0130\u015f \u0130stanbul Anadolu Yakas\u0131 1 No\u2019lu \u015eube&#46;&#46;&#46;<\/p>\n","protected":false},"author":3,"featured_media":5258,"comment_status":"closed","ping_status":"open","sticky":false,"template":"","format":"standard","meta":{"footnotes":""},"categories":[5],"tags":[],"manset":[],"class_list":["post-5257","post","type-post","status-publish","format-standard","has-post-thumbnail","hentry","category-etkinlikler"],"amp_enabled":true,"_links":{"self":[{"href":"https:\/\/kolektifmucadele1.org\/index.php\/wp-json\/wp\/v2\/posts\/5257","targetHints":{"allow":["GET"]}}],"collection":[{"href":"https:\/\/kolektifmucadele1.org\/index.php\/wp-json\/wp\/v2\/posts"}],"about":[{"href":"https:\/\/kolektifmucadele1.org\/index.php\/wp-json\/wp\/v2\/types\/post"}],"author":[{"embeddable":true,"href":"https:\/\/kolektifmucadele1.org\/index.php\/wp-json\/wp\/v2\/users\/3"}],"replies":[{"embeddable":true,"href":"https:\/\/kolektifmucadele1.org\/index.php\/wp-json\/wp\/v2\/comments?post=5257"}],"version-history":[{"count":1,"href":"https:\/\/kolektifmucadele1.org\/index.php\/wp-json\/wp\/v2\/posts\/5257\/revisions"}],"predecessor-version":[{"id":5259,"href":"https:\/\/kolektifmucadele1.org\/index.php\/wp-json\/wp\/v2\/posts\/5257\/revisions\/5259"}],"wp:featuredmedia":[{"embeddable":true,"href":"https:\/\/kolektifmucadele1.org\/index.php\/wp-json\/wp\/v2\/media\/5258"}],"wp:attachment":[{"href":"https:\/\/kolektifmucadele1.org\/index.php\/wp-json\/wp\/v2\/media?parent=5257"}],"wp:term":[{"taxonomy":"category","embeddable":true,"href":"https:\/\/kolektifmucadele1.org\/index.php\/wp-json\/wp\/v2\/categories?post=5257"},{"taxonomy":"post_tag","embeddable":true,"href":"https:\/\/kolektifmucadele1.org\/index.php\/wp-json\/wp\/v2\/tags?post=5257"},{"taxonomy":"manset","embeddable":true,"href":"https:\/\/kolektifmucadele1.org\/index.php\/wp-json\/wp\/v2\/manset?post=5257"}],"curies":[{"name":"wp","href":"https:\/\/api.w.org\/{rel}","templated":true}]}}