{"id":5329,"date":"2024-11-25T21:03:15","date_gmt":"2024-11-25T18:03:15","guid":{"rendered":"https:\/\/kolektifmucadele1.org\/?p=5329"},"modified":"2024-12-01T19:04:31","modified_gmt":"2024-12-01T16:04:31","slug":"kurdistanda-25-kasim-erkek-devlet-siddetine-karsi-jin-jiyan-azadi","status":"publish","type":"post","link":"https:\/\/kolektifmucadele1.org\/index.php\/2024\/11\/25\/kurdistanda-25-kasim-erkek-devlet-siddetine-karsi-jin-jiyan-azadi\/","title":{"rendered":"K\u00fcrdistan&#8217;da 25 Kas\u0131m: \u201cErkek devlet \u015fiddetine kar\u015f\u0131; jin, jiyan, azadi\u201d"},"content":{"rendered":"\n<p>25 Kas\u0131m Kad\u0131na Y\u00f6nelik \u015eiddetle M\u00fccadele G\u00fcn\u00fc dolay\u0131s\u0131yla kad\u0131nlar Van, Batman, Hakkari ve A\u011fr\u0131\u2019da sokaklar\u0131 doldurdu. \u201cErkek devlet \u015fiddetine kar\u015f\u0131; jin, jiyan, azadi\u201d pankartlar\u0131yla y\u00fcr\u00fcyen kad\u0131nlar, kad\u0131na y\u00f6nelik \u015fiddetin cezas\u0131z b\u0131rak\u0131lmas\u0131na, kayyum atamalar\u0131yla e\u015f ba\u015fkanl\u0131k sisteminin fiilen ortadan kald\u0131r\u0131lmas\u0131na, kad\u0131nlar\u0131n iradesinin yok say\u0131lmas\u0131na ve sava\u015f politikalar\u0131na tepki g\u00f6sterdi.<\/p>\n\n\n\n<p>Van<\/p>\n\n\n\n<p>Van\u2019da \u00d6zg\u00fcr Kad\u0131n Hareketi (Tevgera Jin\u00ean Azad-TJA) \u00f6nc\u00fcl\u00fc\u011f\u00fcnde yap\u0131lan y\u00fcr\u00fcy\u00fc\u015fe DEM Parti Kad\u0131n Meclisi S\u00f6zc\u00fcs\u00fc Halide T\u00fcrko\u011flu, DEM Parti Van Milletvekili Pervin Buldan, Van B\u00fcy\u00fck\u015fehir Belediyesi E\u015f Ba\u015fkan\u0131 Neslihan \u015eedal, Bar\u0131\u015f Anneleri Meclisi \u00fcyeleri, kentteki il\u00e7e belediye E\u015f Ba\u015fkanlar\u0131 ve meclis \u00fcyelerinin yan\u0131 s\u0131ra y\u00fczlerce kad\u0131n kat\u0131ld\u0131. Ayd\u0131n Perihan AVM \u00f6n\u00fcnde bir araya gelen kad\u0131nlar, Kent Meydan\u0131\u2019na y\u00fcr\u00fcd\u00fc.<\/p>\n\n\n\n<p>Y\u00fcr\u00fcy\u00fc\u015fte G\u00fclistan Tara, Rojin Kabai\u015f, Narin G\u00fcran, Deniz Poyraz, Nagihan Akarsel ve Mahsa Amini\u2019nin foto\u011fraflar\u0131 ta\u015f\u0131n\u0131rken s\u0131k s\u0131k \u201cJin, jiyan, azadi\u201d sloganlar\u0131 at\u0131ld\u0131. Kad\u0131nlar \u015fahs\u0131nda toplumlar\u0131n \u00e7\u00f6kertildi\u011fini s\u00f6yleyen Halide T\u00fcrko\u011flu, \u015f\u00f6yle devam etti:<\/p>\n\n\n\n<p>Bu \u00fclkede ya\u015fanan kad\u0131n cinayetlerine bakt\u0131\u011f\u0131m\u0131zda tam bir k\u0131r\u0131m politikas\u0131 var. D\u00fcnyan\u0131n her yerinde ne yaz\u0131k ki kad\u0131nlara y\u00f6nelik bir sava\u015f politikas\u0131 var. Bu sava\u015f\u0131n hedefinde olan kad\u0131nlar hem emekleriyle hem bedenleriyle hem de k\u00fclt\u00fcr ve kimlikleriyle \u015fiddetin hedefindeler. Bu d\u00fczeni kabul etmedi\u011fimizi en kararl\u0131 \u015fekilde en y\u00fcksek sesle ifade ediyoruz. Bize dayat\u0131lan bu d\u00fczeni kabul etmiyoruz. Erkek egemen bu d\u00fczeni kabul etmedi\u011fimiz gibi cinsiyet\u00e7i kad\u0131n d\u00fc\u015fman\u0131 iktidarlar\u0131n politikalar\u0131n\u0131 da te\u015fhir ediyoruz. \u00d6zg\u00fcr ve e\u015fit bir ya\u015famda \u0131srar ediyoruz. Kad\u0131nlara y\u00f6nelik ayr\u0131mc\u0131l\u0131\u011f\u0131n ortadan kald\u0131r\u0131lmas\u0131 gerekiyor. Kad\u0131nlara y\u00f6nelik e\u015fitsizlik politikalar\u0131n\u0131n ortadan kalkmas\u0131 gerekiyor.<\/p>\n\n\n\n<p>Hakkari<\/p>\n\n\n\n<p>Demokratik B\u00f6lgeler Partisi (DBP) Kad\u0131n Meclisi 25 Kas\u0131m dolay\u0131s\u0131yla ve kentteki \u00f6zel sava\u015f politikalar\u0131na kar\u015f\u0131 y\u00fcr\u00fcd\u00fc. Sa\u011fanak ya\u011f\u0131\u015f ve s\u0131f\u0131r derecenin alt\u0131na d\u00fc\u015fen havaya ra\u011fmen devlet hastanesi kav\u015fa\u011f\u0131ndan eski \u00f6\u011fretmenler evine kadar yap\u0131lan y\u00fcr\u00fcy\u00fc\u015fe, DBP Kad\u0131n Meclisi \u00fcyeleri, DEM Parti Hakkari Milletvekili \u00d6znur Bart\u0131n, DEM Parti il ve il\u00e7e kad\u0131n meclisi \u00fcyeleri, Bar\u0131\u015f Anneleri ve \u00e7ok say\u0131da kad\u0131n kat\u0131ld\u0131. Y\u00fcr\u00fcy\u00fc\u015fte katledilen kad\u0131nlar\u0131n foto\u011fraflar\u0131 da ta\u015f\u0131nd\u0131.<\/p>\n\n\n\n<p>Yap\u0131lan a\u00e7\u0131klamada \u015funlar\u0131 s\u00f6yledi:<\/p>\n\n\n\n<p>Gen\u00e7lerimize y\u00f6nelik y\u00fcr\u00fct\u00fclen \u00f6zel sava\u015f politikalar\u0131n\u0131 her alanda te\u015fhir ederek m\u00fccadele edece\u011fiz. \u00d6zel sava\u015fa hi\u00e7bir \u015fekilde ge\u00e7it vermeyece\u011fiz. Her mahalle, sokak ve alanda \u00f6zel sava\u015f\u0131n kirli y\u00fcz\u00fcn\u00fc ortaya \u00e7\u0131karacak buna kar\u015f\u0131 ahlaki ve politik toplumu in\u015fa edece\u011fiz. Bu a\u00e7\u0131klamay\u0131 Hakkari\u2019de yapmam\u0131z\u0131n temel nedeni ise son s\u00fcre\u00e7lerde kentte gen\u00e7ler ve kad\u0131nlara aras\u0131nda fuhu\u015f ve uyu\u015fturucuyu yo\u011funla\u015ft\u0131rmak isteyenlere kar\u015f\u0131 burada oldu\u011fumuzu g\u00f6stermek i\u00e7in bir araya geldik. AKP\u2013MHP iktidar\u0131 gen\u00e7lere y\u00f6nelik kirli politikalar\u0131n \u00f6n\u00fcne ge\u00e7mek yerine aksine tam da derinle\u015ftiriyor. AKP-MHP fa\u015fizminin \u00f6zel sava\u015f politikalar\u0131na kar\u015f\u0131 \u00f6zg\u00fcr iradeli kad\u0131nlar, jin jiyan azadi felsefesi var. Her alanda bu zihniyete kar\u015f\u0131 sonuna dek m\u00fccadele edece\u011fiz.<\/p>\n\n\n\n<p>Kayyum atamalar\u0131n temel nedeni K\u00fcrt halk\u0131n\u0131n diline, k\u00fclt\u00fcr\u00fcne, tarihine sald\u0131rmak ve do\u011fas\u0131n\u0131 tahrip edip haf\u0131zas\u0131n\u0131 yok etmektir. Bunlar\u0131n en a\u00e7\u0131k \u00f6rneklerini son kayy\u0131m atamalar\u0131nda g\u00f6rd\u00fck. Kayyumlar atand\u0131klar\u0131 gibi yapt\u0131klar\u0131 ilk icraat, kad\u0131n kurumlar\u0131n ba\u015f\u0131na erkek m\u00fcd\u00fcrler atamak veya kurumlar\u0131 feshetmek ve K\u00fcrt\u00e7e tabelalar\u0131 s\u00f6kmek oldu. Bu apa\u00e7\u0131k kad\u0131n iradesini tan\u0131mamak ve bu iradeye kar\u015f\u0131 gelmektir. Kayyum uygulamalar\u0131 kad\u0131n iradesini kar\u015f\u0131 bir ad\u0131md\u0131r. T\u00fcm kayyum politikalar\u0131na kar\u015f\u0131 da m\u00fccadelemizi b\u00fcy\u00fctece\u011fiz. Onlar kayyum atad\u0131k\u00e7a halk\u0131m\u0131z daha fazla iradelerine sahip \u00e7\u0131kacakt\u0131r.<\/p>\n\n\n\n<p>Batman<\/p>\n\n\n\n<p>Batman\u2019da Tevgera Jin\u00ean Azad (\u00d6zg\u00fcr Kad\u0131n Hareketi -TJA) \u00f6nc\u00fcl\u00fc\u011f\u00fcnde Y\u0131lmaz G\u00fcney Park\u0131\u2019ndan Bas\u0131n Kav\u015fa\u011f\u0131\u2019na y\u00fcr\u00fcnd\u00fc.<\/p>\n\n\n\n<p>A\u011fr\u0131<\/p>\n\n\n\n<p>A\u011fr\u0131\u2019da DEM Parti A\u011fr\u0131 Milletvekili Nejla Demir, DEM Parti il ve il\u00e7e \u00f6rg\u00fctleri, il ve il\u00e7e belediye e\u015f ba\u015fkanlar\u0131n\u0131n yan\u0131 s\u0131ra \u00e7ok say\u0131da kad\u0131n kat\u0131ld\u0131. DEM Parti A\u011fr\u0131 \u0130l \u00d6rg\u00fct\u00fc binas\u0131ndan \u00e7\u0131kan kad\u0131nlar Cumhuriyet Caddesi\u2019nde polisin engeliyle kar\u015f\u0131la\u015ft\u0131.<\/p>\n\n\n\n<p>Nejla Demir, kad\u0131na y\u00f6nelik \u015fiddete kar\u015f\u0131 alanlarda oldu\u011funu fakat polis engeliyle kar\u015f\u0131 kar\u015f\u0131ya kald\u0131klar\u0131n\u0131 s\u00f6yledi. Demir \u015funlar\u0131 s\u00f6yledi:<\/p>\n\n\n\n<p>Yine kolluk kuvveti zorbal\u0131\u011f\u0131yla kar\u015f\u0131 kar\u015f\u0131yay\u0131z. \u00dclke b\u00fcy\u00fck bir girdab\u0131n i\u00e7indeyken, bir kaos ortam\u0131 s\u00f6z konusuyken, her g\u00fcn kad\u0131nlar, \u00e7ocuklar g\u00fcpeg\u00fcnd\u00fcz sokak ortas\u0131nda erkekler taraf\u0131ndan katlediliyorken bu katliamlar\u0131n failleri yasalarla korunmaktad\u0131r. Biz kad\u0131nlar kad\u0131n haklar\u0131 i\u00e7in sokaklara \u00e7\u0131kmak, y\u00fcr\u00fcy\u00fc\u015f yapmak istedi\u011fimizde ise engelleniyoruz. Hi\u00e7bir g\u00fc\u00e7 halk\u0131n ve kad\u0131nlar\u0131n iradesinin kar\u015f\u0131s\u0131nda duramaz.<\/p>\n\n\n\n<p>Kayyum atamalar\u0131yla e\u015f ba\u015fkanl\u0131k sistemine sald\u0131r\u0131ld\u0131\u011f\u0131na dikkat \u00e7eken Demir, kayyumun da kad\u0131na y\u00f6nelik bir \u015fiddet y\u00f6ntemi oldu\u011funu vurgulad\u0131. Demir, \u201cKayyumcu zihniyeti ve kayyumcu rejimi de k\u0131n\u0131yoruz. Asla kabul etmiyoruz. Yasalarda kad\u0131n ve erkek e\u015fitli\u011fi g\u00f6zetilmedi\u011fi s\u00fcrece toplum \u00f6zg\u00fcrle\u015femez. \u00d6zg\u00fcr bir toplum, d\u00fcnya i\u00e7in onurlu bir ya\u015fam i\u00e7in jin j\u00eeyan azad\u00ee\u201d dedi.<\/p>\n\n\n\n<p>Kaynak: Jinnews, Mezopotamya Ajans\u0131<\/p>\n","protected":false},"excerpt":{"rendered":"<p>25 Kas\u0131m Kad\u0131na Y\u00f6nelik \u015eiddetle M\u00fccadele G\u00fcn\u00fc&#46;&#46;&#46;<\/p>\n","protected":false},"author":3,"featured_media":5330,"comment_status":"closed","ping_status":"open","sticky":false,"template":"","format":"standard","meta":{"footnotes":""},"categories":[5,10],"tags":[],"manset":[],"class_list":["post-5329","post","type-post","status-publish","format-standard","has-post-thumbnail","hentry","category-etkinlikler","category-kadin"],"amp_enabled":true,"_links":{"self":[{"href":"https:\/\/kolektifmucadele1.org\/index.php\/wp-json\/wp\/v2\/posts\/5329","targetHints":{"allow":["GET"]}}],"collection":[{"href":"https:\/\/kolektifmucadele1.org\/index.php\/wp-json\/wp\/v2\/posts"}],"about":[{"href":"https:\/\/kolektifmucadele1.org\/index.php\/wp-json\/wp\/v2\/types\/post"}],"author":[{"embeddable":true,"href":"https:\/\/kolektifmucadele1.org\/index.php\/wp-json\/wp\/v2\/users\/3"}],"replies":[{"embeddable":true,"href":"https:\/\/kolektifmucadele1.org\/index.php\/wp-json\/wp\/v2\/comments?post=5329"}],"version-history":[{"count":1,"href":"https:\/\/kolektifmucadele1.org\/index.php\/wp-json\/wp\/v2\/posts\/5329\/revisions"}],"predecessor-version":[{"id":5331,"href":"https:\/\/kolektifmucadele1.org\/index.php\/wp-json\/wp\/v2\/posts\/5329\/revisions\/5331"}],"wp:featuredmedia":[{"embeddable":true,"href":"https:\/\/kolektifmucadele1.org\/index.php\/wp-json\/wp\/v2\/media\/5330"}],"wp:attachment":[{"href":"https:\/\/kolektifmucadele1.org\/index.php\/wp-json\/wp\/v2\/media?parent=5329"}],"wp:term":[{"taxonomy":"category","embeddable":true,"href":"https:\/\/kolektifmucadele1.org\/index.php\/wp-json\/wp\/v2\/categories?post=5329"},{"taxonomy":"post_tag","embeddable":true,"href":"https:\/\/kolektifmucadele1.org\/index.php\/wp-json\/wp\/v2\/tags?post=5329"},{"taxonomy":"manset","embeddable":true,"href":"https:\/\/kolektifmucadele1.org\/index.php\/wp-json\/wp\/v2\/manset?post=5329"}],"curies":[{"name":"wp","href":"https:\/\/api.w.org\/{rel}","templated":true}]}}