{"id":5355,"date":"2024-11-28T23:00:50","date_gmt":"2024-11-28T20:00:50","guid":{"rendered":"https:\/\/kolektifmucadele1.org\/?p=5355"},"modified":"2024-12-01T19:04:31","modified_gmt":"2024-12-01T16:04:31","slug":"madenciler-ankaraya-yuruyuse-gecti","status":"publish","type":"post","link":"https:\/\/kolektifmucadele1.org\/index.php\/2024\/11\/28\/madenciler-ankaraya-yuruyuse-gecti\/","title":{"rendered":"Madenciler Ankara&#8217;ya y\u00fcr\u00fcy\u00fc\u015fe ge\u00e7ti"},"content":{"rendered":"\n<p>Ankara \u00c7ay\u0131rhan Termik Santrali ve Maden i\u015fletmesi i\u015f\u00e7ileri 9 g\u00fcnd\u00fcr \u00f6zelle\u015ftirme ve varl\u0131k sat\u0131\u015f\u0131na kar\u015f\u0131 s\u00fcrd\u00fcrd\u00fckleri direni\u015fte bug\u00fcn Ankara&#8217;ya y\u00fcr\u00fcy\u00fc\u015fe ge\u00e7ti.<\/p>\n\n\n\n<p>Bu sabah i\u015f\u00e7iler, Hazine ve Maliye Bakanl\u0131\u011f\u0131 \u00d6n\u00fcne, \u00f6zelle\u015ftirme ihalesinin iptali talebiyle y\u00fcr\u00fcy\u00fc\u015fe ge\u00e7mi\u015fken \u00d6zelle\u015ftirme \u0130daresi Ba\u015fkanl\u0131\u011f\u0131 taraf\u0131ndan santral ve madenin 4 Aral\u0131k tarihinde sonlanacak ihale hakk\u0131nda erteleme a\u00e7\u0131klamas\u0131 yap\u0131ld\u0131.<\/p>\n\n\n\n<p>\u00d6zelle\u015ftirme \u0130daresi Ba\u015fkanl\u0131\u011f\u0131&#8217;n\u0131n yay\u0131mlad\u0131\u011f\u0131 a\u00e7\u0131klama ise \u015f\u00f6yle;<\/p>\n\n\n\n<p>\u00c7ay\u0131rhan Termik Santrali ve santrale k\u00f6m\u00fcr temin eden maden sahalar\u0131n\u0131n \u00f6zelle\u015ftirilmesine ili\u015fkin ihale ilan\u0131 17.09.2024 tarihli Resmi Gazete\u2019de yay\u0131nlanm\u0131\u015f ve ihalede son teklif verme tarihi 04.12.2024 olarak belirlenmi\u015ftir.<\/p>\n\n\n\n<p>\u0130daremiz s\u00f6z konusu \u00f6zelle\u015ftirme i\u015fleminin etkin, verimli, \u015feffaf ve hukuka uygun bir \u015fekilde y\u00fcr\u00fct\u00fclmesine azami \u00f6zeni g\u00f6stermektedir. Kamuoyunda g\u00fcndeme getirilen hususlar da dikkate al\u0131narak;<\/p>\n\n\n\n<p>\u0130haleye konu alanlar\u0131n g\u00f6zden ge\u00e7irilerek tekrar de\u011ferlendirilmesi,<\/p>\n\n\n\n<p>\u00c7al\u0131\u015fanlar\u0131m\u0131z\u0131n taleplerinin incelenerek de\u011ferlendirilmesi,<\/p>\n\n\n\n<p>amac\u0131yla s\u00f6z konusu ihalede son teklif verme tarihi 04.03.2025 Sal\u0131 g\u00fcn\u00fc, saat 18:00\u2019a kadar uzat\u0131lm\u0131\u015ft\u0131r.<\/p>\n","protected":false},"excerpt":{"rendered":"<p>Ankara \u00c7ay\u0131rhan Termik Santrali ve Maden i\u015fletmesi&#46;&#46;&#46;<\/p>\n","protected":false},"author":3,"featured_media":5356,"comment_status":"closed","ping_status":"open","sticky":false,"template":"","format":"standard","meta":{"footnotes":""},"categories":[6,5],"tags":[],"manset":[],"class_list":["post-5355","post","type-post","status-publish","format-standard","has-post-thumbnail","hentry","category-emek","category-etkinlikler"],"amp_enabled":true,"_links":{"self":[{"href":"https:\/\/kolektifmucadele1.org\/index.php\/wp-json\/wp\/v2\/posts\/5355","targetHints":{"allow":["GET"]}}],"collection":[{"href":"https:\/\/kolektifmucadele1.org\/index.php\/wp-json\/wp\/v2\/posts"}],"about":[{"href":"https:\/\/kolektifmucadele1.org\/index.php\/wp-json\/wp\/v2\/types\/post"}],"author":[{"embeddable":true,"href":"https:\/\/kolektifmucadele1.org\/index.php\/wp-json\/wp\/v2\/users\/3"}],"replies":[{"embeddable":true,"href":"https:\/\/kolektifmucadele1.org\/index.php\/wp-json\/wp\/v2\/comments?post=5355"}],"version-history":[{"count":1,"href":"https:\/\/kolektifmucadele1.org\/index.php\/wp-json\/wp\/v2\/posts\/5355\/revisions"}],"predecessor-version":[{"id":5357,"href":"https:\/\/kolektifmucadele1.org\/index.php\/wp-json\/wp\/v2\/posts\/5355\/revisions\/5357"}],"wp:featuredmedia":[{"embeddable":true,"href":"https:\/\/kolektifmucadele1.org\/index.php\/wp-json\/wp\/v2\/media\/5356"}],"wp:attachment":[{"href":"https:\/\/kolektifmucadele1.org\/index.php\/wp-json\/wp\/v2\/media?parent=5355"}],"wp:term":[{"taxonomy":"category","embeddable":true,"href":"https:\/\/kolektifmucadele1.org\/index.php\/wp-json\/wp\/v2\/categories?post=5355"},{"taxonomy":"post_tag","embeddable":true,"href":"https:\/\/kolektifmucadele1.org\/index.php\/wp-json\/wp\/v2\/tags?post=5355"},{"taxonomy":"manset","embeddable":true,"href":"https:\/\/kolektifmucadele1.org\/index.php\/wp-json\/wp\/v2\/manset?post=5355"}],"curies":[{"name":"wp","href":"https:\/\/api.w.org\/{rel}","templated":true}]}}