{"id":536,"date":"2023-01-16T00:48:37","date_gmt":"2023-01-15T21:48:37","guid":{"rendered":"https:\/\/kolektifmucadele.org\/2023\/01\/16\/tel-aviv-halki-natenyahu-hukumetini-protesto-etti\/"},"modified":"2023-01-16T00:48:37","modified_gmt":"2023-01-15T21:48:37","slug":"tel-aviv-halki-natenyahu-hukumetini-protesto-etti","status":"publish","type":"post","link":"https:\/\/kolektifmucadele1.org\/index.php\/2023\/01\/16\/tel-aviv-halki-natenyahu-hukumetini-protesto-etti\/","title":{"rendered":"TEL AV\u0130V HALKI , NATENYAHU H\u00dcK\u00dcMET\u0130N\u0130 PROTESTO ETT\u0130"},"content":{"rendered":"\n<p>\u0130srail\u2019de, Tel Aviv kentinde toplanan on binlerce \u0130srailli, Ba\u015fbakan Binyamin Netanyahu h\u00fck\u00fcmetini protesto etti.<\/p>\n\n\n\n<p>\u0130ki haftad\u0131r \u00fcst \u00fcste cumartesi g\u00fcnleri h\u00fck\u00fcmet kar\u015f\u0131t\u0131 g\u00f6sterilere sahne olan Tel Aviv&#8217;in merkezindeki Habima Meydan\u0131&#8217;nda d\u00fczenlenen eyleme \u0130srail polisine g\u00f6re yakla\u015f\u0131k 80 bin \u0130srailli kat\u0131ld\u0131.<\/p>\n\n\n\n<p>Eylemde Netanyahu\u2019ya &#8220;Su\u00e7lu Ba\u015fbakan&#8221; denilirken, Netanyahu\u2019yu istifaya \u00e7a\u011f\u0131rarak, &#8220;\u0130srail diktat\u00f6rl\u00fck de\u011fildir&#8221;, &#8220;Netanyahu tehlikeli, yozla\u015fm\u0131\u015f ve \u0131rk\u00e7\u0131d\u0131r&#8221; ve &#8220;Ben-Gvir ve Smotritch bir felaket&#8221; sloganlar\u0131 at\u0131ld\u0131.<\/p>\n","protected":false},"excerpt":{"rendered":"<p>\u0130srail\u2019de, Tel Aviv kentinde toplanan on binlerce&#46;&#46;&#46;<\/p>\n","protected":false},"author":1,"featured_media":535,"comment_status":"closed","ping_status":"open","sticky":false,"template":"","format":"standard","meta":{"footnotes":""},"categories":[11,5],"tags":[],"manset":[],"class_list":["post-536","post","type-post","status-publish","format-standard","has-post-thumbnail","hentry","category-dunya","category-etkinlikler"],"amp_enabled":true,"_links":{"self":[{"href":"https:\/\/kolektifmucadele1.org\/index.php\/wp-json\/wp\/v2\/posts\/536","targetHints":{"allow":["GET"]}}],"collection":[{"href":"https:\/\/kolektifmucadele1.org\/index.php\/wp-json\/wp\/v2\/posts"}],"about":[{"href":"https:\/\/kolektifmucadele1.org\/index.php\/wp-json\/wp\/v2\/types\/post"}],"author":[{"embeddable":true,"href":"https:\/\/kolektifmucadele1.org\/index.php\/wp-json\/wp\/v2\/users\/1"}],"replies":[{"embeddable":true,"href":"https:\/\/kolektifmucadele1.org\/index.php\/wp-json\/wp\/v2\/comments?post=536"}],"version-history":[{"count":0,"href":"https:\/\/kolektifmucadele1.org\/index.php\/wp-json\/wp\/v2\/posts\/536\/revisions"}],"wp:featuredmedia":[{"embeddable":true,"href":"https:\/\/kolektifmucadele1.org\/index.php\/wp-json\/wp\/v2\/media\/535"}],"wp:attachment":[{"href":"https:\/\/kolektifmucadele1.org\/index.php\/wp-json\/wp\/v2\/media?parent=536"}],"wp:term":[{"taxonomy":"category","embeddable":true,"href":"https:\/\/kolektifmucadele1.org\/index.php\/wp-json\/wp\/v2\/categories?post=536"},{"taxonomy":"post_tag","embeddable":true,"href":"https:\/\/kolektifmucadele1.org\/index.php\/wp-json\/wp\/v2\/tags?post=536"},{"taxonomy":"manset","embeddable":true,"href":"https:\/\/kolektifmucadele1.org\/index.php\/wp-json\/wp\/v2\/manset?post=536"}],"curies":[{"name":"wp","href":"https:\/\/api.w.org\/{rel}","templated":true}]}}