{"id":543,"date":"2023-01-18T06:13:31","date_gmt":"2023-01-18T03:13:31","guid":{"rendered":"https:\/\/kolektifmucadele.org\/2023\/01\/18\/icralik-insan-sayisi-milyonlara-dayandi\/"},"modified":"2023-01-18T06:13:31","modified_gmt":"2023-01-18T03:13:31","slug":"icralik-insan-sayisi-milyonlara-dayandi","status":"publish","type":"post","link":"https:\/\/kolektifmucadele1.org\/index.php\/2023\/01\/18\/icralik-insan-sayisi-milyonlara-dayandi\/","title":{"rendered":"\u0130CRALIK \u0130NSAN SAYISI 1.5 M\u0130LYONA DAYANDI"},"content":{"rendered":"\n<p>Manisa\u2019n\u0131n Turgutlu \u0130l\u00e7esi Derbent Mahallesini ziyaret eden CHP Manisa Milletvekili Bekir Ba\u015fevirgen, yapt\u0131\u011f\u0131 de\u011ferlendirmede bankalar\u0131n ge\u00e7en y\u0131l Ocak-Kas\u0131m d\u00f6neminde 941 bin 552 ki\u015fiyi bireysel kredi borcunu, 831 bin 274 ki\u015fiyi de kredi kart\u0131 borcunu zaman\u0131nda \u00f6deyemedi\u011fi i\u00e7in icra takibine ald\u0131\u011f\u0131n\u0131 belirtti. Ba\u015fevirgen konuya dair yapt\u0131\u011f\u0131 a\u00e7\u0131klamada \u015funlar\u0131 s\u00f6yledi:<\/p>\n\n\n\n<blockquote class=\"wp-block-quote is-layout-flow wp-block-quote-is-layout-flow\">\n<p><em>\u201cGelirleri giderlerini kar\u015f\u0131layamayan yurtta\u015flar krediyle ve kredi kart\u0131yla ya\u015famaya mecbur b\u0131rak\u0131l\u0131yor. S\u00fcrekli artan enflasyon kar\u015f\u0131s\u0131nda eriyen gelir nedeniyle bu bor\u00e7 da \u00f6denemiyor.&nbsp; \u00dclkenin her k\u00f6\u015fesinde durum ayn\u0131. Muhtarl\u0131klara her g\u00fcn icra tebligatlar\u0131 ya\u011f\u0131yor. \u00dclkede toplam 1 milyon 400 bin ki\u015fi bankalara olan borcunu temerr\u00fct s\u00fcresinin sonunda da \u00f6deyemedi\u011fi i\u00e7in icraya verildi. Bankalar taraf\u0131ndan borcunu \u00f6deyemedi\u011fi i\u00e7in Kas\u0131m 2022 sonuna kadar icra takibine al\u0131nan ancak borcunu hen\u00fcz \u00f6deyememi\u015f olan ki\u015fi say\u0131s\u0131 ise 3 milyon 931 bin 298\u2019e \u00e7\u0131kt\u0131.\u201d<\/em><\/p>\n<\/blockquote>\n\n\n\n<p>Ba\u015fevirgen devam\u0131nda \u015funlar\u0131 ifade etti:<\/p>\n\n\n\n<blockquote class=\"wp-block-quote is-layout-flow wp-block-quote-is-layout-flow\">\n<p><em>\u201cBankalara bor\u00e7lanan vatanda\u015flar\u0131n bankalara ve finansman \u015firketlerine olan borcu 2023 y\u0131l\u0131n\u0131n ilk haftas\u0131nda 15,1 milyar lira daha artarak 1 trilyon 589 milyar liraya y\u00fckseldi. Bu borcun 1 trilyon 131 milyar liras\u0131 bireysel kredilerden, 458 milyar liras\u0131 da kredi kart\u0131 bor\u00e7 bakiyelerinden kaynaklan\u0131yor. Son hafta t\u00fcketici kredilerinde 10,4 milyar liral\u0131k, kredi kart\u0131 bor\u00e7lar\u0131nda ise 4,6 milyar liral\u0131k art\u0131\u015f kaydedildi. 942 bin ki\u015fi bireysel kredi borcunu, 831 bin ki\u015fi de kredi kart\u0131 borcunu \u00f6deyemedi. Vatanda\u015f\u0131n borcu g\u0131rtla\u011fa dayand\u0131. \u00dclkenin yar\u0131s\u0131 bor\u00e7 i\u00e7inde ya\u015f\u0131yor.\u201d<\/em><\/p>\n<\/blockquote>\n<\/p>","protected":false},"excerpt":{"rendered":"<p>Manisa\u2019n\u0131n Turgutlu \u0130l\u00e7esi Derbent Mahallesini ziyaret eden&#46;&#46;&#46;<\/p>\n","protected":false},"author":1,"featured_media":542,"comment_status":"closed","ping_status":"open","sticky":false,"template":"","format":"standard","meta":{"footnotes":""},"categories":[5],"tags":[],"manset":[],"class_list":["post-543","post","type-post","status-publish","format-standard","has-post-thumbnail","hentry","category-etkinlikler"],"amp_enabled":true,"_links":{"self":[{"href":"https:\/\/kolektifmucadele1.org\/index.php\/wp-json\/wp\/v2\/posts\/543","targetHints":{"allow":["GET"]}}],"collection":[{"href":"https:\/\/kolektifmucadele1.org\/index.php\/wp-json\/wp\/v2\/posts"}],"about":[{"href":"https:\/\/kolektifmucadele1.org\/index.php\/wp-json\/wp\/v2\/types\/post"}],"author":[{"embeddable":true,"href":"https:\/\/kolektifmucadele1.org\/index.php\/wp-json\/wp\/v2\/users\/1"}],"replies":[{"embeddable":true,"href":"https:\/\/kolektifmucadele1.org\/index.php\/wp-json\/wp\/v2\/comments?post=543"}],"version-history":[{"count":0,"href":"https:\/\/kolektifmucadele1.org\/index.php\/wp-json\/wp\/v2\/posts\/543\/revisions"}],"wp:featuredmedia":[{"embeddable":true,"href":"https:\/\/kolektifmucadele1.org\/index.php\/wp-json\/wp\/v2\/media\/542"}],"wp:attachment":[{"href":"https:\/\/kolektifmucadele1.org\/index.php\/wp-json\/wp\/v2\/media?parent=543"}],"wp:term":[{"taxonomy":"category","embeddable":true,"href":"https:\/\/kolektifmucadele1.org\/index.php\/wp-json\/wp\/v2\/categories?post=543"},{"taxonomy":"post_tag","embeddable":true,"href":"https:\/\/kolektifmucadele1.org\/index.php\/wp-json\/wp\/v2\/tags?post=543"},{"taxonomy":"manset","embeddable":true,"href":"https:\/\/kolektifmucadele1.org\/index.php\/wp-json\/wp\/v2\/manset?post=543"}],"curies":[{"name":"wp","href":"https:\/\/api.w.org\/{rel}","templated":true}]}}