{"id":5479,"date":"2024-12-15T20:45:03","date_gmt":"2024-12-15T17:45:03","guid":{"rendered":"https:\/\/kolektifmucadele1.org\/?p=5479"},"modified":"2024-12-15T20:45:03","modified_gmt":"2024-12-15T17:45:03","slug":"siyonist-israilin-suriyeye-yonelik-saldirilari-devam-ediyor-3-koyu-daha-isgal-etti","status":"publish","type":"post","link":"https:\/\/kolektifmucadele1.org\/index.php\/2024\/12\/15\/siyonist-israilin-suriyeye-yonelik-saldirilari-devam-ediyor-3-koyu-daha-isgal-etti\/","title":{"rendered":"Siyonist \u0130srail&#8217;in Suriye&#8217;ye y\u00f6nelik sald\u0131r\u0131lar\u0131 devam ediyor: 3 k\u00f6y\u00fc daha i\u015fgal etti!"},"content":{"rendered":"\n<p>Siyonist \u0130srail, Be\u015far Esad&#8217;\u0131n devrildi\u011fi ve cihat\u00e7\u0131lar\u0131n y\u00f6netimi ele ge\u00e7irdi\u011fi Suriyede, ba\u015fkent \u015eam ile Humus ve Dera kentlerine hava sald\u0131r\u0131lar\u0131 d\u00fczenledi.<\/p>\n\n\n\n<p>AA&#8217;n\u0131n aktard\u0131\u011f\u0131na g\u00f6re, \u0130srail ordusu Esad&#8217;\u0131n devrilmesinin ard\u0131ndan Suriye topraklar\u0131na sald\u0131r\u0131lar\u0131n\u0131 s\u00fcrd\u00fcr\u00fcyor.<\/p>\n\n\n\n<p>Siyonist ordusuna ait u\u00e7aklar, \u015eam&#8217;\u0131n kuzeyindeki Telmunin b\u00f6lgesi, \u00fclkenin g\u00fcneyinde bulunan Dera kentindeki silah deposu ve Humus \u015fehrini hedef ald\u0131.<\/p>\n\n\n\n<p>Siyonist son olarak, Suriye\u2019nin g\u00fcneyinde yer alan Katana beldesinin Cemle, Mezra Beytelcin ve Megar Mir k\u00f6ylerini de i\u015fgal etti.<\/p>\n\n\n\n<p>Suriye\u2019deki siyasi bo\u015fluk s\u00fcrerken \u0130srail ordusu, HT\u015e \u00f6nc\u00fcl\u00fc\u011f\u00fcndeki cihat\u00e7\u0131 gruplar\u0131n 8 Aral\u0131k\u2019ta ba\u015fkent \u015eam\u2019\u0131n kontrol\u00fcn\u00fc ele ge\u00e7irmesinin ard\u0131ndan 1967\u2019den beri i\u015fgal alt\u0131nda tuttu\u011fu Golan Tepeleri\u2019ndeki tampon b\u00f6lgeye girdi.<\/p>\n\n\n\n<p>Suriye ordusundan kalan askeri altyap\u0131 ve imkanlar\u0131 imha etmeye ba\u015flayan \u0130srail ordusu, Suriye topra\u011f\u0131 olan Golan Tepeleri&#8217;ndeki i\u015fgalini geni\u015fletti.<\/p>\n\n\n\n<p>Golan Tepeleri\u2019nden kuzeye ilerleyen \u0130srail g\u00fc\u00e7leri, Suriye-L\u00fcbnan s\u0131n\u0131r hatt\u0131nda ilerleyi\u015fini s\u00fcrd\u00fcrd\u00fc. \u0130srail tanklar\u0131n\u0131n tampon b\u00f6lgeyi a\u015farak HT\u015e kontrol\u00fcndeki ba\u015fkent \u015eam\u2019\u0131n 25 kilometre kadar yak\u0131ndaki Katana kasabas\u0131na kadar yakla\u015ft\u0131\u011f\u0131 belirtildi.<\/p>\n\n\n\n<p>Siyonist israil, Suriye&#8217;ye ait Golan Tepeleri&#8217;ni 1967&#8217;den bu yana i\u015fgal alt\u0131nda tutuyor. \u0130srail ile Suriye aras\u0131nda 1974&#8217;te imzalanan Kuvvetlerin \u00c7ekilmesi Anla\u015fmas\u0131 ile tampon b\u00f6lge ve silahtan ar\u0131nd\u0131r\u0131lm\u0131\u015f b\u00f6lgenin s\u0131n\u0131rlar\u0131 belirlenmi\u015fti.<\/p>\n","protected":false},"excerpt":{"rendered":"<p>Siyonist \u0130srail, Be\u015far Esad&#8217;\u0131n devrildi\u011fi ve cihat\u00e7\u0131lar\u0131n&#46;&#46;&#46;<\/p>\n","protected":false},"author":3,"featured_media":5480,"comment_status":"open","ping_status":"open","sticky":false,"template":"","format":"standard","meta":{"footnotes":""},"categories":[11,5],"tags":[],"manset":[],"class_list":["post-5479","post","type-post","status-publish","format-standard","has-post-thumbnail","hentry","category-dunya","category-etkinlikler"],"amp_enabled":true,"_links":{"self":[{"href":"https:\/\/kolektifmucadele1.org\/index.php\/wp-json\/wp\/v2\/posts\/5479","targetHints":{"allow":["GET"]}}],"collection":[{"href":"https:\/\/kolektifmucadele1.org\/index.php\/wp-json\/wp\/v2\/posts"}],"about":[{"href":"https:\/\/kolektifmucadele1.org\/index.php\/wp-json\/wp\/v2\/types\/post"}],"author":[{"embeddable":true,"href":"https:\/\/kolektifmucadele1.org\/index.php\/wp-json\/wp\/v2\/users\/3"}],"replies":[{"embeddable":true,"href":"https:\/\/kolektifmucadele1.org\/index.php\/wp-json\/wp\/v2\/comments?post=5479"}],"version-history":[{"count":1,"href":"https:\/\/kolektifmucadele1.org\/index.php\/wp-json\/wp\/v2\/posts\/5479\/revisions"}],"predecessor-version":[{"id":5481,"href":"https:\/\/kolektifmucadele1.org\/index.php\/wp-json\/wp\/v2\/posts\/5479\/revisions\/5481"}],"wp:featuredmedia":[{"embeddable":true,"href":"https:\/\/kolektifmucadele1.org\/index.php\/wp-json\/wp\/v2\/media\/5480"}],"wp:attachment":[{"href":"https:\/\/kolektifmucadele1.org\/index.php\/wp-json\/wp\/v2\/media?parent=5479"}],"wp:term":[{"taxonomy":"category","embeddable":true,"href":"https:\/\/kolektifmucadele1.org\/index.php\/wp-json\/wp\/v2\/categories?post=5479"},{"taxonomy":"post_tag","embeddable":true,"href":"https:\/\/kolektifmucadele1.org\/index.php\/wp-json\/wp\/v2\/tags?post=5479"},{"taxonomy":"manset","embeddable":true,"href":"https:\/\/kolektifmucadele1.org\/index.php\/wp-json\/wp\/v2\/manset?post=5479"}],"curies":[{"name":"wp","href":"https:\/\/api.w.org\/{rel}","templated":true}]}}