{"id":5527,"date":"2024-12-20T23:45:26","date_gmt":"2024-12-20T20:45:26","guid":{"rendered":"https:\/\/kolektifmucadele1.org\/?p=5527"},"modified":"2024-12-20T23:59:59","modified_gmt":"2024-12-20T20:59:59","slug":"almanyada-saldirgan-aracla-pazar-yerine-saldirdi-cok-sayida-yarali-var","status":"publish","type":"post","link":"https:\/\/kolektifmucadele1.org\/index.php\/2024\/12\/20\/almanyada-saldirgan-aracla-pazar-yerine-saldirdi-cok-sayida-yarali-var\/","title":{"rendered":"Almanya&#8217;da sald\u0131rgan ara\u00e7la pazar yerine sald\u0131rd\u0131: \u00c7ok say\u0131da yaral\u0131 var 11 ki\u015fi ya\u015fam\u0131n\u0131 yitirdi"},"content":{"rendered":"\n<p>Almanya&#8217;n\u0131n Magdeburg kentinde, Noel pazar\u0131ndaki kalabal\u0131\u011f\u0131n aras\u0131na ara\u00e7la sald\u0131r\u0131 d\u00fczenlendi onlarca ki\u015fi yaraland\u0131, 11 ki\u015fi hayatini yitirdi.<\/p>\n\n\n\n<p>Alman medyas\u0131nda yer alan haberlerde  bir ki\u015finin, arac\u0131n\u0131 Noel pazar\u0131ndaki kalabal\u0131\u011f\u0131n \u00fczerine s\u00fcrd\u00fc\u011f\u00fc ifade edildi. Sald\u0131r\u0131, Elbe Nehri&#8217;nin yak\u0131n\u0131ndaki Magdeburg Belediye binas\u0131n\u0131n yan\u0131nda kurulan Noel pazar\u0131nda ya\u015fand\u0131.<\/p>\n\n\n\n<p>BILD&#8217;\u0131n aktard\u0131\u011f\u0131na g\u00f6re sald\u0131r\u0131 sonucu 11 ki\u015finin hayat\u0131n\u0131 kaybetti\u011fi ve yakla\u015f\u0131k 80 ki\u015finin yaraland\u0131\u011f\u0131 \u00f6\u011frenildi.<\/p>\n\n\n\n<p>Sald\u0131rgan\u0131n polis taraf\u0131ndan g\u00f6zalt\u0131na al\u0131nd\u0131\u011f\u0131 da bildirildi. \u00d6te yandan Alman bas\u0131n\u0131ndan WELT&#8217;in g\u00fcvenlik \u00e7evrelerinden iddia etti\u011fine g\u00f6re \u015fahs\u0131n 1974 do\u011fumlu Suudi Arabistanl\u0131 bir erkek oldu\u011fu s\u00f6yleniyor.<\/p>\n\n\n\n<p>Noel pazar\u0131n\u0131n kapat\u0131ld\u0131\u011f\u0131 ve insanlardan \u015fehir merkezini terk etmeleri istendi\u011fi belirtildi.<\/p>\n\n\n\n<p>Ba\u015fkent Berlin&#8217;de, 19 Aral\u0131k 2016 g\u00fcn\u00fc Noel pazar\u0131na t\u0131rla sald\u0131r\u0131 d\u00fczenlemi\u015fti. S\u00fcr\u00fcc\u00fcn\u00fcn kalabal\u0131\u011f\u0131n \u00fczerine t\u0131r\u0131 s\u00fcrd\u00fc\u011f\u00fc sald\u0131r\u0131da 12 ki\u015fi \u00f6lm\u00fc\u015f, 48 ki\u015fi yaralanm\u0131\u015ft\u0131. Sald\u0131r\u0131 I\u015e\u0130D \u00f6rg\u00fct\u00fc \u00fcstlenmi\u015fti.<\/p>\n","protected":false},"excerpt":{"rendered":"<p>Almanya&#8217;n\u0131n Magdeburg kentinde, Noel pazar\u0131ndaki kalabal\u0131\u011f\u0131n aras\u0131na&#46;&#46;&#46;<\/p>\n","protected":false},"author":3,"featured_media":5528,"comment_status":"open","ping_status":"open","sticky":false,"template":"","format":"standard","meta":{"footnotes":""},"categories":[11,5],"tags":[],"manset":[],"class_list":["post-5527","post","type-post","status-publish","format-standard","has-post-thumbnail","hentry","category-dunya","category-etkinlikler"],"amp_enabled":true,"_links":{"self":[{"href":"https:\/\/kolektifmucadele1.org\/index.php\/wp-json\/wp\/v2\/posts\/5527","targetHints":{"allow":["GET"]}}],"collection":[{"href":"https:\/\/kolektifmucadele1.org\/index.php\/wp-json\/wp\/v2\/posts"}],"about":[{"href":"https:\/\/kolektifmucadele1.org\/index.php\/wp-json\/wp\/v2\/types\/post"}],"author":[{"embeddable":true,"href":"https:\/\/kolektifmucadele1.org\/index.php\/wp-json\/wp\/v2\/users\/3"}],"replies":[{"embeddable":true,"href":"https:\/\/kolektifmucadele1.org\/index.php\/wp-json\/wp\/v2\/comments?post=5527"}],"version-history":[{"count":2,"href":"https:\/\/kolektifmucadele1.org\/index.php\/wp-json\/wp\/v2\/posts\/5527\/revisions"}],"predecessor-version":[{"id":5531,"href":"https:\/\/kolektifmucadele1.org\/index.php\/wp-json\/wp\/v2\/posts\/5527\/revisions\/5531"}],"wp:featuredmedia":[{"embeddable":true,"href":"https:\/\/kolektifmucadele1.org\/index.php\/wp-json\/wp\/v2\/media\/5528"}],"wp:attachment":[{"href":"https:\/\/kolektifmucadele1.org\/index.php\/wp-json\/wp\/v2\/media?parent=5527"}],"wp:term":[{"taxonomy":"category","embeddable":true,"href":"https:\/\/kolektifmucadele1.org\/index.php\/wp-json\/wp\/v2\/categories?post=5527"},{"taxonomy":"post_tag","embeddable":true,"href":"https:\/\/kolektifmucadele1.org\/index.php\/wp-json\/wp\/v2\/tags?post=5527"},{"taxonomy":"manset","embeddable":true,"href":"https:\/\/kolektifmucadele1.org\/index.php\/wp-json\/wp\/v2\/manset?post=5527"}],"curies":[{"name":"wp","href":"https:\/\/api.w.org\/{rel}","templated":true}]}}