{"id":556,"date":"2023-01-20T08:24:08","date_gmt":"2023-01-20T05:24:08","guid":{"rendered":"https:\/\/kolektifmucadele.org\/2023\/01\/20\/hrant-dink-katledildigi-yerde-anildi-2\/"},"modified":"2023-01-20T08:24:08","modified_gmt":"2023-01-20T05:24:08","slug":"hrant-dink-katledildigi-yerde-anildi-2","status":"publish","type":"post","link":"https:\/\/kolektifmucadele1.org\/index.php\/2023\/01\/20\/hrant-dink-katledildigi-yerde-anildi-2\/","title":{"rendered":"HRANT D\u0130NK , KATLED\u0130L\u0130\u015e\u0130N\u0130N 16. YILINDA ANILDI -2"},"content":{"rendered":"\n<h2 class=\"wp-block-heading\" id=\"Cinayetten-sonra-neler-ya\u015fanm\u0131\u015ft\u0131-\">Cinayetten sonra neler ya\u015fanm\u0131\u015ft\u0131?<\/h2>\n\n\n\n<p>Hrant Dink&#8217;in \u0130stanbul&#8217;un \u015ei\u015fli il\u00e7esinde bulunan Agos gazetesi yak\u0131nlar\u0131nda, ana cadde \u00fczerinde suikasta u\u011framas\u0131ndan k\u0131sa s\u00fcre sonra, g\u00fcvenlik kameras\u0131 kay\u0131tlar\u0131ndan cinayet \u015f\u00fcphelisi tespit edildi.<\/p>\n\n\n\n<p>\u015e\u00fcpheli Og\u00fcn Samast&#8217;\u0131n g\u00f6r\u00fcnt\u00fcleri \u0130stanbul Emniyet M\u00fcd\u00fcrl\u00fc\u011f\u00fc taraf\u0131ndan kamuoyuyla payla\u015f\u0131ld\u0131.<\/p>\n\n\n\n<p>O tarihte 17 ya\u015f\u0131nda olan Samast, suikasttan 36 saat sonra babas\u0131n\u0131n ihbar\u0131 \u00fczerine Trabzon&#8217;a gitmek \u00fczereyken Samsun Otogar\u0131&#8217;nda g\u00f6zalt\u0131na al\u0131nd\u0131.<\/p>\n\n\n\n<p>Samast ile birlikte cinayette kullan\u0131lan silah da ele ge\u00e7irildi. \u0130stanbul Emniyet M\u00fcd\u00fcrl\u00fc\u011f\u00fc, cinayetten k\u0131sa bir s\u00fcre sonra zanl\u0131n\u0131n g\u00f6r\u00fcnt\u00fclerini bas\u0131nla payla\u015ft\u0131.<\/p>\n\n\n\n<p>Anadolu Ajans\u0131, Samast&#8217;\u0131n sorgusunda cinayeti kabul etti\u011fini ancak pi\u015fman olmad\u0131\u011f\u0131n\u0131 s\u00f6yledi\u011fini bildirdi.<\/p>\n\n\n\n<p>Haberlere g\u00f6re, Samast, suikast\u0131 Yasin Hayal&#8217;in talimat\u0131 \u00fczerine i\u015fledi\u011fini de ifade etti. Yasin Hayal&#8217;in ad\u0131 daha \u00f6nce 2004 y\u0131l\u0131nda Trabzon&#8217;da bir fast-food restoran\u0131nda alt\u0131 ki\u015finin yaraland\u0131\u011f\u0131 bombalama olay\u0131na kar\u0131\u015fm\u0131\u015ft\u0131.<\/p>\n\n\n\n<p>Samast&#8217;\u0131n ifadelerinin ard\u0131ndan Hayal de g\u00f6zalt\u0131na al\u0131nd\u0131.Hayal de ifadesinde cinayeti Erhan Tuncel ile birlikte planlad\u0131\u011f\u0131n\u0131 s\u00f6yledi.<\/p>\n\n\n\n<p>Bu ifade \u00fczerine o d\u00f6nem Karadeniz Teknik \u00dcniversitesi \u00f6\u011frencisi olan Tuncel de yakaland\u0131. Tuncel&#8217;in bir d\u00f6nem Trabzon Emniyet M\u00fcd\u00fcrl\u00fc\u011f\u00fc i\u00e7in muhbirlik yapt\u0131\u011f\u0131 ortaya \u00e7\u0131kt\u0131.<\/p>\n\n\n\n<p>Bas\u0131nda, Tuncel ve Hayal&#8217;den Samast&#8217;\u0131n &#8220;a\u011fabeyleri&#8221; olarak bahsedilmi\u015fti.<\/p>\n\n\n\n<p>Samast&#8217;\u0131n Samsun&#8217;da yakaland\u0131ktan birka\u00e7 g\u00fcn sonra baz\u0131 polis memurlar\u0131yla birlikte T\u00fcrkiye bayra\u011f\u0131 \u00f6n\u00fcnde \u00e7ekilmi\u015f g\u00f6r\u00fcnt\u00fcleri bir televizyon kanal\u0131nda yay\u0131mland\u0131.<\/p>\n\n\n\n<p>Bu g\u00f6r\u00fcnt\u00fcler, bir yandan b\u00fcy\u00fck tepki yarat\u0131rken, cinayette kamu g\u00f6revlilerinin rol\u00fc olup olmad\u0131\u011f\u0131na dair sorular\u0131n da daha kuvvetle g\u00fcndeme gelmesine neden oldu.<\/p>\n\n\n\n<p>Hrant Dink&#8217;in e\u015fi Rakel Dink cenaze t\u00f6reninde yapt\u0131\u011f\u0131 konu\u015fmada, &#8220;Ya\u015f\u0131 ka\u00e7 olursa olsun; 17 veya 27, katil kim olursa olsun, bir zamanlar bebek olduklar\u0131n\u0131 biliyorum. Bir bebekten bir katil yaratan karanl\u0131\u011f\u0131 sorgulamadan hi\u00e7bir \u015fey yap\u0131lmaz karde\u015flerim&#8221; diye konu\u015fmu\u015ftu.<\/p>\n","protected":false},"excerpt":{"rendered":"<p>Cinayetten sonra neler ya\u015fanm\u0131\u015ft\u0131? Hrant Dink&#8217;in \u0130stanbul&#8217;un&#46;&#46;&#46;<\/p>\n","protected":false},"author":1,"featured_media":555,"comment_status":"closed","ping_status":"open","sticky":false,"template":"","format":"standard","meta":{"footnotes":""},"categories":[5],"tags":[],"manset":[],"class_list":["post-556","post","type-post","status-publish","format-standard","has-post-thumbnail","hentry","category-etkinlikler"],"amp_enabled":true,"_links":{"self":[{"href":"https:\/\/kolektifmucadele1.org\/index.php\/wp-json\/wp\/v2\/posts\/556","targetHints":{"allow":["GET"]}}],"collection":[{"href":"https:\/\/kolektifmucadele1.org\/index.php\/wp-json\/wp\/v2\/posts"}],"about":[{"href":"https:\/\/kolektifmucadele1.org\/index.php\/wp-json\/wp\/v2\/types\/post"}],"author":[{"embeddable":true,"href":"https:\/\/kolektifmucadele1.org\/index.php\/wp-json\/wp\/v2\/users\/1"}],"replies":[{"embeddable":true,"href":"https:\/\/kolektifmucadele1.org\/index.php\/wp-json\/wp\/v2\/comments?post=556"}],"version-history":[{"count":0,"href":"https:\/\/kolektifmucadele1.org\/index.php\/wp-json\/wp\/v2\/posts\/556\/revisions"}],"wp:featuredmedia":[{"embeddable":true,"href":"https:\/\/kolektifmucadele1.org\/index.php\/wp-json\/wp\/v2\/media\/555"}],"wp:attachment":[{"href":"https:\/\/kolektifmucadele1.org\/index.php\/wp-json\/wp\/v2\/media?parent=556"}],"wp:term":[{"taxonomy":"category","embeddable":true,"href":"https:\/\/kolektifmucadele1.org\/index.php\/wp-json\/wp\/v2\/categories?post=556"},{"taxonomy":"post_tag","embeddable":true,"href":"https:\/\/kolektifmucadele1.org\/index.php\/wp-json\/wp\/v2\/tags?post=556"},{"taxonomy":"manset","embeddable":true,"href":"https:\/\/kolektifmucadele1.org\/index.php\/wp-json\/wp\/v2\/manset?post=556"}],"curies":[{"name":"wp","href":"https:\/\/api.w.org\/{rel}","templated":true}]}}